{"id":985,"date":"2023-05-23T11:26:14","date_gmt":"2023-05-23T15:26:14","guid":{"rendered":"https:\/\/fundinah.org\/?p=985"},"modified":"2023-05-23T11:26:14","modified_gmt":"2023-05-23T15:26:14","slug":"la-poco-conocida-relacion-entre-la-boca-y-la-salud-mental","status":"publish","type":"post","link":"https:\/\/fundinah.org\/index.php\/2023\/05\/23\/la-poco-conocida-relacion-entre-la-boca-y-la-salud-mental\/","title":{"rendered":"La poco conocida relaci\u00f3n entre la boca y la salud mental"},"content":{"rendered":"\n<p class=\"wp-block-paragraph\">Seg\u00fan el ultimo informe sobre la&nbsp;<strong>situaci\u00f3n mundial<\/strong>&nbsp;de la salud bucodental&nbsp;publicado por la Organizaci\u00f3n Mundial de la Salud (OMS), el 45&nbsp;% de la poblaci\u00f3n mundial sufre alguna enfermedad&nbsp;<strong>oral<\/strong>. Argumento de sobra para que visitemos&nbsp;<strong>peri\u00f3dicamente&nbsp;<\/strong>al dentista.<\/p>\n\n\n\n<p class=\"wp-block-paragraph\">Ya sea para hacernos una revisi\u00f3n y&nbsp;<strong>limpieza<\/strong>, o como consecuencia de&nbsp;<strong>caries<\/strong>&nbsp;y ortodoncias, hacemos bien en preocuparnos por la&nbsp;<strong>salud&nbsp;<\/strong>de nuestra boca, porque es un reflejo de nuestra salud general. Y viceversa: el estado de nuestros dientes, enc\u00edas y boca afecta a otros sistemas del organismo. Esta&nbsp;<strong>conexi\u00f3n bidireccional&nbsp;<\/strong>es objeto de estudio por parte de&nbsp;<strong>profesionales&nbsp;<\/strong>de la salud de diversas especialidades, incluida la&nbsp;<strong>salud mental<\/strong>.<\/p>\n\n\n\n<h2 class=\"wp-block-heading\">Estr\u00e9s, depresi\u00f3n y autismo pueden afectar a la salud oral<\/h2>\n\n\n\n<p class=\"wp-block-paragraph\">En general, las personas con&nbsp;<strong>enfermedades mentales<\/strong>&nbsp;tienen&nbsp;peor salud bucodental, con mayor p\u00e9rdida de dientes, necesidad de empastes o&nbsp;<strong>enfermedad de las enc\u00edas<\/strong>. \u00bfA qu\u00e9 se debe esta interrelaci\u00f3n entre salud mental y boca?<\/p>\n\n\n\n<p class=\"wp-block-paragraph\">Son varios los&nbsp;<strong>factores<\/strong>&nbsp;que pueden estar implicados. Por un lado, el estr\u00e9s y la&nbsp;<strong>ansiedad<\/strong>&nbsp;nos llevan a apretar los dientes. El&nbsp;bruxismo provoca un<strong>&nbsp;desgaste&nbsp;<\/strong>y movilidad de los dientes, y sobrecarga los tejidos.<\/p>\n\n\n\n<p class=\"wp-block-paragraph\">En caso de&nbsp;<strong>depresi\u00f3n<\/strong>&nbsp;experimentamos falta de motivaci\u00f3n,&nbsp;<strong>aislamiento social<\/strong>, baja autoestima, fatiga o cansancio y p\u00e9rdida de inter\u00e9s por<strong>&nbsp;actividades habituales<\/strong>. Esta sintomatolog\u00eda puede afectar negativamente a la salud oral, ya que se presta menos atenci\u00f3n a la higiene y el&nbsp;<strong>autocuidado<\/strong>&nbsp;de la boca.<\/p>\n\n\n\n<p class=\"wp-block-paragraph\">En cuanto a los trastornos de la\u00a0<strong>conducta alimentaria<\/strong>, como la bulimia o la anorexia, tambi\u00e9n se reflejan en la boca: una dieta deficitaria o los \u00e1cidos de los v\u00f3mitos provocan que el esmalte dental se\u00a0<strong>debilite<\/strong>\u00a0y aparezcan m\u00e1s caries.<\/p>\n\n\n\n<p class=\"wp-block-paragraph\">Las personas con\u00a0<strong>esquizofrenia\u00a0<\/strong>padecen m\u00e1s patolog\u00eda oral (enfermedad de las enc\u00edas,\u00a0<strong>mayor p\u00e9rdida\u00a0<\/strong>y necesidad de empastes de los dientes) asociada al\u00a0<strong>abuso de tabaco<\/strong>, alcohol y drogas, al descuido de la higiene oral, al comportamiento evasivo y a la\u00a0<strong>dieta rica\u00a0<\/strong>en az\u00facares.<\/p>\n\n\n\n<p class=\"wp-block-paragraph\">En el caso de las personas con trastorno del&nbsp;<strong>espectro autista<\/strong>, la dificultad para tolerar el cuidado de la boca, tanto en casa como en la consulta del<strong>&nbsp;especialista<\/strong>, poca cooperaci\u00f3n o problemas de comunicaci\u00f3n son&nbsp;<strong>factores<\/strong>&nbsp;que podr\u00edan favorecer el&nbsp;<strong>deterioro&nbsp;<\/strong>de la salud oral.<\/p>\n\n\n\n<h2 class=\"wp-block-heading\">Medicamentos que producen sequedad de boca<\/h2>\n\n\n\n<p class=\"wp-block-paragraph\">\u00bfAfectan a la salud oral los tratamientos frente a las&nbsp;<strong>enfermedades mentales<\/strong>? La respuesta es s\u00ed. Aunque los&nbsp;<strong>medicamentos<\/strong>&nbsp;que utilizamos para tratar las enfermedades mentales mejoran significativamente la&nbsp;<strong>calidad de vida<\/strong>&nbsp;de los pacientes no est\u00e1n exentos de&nbsp;<strong>efectos adversos<\/strong>, y algunos de ellos afectan a la boca.<\/p>\n\n\n\n<p class=\"wp-block-paragraph\">Uno de los&nbsp;<strong>efectos indeseados<\/strong>&nbsp;a nivel oral m\u00e1s frecuente es la modificaci\u00f3n de la producci\u00f3n de saliva. Los&nbsp;<strong>f\u00e1rmacos<\/strong>&nbsp;que utilizamos para tratar la depresi\u00f3n, la ansiedad o la esquizofrenia disminuyen el flujo salival&nbsp;(xerostom\u00eda). Esta sequedad de boca afecta a la&nbsp;<strong>ingesta de alimentos<\/strong>&nbsp;y al habla, facilitando adem\u00e1s la aparici\u00f3n de&nbsp;<strong>infecciones<\/strong>. Afortunadamente, la&nbsp;<strong>sequedad de boca&nbsp;<\/strong>producida por los medicamentos es reversible y desaparece al terminar el tratamiento.<\/p>\n\n\n\n<p class=\"wp-block-paragraph\">Otras\u00a0<strong>alteraciones orales<\/strong>\u00a0causadas por la medicaci\u00f3n empleada en el tratamiento de las enfermedades mentales son las alteraciones del gusto, los movimientos involuntarios de la boca y de la\u00a0<strong>lengua<\/strong>\u00a0(discinesias orales), las \u00falceras, as\u00ed como la enfermedad y\/o\u00a0<strong>agrandamiento\u00a0<\/strong>de las enc\u00edas.<\/p>\n\n\n\n<h2 class=\"wp-block-heading\">Mens sana in corpore sano: empecemos por la boca<\/h2>\n\n\n\n<p class=\"wp-block-paragraph\">En general, tenemos interiorizada la necesidad de mantener unos&nbsp;<strong>dientes fuertes&nbsp;<\/strong>y saludables, cepill\u00e1ndolos tras las comidas, y acudiendo a la&nbsp;<strong>consulta odontol\u00f3gica<\/strong>&nbsp;con cierta regularidad. Estos buenos h\u00e1bitos, adem\u00e1s de evitar enfermedades dentro y fuera de la boca, preservan la buena&nbsp;<strong>salud oral<\/strong>, que favorece un estado mental positivo, refuerza la&nbsp;<strong>autoestima&nbsp;<\/strong>y mejora nuestro bienestar.<\/p>\n\n\n\n<p class=\"wp-block-paragraph\">Adem\u00e1s de permitirnos&nbsp;<strong>sonre\u00edr<\/strong>&nbsp;abiertamente.<\/p>\n\n\n\n<p class=\"wp-block-paragraph\"><span style=\"text-decoration: underline;\">Fuente: <\/span><a href=\"https:\/\/www.elcomercio.com\/tendencias\/salud\/poco-conocida-relacion-boca-salud-mental.html\">elcomercio.com<\/a><\/p>\n","protected":false},"excerpt":{"rendered":"<p>Seg\u00fan el ultimo informe sobre la&nbsp;situaci\u00f3n mundial&nbsp;de la salud bucodental&nbsp;publicado por la Organizaci\u00f3n Mundial de la Salud (OMS), el 45&nbsp;% de la poblaci\u00f3n mundial sufre alguna enfermedad&nbsp;oral. Argumento de sobra para que visitemos&nbsp;peri\u00f3dicamente&nbsp;al dentista. Ya sea para hacernos una revisi\u00f3n y&nbsp;limpieza, o como consecuencia de&nbsp;caries&nbsp;y ortodoncias, hacemos bien en preocuparnos por la&nbsp;salud&nbsp;de nuestra boca, porque [&hellip;]<\/p>\n","protected":false},"author":1,"featured_media":986,"comment_status":"open","ping_status":"open","sticky":false,"template":"","format":"standard","meta":{"_crdt_document":"","footnotes":""},"categories":[30],"tags":[],"class_list":["post-985","post","type-post","status-publish","format-standard","has-post-thumbnail","hentry","category-noticias"],"_links":{"self":[{"href":"https:\/\/fundinah.org\/index.php\/wp-json\/wp\/v2\/posts\/985","targetHints":{"allow":["GET"]}}],"collection":[{"href":"https:\/\/fundinah.org\/index.php\/wp-json\/wp\/v2\/posts"}],"about":[{"href":"https:\/\/fundinah.org\/index.php\/wp-json\/wp\/v2\/types\/post"}],"author":[{"embeddable":true,"href":"https:\/\/fundinah.org\/index.php\/wp-json\/wp\/v2\/users\/1"}],"replies":[{"embeddable":true,"href":"https:\/\/fundinah.org\/index.php\/wp-json\/wp\/v2\/comments?post=985"}],"version-history":[{"count":1,"href":"https:\/\/fundinah.org\/index.php\/wp-json\/wp\/v2\/posts\/985\/revisions"}],"predecessor-version":[{"id":987,"href":"https:\/\/fundinah.org\/index.php\/wp-json\/wp\/v2\/posts\/985\/revisions\/987"}],"wp:featuredmedia":[{"embeddable":true,"href":"https:\/\/fundinah.org\/index.php\/wp-json\/wp\/v2\/media\/986"}],"wp:attachment":[{"href":"https:\/\/fundinah.org\/index.php\/wp-json\/wp\/v2\/media?parent=985"}],"wp:term":[{"taxonomy":"category","embeddable":true,"href":"https:\/\/fundinah.org\/index.php\/wp-json\/wp\/v2\/categories?post=985"},{"taxonomy":"post_tag","embeddable":true,"href":"https:\/\/fundinah.org\/index.php\/wp-json\/wp\/v2\/tags?post=985"}],"curies":[{"name":"wp","href":"https:\/\/api.w.org\/{rel}","templated":true}]}}