{"id":971,"date":"2023-05-08T12:29:38","date_gmt":"2023-05-08T16:29:38","guid":{"rendered":"https:\/\/fundinah.org\/?p=971"},"modified":"2023-05-08T12:29:39","modified_gmt":"2023-05-08T16:29:39","slug":"6-cosas-que-un-nino-nunca-olvida-de-un-padre-ausente","status":"publish","type":"post","link":"https:\/\/fundinah.org\/index.php\/2023\/05\/08\/6-cosas-que-un-nino-nunca-olvida-de-un-padre-ausente\/","title":{"rendered":"6 cosas que un ni\u00f1o nunca olvida de un padre ausente"},"content":{"rendered":"\n<p class=\"wp-block-paragraph\">La autoestima de un ni\u00f1o queda herida para siempre cuando tiene un padre ausente y la sensaci\u00f3n de abandono es algo que lo perseguir\u00e1 de por vida<\/p>\n\n\n\n<p class=\"wp-block-paragraph\">Muchas veces erroneamente pensamos que los&nbsp;<a href=\"https:\/\/www.enpareja.com\/seccion\/vida\/\" target=\"_blank\" rel=\"noreferrer noopener\">ni\u00f1os<\/a>&nbsp;no son conscientes de muchas cosas, cuando en realidad sucede lo contrario. De hecho hay algunas cosas que un peque\u00f1o nunca olvida de un&nbsp;<a href=\"https:\/\/www.enpareja.com\/\" target=\"_blank\" rel=\"noreferrer noopener\">padre ausente<\/a>&nbsp;y que lo marca para toda la&nbsp;<strong>vida.<\/strong><\/p>\n\n\n\n<p class=\"wp-block-paragraph\">Cabe se\u00f1alar que la ausencia de un padre suele tener un impacto muy significativo en la vida de un ni\u00f1o. Aunque con frecuencia se piense que los efectos de la<strong>&nbsp;presencia paterna<\/strong>&nbsp;solamente se ven reflejados en la&nbsp;<strong>econom\u00eda<\/strong>, desconociendo que hay much\u00edsimas cosas m\u00e1s en juego.https:\/\/7bcc32e38ded4511136d4aeaf6e726b1.safeframe.googlesyndication.com\/safeframe\/1-0-40\/html\/container.html?n=0<\/p>\n\n\n\n<p class=\"wp-block-paragraph\">La presencia de un padre es de suma importancia para el&nbsp;<strong>desarrollo emocional<\/strong>&nbsp;y&nbsp;<strong>social&nbsp;<\/strong>de un ni\u00f1o. De hecho hay algunas cosas que un peque\u00f1o jam\u00e1s olvidar\u00e1 de acuerdo a varias investigaciones y estudios en el campo de la&nbsp;<strong>psicolog\u00eda infantil<\/strong><\/p>\n\n\n\n<h2 class=\"wp-block-heading\">Qu\u00e9 cosas un ni\u00f1o nunca olvida de un padre ausente<\/h2>\n\n\n\n<p class=\"wp-block-paragraph\"><strong>La falta de atenci\u00f3n y tiempo<\/strong>: Todos los ni\u00f1os necesitan la atenci\u00f3n y el tiempo de sus padres para sentirse amados y valorados. As\u00ed que cuando un padre est\u00e1 ausente, el ni\u00f1o siente que no es importante para esa persona, lo que puede ocasionar en el sentimientos de abandono y rechazo.<\/p>\n\n\n\n<p class=\"wp-block-paragraph\">Te va a interesar:&nbsp;<a href=\"https:\/\/www.enpareja.com\/vida\/La-depresion-tambien-afecta-a-la-ninos-estas-pueden-ser-las-causas-20230406-0021.html\" target=\"_blank\" rel=\"noreferrer noopener\">La depresi\u00f3n tambi\u00e9n afecta a la ni\u00f1os, estas pueden ser las causas<\/a><\/p>\n\n\n\n<p class=\"wp-block-paragraph\">Ante esto, un estudio de la<strong>&nbsp;Universidad de California<\/strong>&nbsp;encontr\u00f3 que los ni\u00f1os que ten\u00edan padres ausentes eran m\u00e1s propensos a tener problemas emocionales y de comportamiento.<\/p>\n\n\n\n<figure class=\"wp-block-image\"><img decoding=\"async\" src=\"https:\/\/www.enpareja.com\/export\/sites\/debate\/img\/2023\/04\/14\/nixos_estres_infantil_causas.jpg_1635375950.jpg\" alt=\"\" title=\"\"\/><figcaption class=\"wp-element-caption\">Efectos de un padre ausente. Foto: Unsplash<\/figcaption><\/figure>\n\n\n\n<p class=\"wp-block-paragraph\"><strong>La falta de un modelo a seguir<\/strong>: Los padres son un modelo a seguir importante para sus hijos. Ya que los ni\u00f1os aprenden mucho de sus padres, desde habilidades hasta valores y actitudes. Por lo tanto cuando un padre esta ausente, los ni\u00f1os pierden ese modelo a seguir.<\/p>\n\n\n\n<p class=\"wp-block-paragraph\">Ante esto, un estudio publicado en el Journal of Research on Adolescence encontr\u00f3 que los ni\u00f1os que ten\u00edan padres ausentes ten\u00edan m\u00e1s probabilidades de tener<strong>&nbsp;problemas acad\u00e9micos<\/strong>&nbsp;y de&nbsp;<strong>comportamiento<\/strong>.<\/p>\n\n\n\n<p class=\"wp-block-paragraph\"><strong>La sensaci\u00f3n de que la ausencia es su culpa<\/strong>: Todos los ni\u00f1os sienten que la ausencia de un padre es por su culpa, en especial cuando hay tensi\u00f3n o conflicto en la relaci\u00f3n de sus padres. Es en este punto cuando los ni\u00f1os pueden pensar que no son lo suficientemente buenos o que hicieron algo mal para que su progenitor se fuera de su lado.<\/p>\n\n\n\n<p class=\"wp-block-paragraph\"><strong>El pensar que no son importantes<\/strong>: La ausencia de un padre es capaz de lograr que un ni\u00f1o sienta que no es lo suficientemente importante para esa persona, lo que puede tener un impacto duradero en la autoestima y autoimagen del ni\u00f1o.<\/p>\n\n\n\n<p class=\"wp-block-paragraph\">Te va a interesar:&nbsp;<a href=\"https:\/\/www.enpareja.com\/confesiones\/4-consejos-para-construir-la-confianza-y-autoestima-en-los-hijos-20230325-0007.html\" target=\"_blank\" rel=\"noreferrer noopener\">4 consejos para construir la confianza y autoestima en los hijos<\/a><\/p>\n\n\n\n<p class=\"wp-block-paragraph\"><strong>Una falta de apoyo emocional constante<\/strong>: Todos los ni\u00f1os necesitan de apoyo emocional para desarrollarse de manera saludable. Por lo que la ausencia de un padre puede hacer que un ni\u00f1o sienta que no tiene ese tipo de apoyo.<\/p>\n\n\n\n<p class=\"wp-block-paragraph\">De hecho un estudio publicado en el Journal of Family Pshychology encontr\u00f3 que los ni\u00f1os que ten\u00edan padres ausentes eran m\u00e1s propensos a tener problemas emocionales como<strong>&nbsp;ansiedad&nbsp;<\/strong>y&nbsp;<strong>depresi\u00f3n<\/strong>. Todo infante necesita saber que tienen un padre en quien puede confiar para apoyarlos emocionalmente y mantenerse involucrados en su vida de manera significativas.<\/p>\n\n\n\n<p class=\"wp-block-paragraph\"><strong>Sentir que nadie los quiere<\/strong>: Cuando un ni\u00f1o es abandonado por su padre crece en \u00e9l la sensaci\u00f3n de que si una persona que deb\u00eda cuidarlo y acompa\u00f1arlo de por vida no quiso hacerlo nadie m\u00e1s lo har\u00e1. Por lo que tendr\u00e1 la sensaci\u00f3n de que no es valioso y no tiene las cualidades suficientes para ser querido.<\/p>\n\n\n\n<figure class=\"wp-block-embed is-type-rich is-provider-gestor-del-servicio wp-block-embed-gestor-del-servicio\"><div class=\"wp-block-embed__wrapper\">\nhttps:\/\/youtube.com\/watch?v=7JM9ODdLPH4%3Fautoplay%3D1%26mute%3D1\n<\/div><\/figure>\n\n\n\n<p class=\"wp-block-paragraph\"><span style=\"text-decoration: underline;\">Fuente: <a href=\"https:\/\/www.enpareja.com\/vida\/6-cosas-que-un-nino-nunca-olvida-de-un-padre-ausente-20230414-0021.html\">enpareja.com<\/a><\/span><\/p>\n","protected":false},"excerpt":{"rendered":"<p>La autoestima de un ni\u00f1o queda herida para siempre cuando tiene un padre ausente y la sensaci\u00f3n de abandono es algo que lo perseguir\u00e1 de por vida Muchas veces erroneamente pensamos que los&nbsp;ni\u00f1os&nbsp;no son conscientes de muchas cosas, cuando en realidad sucede lo contrario. De hecho hay algunas cosas que un peque\u00f1o nunca olvida de [&hellip;]<\/p>\n","protected":false},"author":1,"featured_media":973,"comment_status":"open","ping_status":"open","sticky":false,"template":"","format":"standard","meta":{"_crdt_document":"","footnotes":""},"categories":[30],"tags":[],"class_list":["post-971","post","type-post","status-publish","format-standard","has-post-thumbnail","hentry","category-noticias"],"_links":{"self":[{"href":"https:\/\/fundinah.org\/index.php\/wp-json\/wp\/v2\/posts\/971","targetHints":{"allow":["GET"]}}],"collection":[{"href":"https:\/\/fundinah.org\/index.php\/wp-json\/wp\/v2\/posts"}],"about":[{"href":"https:\/\/fundinah.org\/index.php\/wp-json\/wp\/v2\/types\/post"}],"author":[{"embeddable":true,"href":"https:\/\/fundinah.org\/index.php\/wp-json\/wp\/v2\/users\/1"}],"replies":[{"embeddable":true,"href":"https:\/\/fundinah.org\/index.php\/wp-json\/wp\/v2\/comments?post=971"}],"version-history":[{"count":1,"href":"https:\/\/fundinah.org\/index.php\/wp-json\/wp\/v2\/posts\/971\/revisions"}],"predecessor-version":[{"id":974,"href":"https:\/\/fundinah.org\/index.php\/wp-json\/wp\/v2\/posts\/971\/revisions\/974"}],"wp:featuredmedia":[{"embeddable":true,"href":"https:\/\/fundinah.org\/index.php\/wp-json\/wp\/v2\/media\/973"}],"wp:attachment":[{"href":"https:\/\/fundinah.org\/index.php\/wp-json\/wp\/v2\/media?parent=971"}],"wp:term":[{"taxonomy":"category","embeddable":true,"href":"https:\/\/fundinah.org\/index.php\/wp-json\/wp\/v2\/categories?post=971"},{"taxonomy":"post_tag","embeddable":true,"href":"https:\/\/fundinah.org\/index.php\/wp-json\/wp\/v2\/tags?post=971"}],"curies":[{"name":"wp","href":"https:\/\/api.w.org\/{rel}","templated":true}]}}