{"id":965,"date":"2023-04-24T15:44:42","date_gmt":"2023-04-24T19:44:42","guid":{"rendered":"https:\/\/fundinah.org\/?p=965"},"modified":"2023-04-24T15:44:43","modified_gmt":"2023-04-24T19:44:43","slug":"el-estres-cronico-aumenta-37-las-probabilidades-de-sufrir-problemas-cognitivos-a-partir-de-los-45-anos","status":"publish","type":"post","link":"https:\/\/fundinah.org\/index.php\/2023\/04\/24\/el-estres-cronico-aumenta-37-las-probabilidades-de-sufrir-problemas-cognitivos-a-partir-de-los-45-anos\/","title":{"rendered":"El estr\u00e9s cr\u00f3nico aumenta 37% las probabilidades de sufrir problemas cognitivos a partir de los 45 a\u00f1os"},"content":{"rendered":"\n<h4 class=\"wp-block-heading\">Es la conclusi\u00f3n de un estudio de las universidades de Emory, Drexel, Alabama y Texas sobre m\u00e1s de 24 mil personas que fueron seguidas durante una d\u00e9cada. Las conclusiones se publicaron en la revista JAMA Network Open<\/h4>\n\n\n\n<p class=\"wp-block-paragraph\"><img fetchpriority=\"high\" decoding=\"async\" alt=\"En el estudio, publicado en la revista JAMA Network Open, participaron 24.448 personas, y los investigadores utilizaron pruebas estandarizadas para determinar el estado cognitivo de cada participante (Getty Images)\" height=\"1080\" width=\"1920\" class=\"\" src=\"https:\/\/cloudfront-us-east-1.images.arcpublishing.com\/infobae\/KBQKBWYXF5BO3OSEL42CTFJ2DU.jpg\" srcset=\"https:\/\/www.infobae.com\/new-resizer\/JkSwAaaOosPgWHLmGeTZxUWjk54=\/420x236\/filters:format(webp):quality(85)\/cloudfront-us-east-1.images.arcpublishing.com\/infobae\/KBQKBWYXF5BO3OSEL42CTFJ2DU.jpg 420w,https:\/\/www.infobae.com\/new-resizer\/UTWyOkc7VHb_3AnI5OQyxhc9Jw8=\/768x432\/filters:format(webp):quality(85)\/cloudfront-us-east-1.images.arcpublishing.com\/infobae\/KBQKBWYXF5BO3OSEL42CTFJ2DU.jpg 768w,https:\/\/www.infobae.com\/new-resizer\/ZzCSuOPdRhfU7yt2LtZqqqKZQf4=\/992x558\/filters:format(webp):quality(85)\/cloudfront-us-east-1.images.arcpublishing.com\/infobae\/KBQKBWYXF5BO3OSEL42CTFJ2DU.jpg 992w,https:\/\/www.infobae.com\/new-resizer\/qpx5iFIRHGv1V3v40tI3L7YEm5E=\/1200x675\/filters:format(webp):quality(85)\/cloudfront-us-east-1.images.arcpublishing.com\/infobae\/KBQKBWYXF5BO3OSEL42CTFJ2DU.jpg 1200w,https:\/\/www.infobae.com\/new-resizer\/WFo5H8FN1LvdBWJwXxY2D32jXE4=\/1440x810\/filters:format(webp):quality(85)\/cloudfront-us-east-1.images.arcpublishing.com\/infobae\/KBQKBWYXF5BO3OSEL42CTFJ2DU.jpg 1440w\">En el estudio, publicado en la revista JAMA Network Open, participaron 24.448 personas, y los investigadores utilizaron pruebas estandarizadas para determinar el estado cognitivo de cada participante (Getty Images)<\/p>\n\n\n\n<p class=\"wp-block-paragraph\">Seg\u00fan&nbsp;<a href=\"https:\/\/jamanetwork.com\/journals\/jamanetworkopen\/fullarticle\/2802090?utm_source=silverchair&amp;utm_medium=email&amp;utm_campaign=article_alert-jamanetworkopen&amp;utm_content=wklyforyou&amp;utm_term=030823\" target=\"_blank\" rel=\"noreferrer noopener\">una investigaci\u00f3n&nbsp;<\/a>publicada en la revista&nbsp;<em><strong>JAMA Network Open,<\/strong><\/em>&nbsp;las&nbsp;<strong>personas mayores de 45 a\u00f1os con niveles elevados de estr\u00e9s<\/strong>&nbsp;<strong>tienen un 37% m\u00e1s de probabilidades de sufrir problemas cognitivos,&nbsp;<\/strong>como problemas de memoria y de pensamiento, que las que no est\u00e1n estresadas.<\/p>\n\n\n\n<p class=\"wp-block-paragraph\">Durante m\u00e1s de una d\u00e9cada, el estudio hizo un seguimiento de&nbsp;<strong>24.448 personas<\/strong>&nbsp;que tambi\u00e9n participaban en un estudio continuo a largo plazo sobre la salud cerebral. Peri\u00f3dicamente, los investigadores utilizaron pruebas estandarizadas para determinar el estado cognitivo de cada participante.<\/p>\n\n\n\n<p class=\"wp-block-paragraph\">En la autoevaluaci\u00f3n de los nivel de estr\u00e9s \u2014sentimientos o situaciones que superan la capacidad de afrontarlo\u2014;<strong>&nbsp;alrededor del 23% de los participantes declararon altos niveles de estr\u00e9s.<\/strong><\/p>\n\n\n\n<p class=\"wp-block-paragraph\"><img decoding=\"async\" alt=\"Los altos niveles de estr\u00e9s entre las personas de 45 a\u00f1os o m\u00e1s podr\u00edan aumentar su riesgo de desarrollar deterioro cognitivo, seg\u00fan el estudio (Getty Images)\" height=\"4035\" width=\"6046\" class=\"\" src=\"https:\/\/cloudfront-us-east-1.images.arcpublishing.com\/infobae\/EYEBVHWKQ5EBDHVNN45NJTOVYE.jpg\" srcset=\"https:\/\/www.infobae.com\/new-resizer\/aQo7TuidhOHXI6xRq7NYDFlR1dU=\/420x280\/filters:format(webp):quality(85)\/cloudfront-us-east-1.images.arcpublishing.com\/infobae\/EYEBVHWKQ5EBDHVNN45NJTOVYE.jpg 420w,https:\/\/www.infobae.com\/new-resizer\/_Ni3U8T_t3sgLJj2J7aUxxOpiS8=\/768x512\/filters:format(webp):quality(85)\/cloudfront-us-east-1.images.arcpublishing.com\/infobae\/EYEBVHWKQ5EBDHVNN45NJTOVYE.jpg 768w,https:\/\/www.infobae.com\/new-resizer\/ydLbYEk6G7y91UdaibP0mUZhZp0=\/992x661\/filters:format(webp):quality(85)\/cloudfront-us-east-1.images.arcpublishing.com\/infobae\/EYEBVHWKQ5EBDHVNN45NJTOVYE.jpg 992w,https:\/\/www.infobae.com\/new-resizer\/kyLiJEzwayKcP6XIJz4V3R_p6h4=\/1200x800\/filters:format(webp):quality(85)\/cloudfront-us-east-1.images.arcpublishing.com\/infobae\/EYEBVHWKQ5EBDHVNN45NJTOVYE.jpg 1200w,https:\/\/www.infobae.com\/new-resizer\/2z1qsilpek0zVYGJ3Wg5axHYdcU=\/1440x960\/filters:format(webp):quality(85)\/cloudfront-us-east-1.images.arcpublishing.com\/infobae\/EYEBVHWKQ5EBDHVNN45NJTOVYE.jpg 1440w\">Los altos niveles de estr\u00e9s entre las personas de 45 a\u00f1os o m\u00e1s podr\u00edan aumentar su riesgo de desarrollar deterioro cognitivo, seg\u00fan el estudio (Getty Images)<\/p>\n\n\n\n<p class=\"wp-block-paragraph\">El estr\u00e9s se considera&nbsp;<strong>una reacci\u00f3n natural cuando una persona est\u00e1 bajo presi\u00f3n;<\/strong>&nbsp;a&nbsp;<strong>corto plazo,&nbsp;<\/strong>puede proporcionar una motivaci\u00f3n positiva. Por ejemplo, puede empujar a terminar un proyecto o a pisar el freno para evitar un accidente.<\/p>\n\n\n\n<p class=\"wp-block-paragraph\">Sin embargo, el&nbsp;<strong>estr\u00e9s cr\u00f3nico&nbsp;<\/strong>puede provocar diversos problemas de salud f\u00edsica y mental, como ansiedad, depresi\u00f3n, dolores de cabeza, cardiopat\u00edas, hipertensi\u00f3n, problemas de sue\u00f1o y otros.<\/p>\n\n\n\n<p class=\"wp-block-paragraph\">Las conclusiones de este estudio a\u00f1aden los problemas cognitivos a esa lista, ya que los investigadores determinaron que el riesgo de deterioro cognitivo \u2014tambi\u00e9n conocido como deterioro cognitivo leve o DCL\u2014 era mayor entre los participantes m\u00e1s estresados,<strong>&nbsp;independientemente de la edad, la raza o el sexo.<\/strong><\/p>\n\n\n\n<p class=\"wp-block-paragraph\">La&nbsp;<strong>Asociaci\u00f3n Americana de Psicolog\u00eda<\/strong>&nbsp;(APA, por sus siglas en ingl\u00e9s) se\u00f1al\u00f3 que reducir el estr\u00e9s no s\u00f3lo debe hacernos sentir mejor ahora, sino tambi\u00e9n proteger nuestra salud a largo plazo. La forma de hacerlo var\u00eda de una persona a otra, pero la APA afirm\u00f3 que&nbsp;<strong>hay que empezar por determinar la causa del estr\u00e9s y elaborar un plan para hacerle frente.<\/strong><\/p>\n\n\n\n<p class=\"wp-block-paragraph\"><img decoding=\"async\" alt=\"El deterioro cognitivo es el declive de las funciones cognitivas, ya sea debido a las alteraciones atribuibles al envejecimiento (Getty Images)\" height=\"1080\" width=\"1920\" class=\"\" src=\"https:\/\/cloudfront-us-east-1.images.arcpublishing.com\/infobae\/XPDMTH337JHUDN6ZAY336H2HII.jpg\" srcset=\"https:\/\/www.infobae.com\/new-resizer\/oITziCPlBrT0NbioU1bN3WOsdOA=\/420x236\/filters:format(webp):quality(85)\/cloudfront-us-east-1.images.arcpublishing.com\/infobae\/XPDMTH337JHUDN6ZAY336H2HII.jpg 420w,https:\/\/www.infobae.com\/new-resizer\/bwwKEaLFBMiRi5uh3j14QPCO2R4=\/768x432\/filters:format(webp):quality(85)\/cloudfront-us-east-1.images.arcpublishing.com\/infobae\/XPDMTH337JHUDN6ZAY336H2HII.jpg 768w,https:\/\/www.infobae.com\/new-resizer\/nLA-Z3YfTKhHaeP12Sr11f2YsFs=\/992x558\/filters:format(webp):quality(85)\/cloudfront-us-east-1.images.arcpublishing.com\/infobae\/XPDMTH337JHUDN6ZAY336H2HII.jpg 992w,https:\/\/www.infobae.com\/new-resizer\/y1VjaIz4R4bKPA4FrgajWLV19mk=\/1200x675\/filters:format(webp):quality(85)\/cloudfront-us-east-1.images.arcpublishing.com\/infobae\/XPDMTH337JHUDN6ZAY336H2HII.jpg 1200w,https:\/\/www.infobae.com\/new-resizer\/3WKepnQ12wkRKvUtU2ekUjuN74o=\/1440x810\/filters:format(webp):quality(85)\/cloudfront-us-east-1.images.arcpublishing.com\/infobae\/XPDMTH337JHUDN6ZAY336H2HII.jpg 1440w\">El deterioro cognitivo es el declive de las funciones cognitivas, ya sea debido a las alteraciones atribuibles al envejecimiento (Getty Images)<\/p>\n\n\n\n<p class=\"wp-block-paragraph\">Los Centros para el Control y la Prevenci\u00f3n de Enfermedades de los Estados Unidos (CDC, por sus siglas en ingl\u00e9s) definen el&nbsp;<strong>deterioro cognitivo<\/strong>&nbsp;<strong>cuando una persona tiene problemas para recordar, aprender cosas nuevas, concentrarse o tomar decisiones que afectan a su vida cotidiana.<\/strong>&nbsp;El deterioro cognitivo var\u00eda de leve a grave.<\/p>\n\n\n\n<p class=\"wp-block-paragraph\">\u201cEl estudio podr\u00eda tener importantes aplicaciones cl\u00ednicas, como el cribado peri\u00f3dico del estr\u00e9s entre los adultos mayores de alto riesgo cuando presentan deterioro cognitivo en atenci\u00f3n primaria\u201d, escribieron en el art\u00edculo los investigadores de las universidades de&nbsp;<strong>Emory, Drexel, Alabama y Texas.<\/strong><\/p>\n\n\n\n<p class=\"wp-block-paragraph\">El deterioro cognitivo es tambi\u00e9n<strong>&nbsp;una caracter\u00edstica clave de la enfermedad de Alzheimer y otras demencias.&nbsp;<\/strong>A\u00fan as\u00ed, los investigadores sugirieron realizar m\u00e1s estudios para explorar los mecanismos subyacentes a esta asociaci\u00f3n observada y desarrollar programas de cribado e intervenciones espec\u00edficas para reducir el estr\u00e9s entre los adultos mayores con riesgo de deterioro cognitivo.<\/p>\n\n\n\n<p class=\"wp-block-paragraph\">\u201cSe necesita m\u00e1s investigaci\u00f3n para explorar los mecanismos subyacentes de esta asociaci\u00f3n observada y para desarrollar programas de detecci\u00f3n e intervenciones espec\u00edficas para reducir el estr\u00e9s entre los adultos mayores en riesgo de deterioro cognitivo\u201d, concluyeron.<\/p>\n\n\n\n<h2 class=\"wp-block-heading\">12 h\u00e1bitos para reducir el riesgo de deterioro cognitivo<\/h2>\n\n\n\n<p class=\"wp-block-paragraph\"><img loading=\"lazy\" decoding=\"async\" alt=\"La alimentaci\u00f3n balanceda y el ejercicio f\u00edsico regular disminuyen el deterioro cognitivo (Gettyimages)\n\" height=\"1080\" width=\"1920\" class=\"\" src=\"https:\/\/cloudfront-us-east-1.images.arcpublishing.com\/infobae\/743UXDWQOBBCTFMABOZT2GF3QM.jpg\" srcset=\"https:\/\/www.infobae.com\/new-resizer\/VznFoSSLjT_u2LTiFr0y9xqCvuk=\/420x236\/filters:format(webp):quality(85)\/cloudfront-us-east-1.images.arcpublishing.com\/infobae\/743UXDWQOBBCTFMABOZT2GF3QM.jpg 420w,https:\/\/www.infobae.com\/new-resizer\/vxkY6ye_ZdYYgbZn4FrHwi36prk=\/768x432\/filters:format(webp):quality(85)\/cloudfront-us-east-1.images.arcpublishing.com\/infobae\/743UXDWQOBBCTFMABOZT2GF3QM.jpg 768w,https:\/\/www.infobae.com\/new-resizer\/C5euVZXvFeqDprts9urpth1ayjY=\/992x558\/filters:format(webp):quality(85)\/cloudfront-us-east-1.images.arcpublishing.com\/infobae\/743UXDWQOBBCTFMABOZT2GF3QM.jpg 992w,https:\/\/www.infobae.com\/new-resizer\/ROIfNOkc2mUhkslUHaHMn3i5-4A=\/1200x675\/filters:format(webp):quality(85)\/cloudfront-us-east-1.images.arcpublishing.com\/infobae\/743UXDWQOBBCTFMABOZT2GF3QM.jpg 1200w,https:\/\/www.infobae.com\/new-resizer\/GyCVpxZhMGZOswjjm1olWU085Rw=\/1440x810\/filters:format(webp):quality(85)\/cloudfront-us-east-1.images.arcpublishing.com\/infobae\/743UXDWQOBBCTFMABOZT2GF3QM.jpg 1440w\">La alimentaci\u00f3n balanceda y el ejercicio f\u00edsico regular disminuyen el deterioro cognitivo (Gettyimages)<\/p>\n\n\n\n<p class=\"wp-block-paragraph\">Seg\u00fan la&nbsp;<strong>Alzheimer\u2019s Research UK<\/strong>, la principal organizaci\u00f3n ben\u00e9fica de investigaci\u00f3n de la demencia del Reino Unido, existen&nbsp;<strong>12 h\u00e1bitos para reducir el riesgo de demencia en las personas a cualquier edad, especialmente en el \u00faltimo tercio de vida.<\/strong><\/p>\n\n\n\n<p class=\"wp-block-paragraph\">1- Dormir al menos siete horas por noche<\/p>\n\n\n\n<p class=\"wp-block-paragraph\">2- Desafiar regularmente al cerebro<\/p>\n\n\n\n<p class=\"wp-block-paragraph\">3- Cuidar el bienestar mental<\/p>\n\n\n\n<p class=\"wp-block-paragraph\">4- Mantenerse socialmente activo<\/p>\n\n\n\n<p class=\"wp-block-paragraph\">5- Cuidar la audici\u00f3n<\/p>\n\n\n\n<p class=\"wp-block-paragraph\">6- Comer una dieta balanceada<\/p>\n\n\n\n<p class=\"wp-block-paragraph\">7- Mantenerse f\u00edsicamente activo<\/p>\n\n\n\n<p class=\"wp-block-paragraph\">8- Dejar de fumar<\/p>\n\n\n\n<p class=\"wp-block-paragraph\">9- Beber responsablemente<\/p>\n\n\n\n<p class=\"wp-block-paragraph\">10- Mantener un nivel saludable de colesterol<\/p>\n\n\n\n<p class=\"wp-block-paragraph\">11- Mantener una presi\u00f3n arterial saludable<\/p>\n\n\n\n<p class=\"wp-block-paragraph\">12- Manejar la diabetes lo mejor posible<\/p>\n\n\n\n<p class=\"wp-block-paragraph\"><img loading=\"lazy\" decoding=\"async\" alt=\"La pr\u00e1ctica de h\u00e1bitos saludables como caminar peri\u00f3dicamente, ayuda a prevenir enfermedades f\u00edsicas y mentales (Getty Images)\n\" height=\"1080\" width=\"1920\" class=\"\" src=\"https:\/\/cloudfront-us-east-1.images.arcpublishing.com\/infobae\/X6FDVFG6MNC3PLSH2JESTOCSY4.jpg\" srcset=\"https:\/\/www.infobae.com\/new-resizer\/q-UGmJuSTzle1BWqEKptMdiymcw=\/420x236\/filters:format(webp):quality(85)\/cloudfront-us-east-1.images.arcpublishing.com\/infobae\/X6FDVFG6MNC3PLSH2JESTOCSY4.jpg 420w,https:\/\/www.infobae.com\/new-resizer\/9D10gC2my73UsvVJsn3pJsQ4OxY=\/768x432\/filters:format(webp):quality(85)\/cloudfront-us-east-1.images.arcpublishing.com\/infobae\/X6FDVFG6MNC3PLSH2JESTOCSY4.jpg 768w,https:\/\/www.infobae.com\/new-resizer\/9pg-tk8604ooo2PnagWKFqtKFy0=\/992x558\/filters:format(webp):quality(85)\/cloudfront-us-east-1.images.arcpublishing.com\/infobae\/X6FDVFG6MNC3PLSH2JESTOCSY4.jpg 992w,https:\/\/www.infobae.com\/new-resizer\/Q2hCcuv5PsFNHsRHI-DQWjErFRo=\/1200x675\/filters:format(webp):quality(85)\/cloudfront-us-east-1.images.arcpublishing.com\/infobae\/X6FDVFG6MNC3PLSH2JESTOCSY4.jpg 1200w,https:\/\/www.infobae.com\/new-resizer\/mXG3cHIZnetX5xedRNxKZpV2XMI=\/1440x810\/filters:format(webp):quality(85)\/cloudfront-us-east-1.images.arcpublishing.com\/infobae\/X6FDVFG6MNC3PLSH2JESTOCSY4.jpg 1440w\">La pr\u00e1ctica de h\u00e1bitos saludables como caminar peri\u00f3dicamente, ayuda a prevenir enfermedades f\u00edsicas y mentales (Getty Images)<\/p>\n\n\n\n<p class=\"wp-block-paragraph\">Los cient\u00edficos esperan que al&nbsp;<strong>crear conciencia sobre los factores de riesgo, que cambian a medida que las personas envejecen,&nbsp;<\/strong>puedan tomarse medidas para reducir sus posibilidades de contraer la enfermedad. De hecho, este tipo de patolog\u00edas se convirtieron en el \u201cmayor temor\u201d de las personas con respecto al envejecimiento, seg\u00fan revel\u00f3 el director m\u00e9dico de Alzheimer\u2019s Research UK, el profesor Jonathan Schott.<\/p>\n\n\n\n<p class=\"wp-block-paragraph\">Y si bien un n\u00famero cada vez mayor de personas se someten a pruebas gen\u00e9ticas para conocer las probabilidades de desarrollar alg\u00fan tipo de&nbsp;<strong>trastorno cognitivo<\/strong>, para los especialistas \u201cuna mayor conciencia p\u00fablica sobre los cambios en el estilo de vida podr\u00eda reducir los casos en decenas de miles al a\u00f1o\u201d.<\/p>\n\n\n\n<h2 class=\"wp-block-heading\">El rol de las relaciones cercanas positivas para combatir el estr\u00e9s<\/h2>\n\n\n\n<p class=\"wp-block-paragraph\"><img loading=\"lazy\" decoding=\"async\" alt=\"Una investigaci\u00f3n demostr\u00f3 que los niveles de estr\u00e9s incrementan en personas con relaciones negativas (Getty Images)\" height=\"1080\" width=\"1920\" class=\"\" src=\"https:\/\/cloudfront-us-east-1.images.arcpublishing.com\/infobae\/TJIWBZC2PZEL3DP2TIHYLMDUOI.jpg\" srcset=\"https:\/\/www.infobae.com\/new-resizer\/kHBJHj5jKh1SPsSDhIxMag93EdY=\/420x236\/filters:format(webp):quality(85)\/cloudfront-us-east-1.images.arcpublishing.com\/infobae\/TJIWBZC2PZEL3DP2TIHYLMDUOI.jpg 420w,https:\/\/www.infobae.com\/new-resizer\/Oye0YyOAbWsL_Zzo1SdbnhRyxqQ=\/768x432\/filters:format(webp):quality(85)\/cloudfront-us-east-1.images.arcpublishing.com\/infobae\/TJIWBZC2PZEL3DP2TIHYLMDUOI.jpg 768w,https:\/\/www.infobae.com\/new-resizer\/jppbbpiE8Df2CF1RcpsMqgQ4FrQ=\/992x558\/filters:format(webp):quality(85)\/cloudfront-us-east-1.images.arcpublishing.com\/infobae\/TJIWBZC2PZEL3DP2TIHYLMDUOI.jpg 992w,https:\/\/www.infobae.com\/new-resizer\/Cn4FUWNckUkGasroE-l2VPaUz1E=\/1200x675\/filters:format(webp):quality(85)\/cloudfront-us-east-1.images.arcpublishing.com\/infobae\/TJIWBZC2PZEL3DP2TIHYLMDUOI.jpg 1200w,https:\/\/www.infobae.com\/new-resizer\/7kmTlfVUZHEQ9ErknzeozdiRUyo=\/1440x810\/filters:format(webp):quality(85)\/cloudfront-us-east-1.images.arcpublishing.com\/infobae\/TJIWBZC2PZEL3DP2TIHYLMDUOI.jpg 1440w\">Una investigaci\u00f3n demostr\u00f3 que los niveles de estr\u00e9s incrementan en personas con relaciones negativas (Getty Images)<\/p>\n\n\n\n<p class=\"wp-block-paragraph\">Seg\u00fan una reciente<a href=\"https:\/\/www.infobae.com\/salud\/ciencia\/2023\/04\/12\/las-relaciones-cercanas-positivas-reducen-el-estres-y-mejoran-la-presion-arterial\/\">&nbsp;investigaci\u00f3n,&nbsp;<\/a>publicada en la revista&nbsp;<em><strong>Social Psychological and Personality Science,<\/strong><\/em>&nbsp;los lazos sociales son fundamentales para gestionar las situaciones de tensi\u00f3n, lo que implica un mejor funcionamiento fisiol\u00f3gico de los distintos sistemas del organismo.<\/p>\n\n\n\n<p class=\"wp-block-paragraph\">El an\u00e1lisis revel\u00f3 que tanto las experiencias positivas como las negativas en nuestros lazos sociales contribuyen al estr\u00e9s diario y a la forma en la que lo gestionamos y en sus manifestaciones f\u00edsicas, expresadas en la&nbsp;<strong>presi\u00f3n arterial&nbsp;<\/strong>y el<strong>&nbsp;ritmo card\u00edaco<\/strong>. Adem\u00e1s, no es solo c\u00f3mo nos sentimos acerca de nuestras relaciones en general lo que importa; sino que los&nbsp;<strong>altibajos&nbsp;<\/strong>tambi\u00e9n son importantes.<\/p>\n\n\n\n<p class=\"wp-block-paragraph\">Del an\u00e1lisis de los datos, los investigadores encontraron que, en promedio, las personas con m\u00e1s experiencias positivas y menos experiencias negativas informaron&nbsp;<strong>menor estr\u00e9s<\/strong>, mejor afrontamiento y reactividad de la presi\u00f3n arterial sist\u00f3lica, lo que conduce a un funcionamiento fisiol\u00f3gico superior en la vida diaria.<\/p>\n\n\n\n<p class=\"wp-block-paragraph\">Por el contrario, la&nbsp;<strong>variabilidad<\/strong>, o los altibajos cotidianos surgidos de las experiencias negativas en los v\u00ednculos, como los conflictos, fueron especialmente predictivos de resultados negativos en los mismos \u00edndices.<\/p>\n\n\n\n<p class=\"wp-block-paragraph\">\u201cEste estudio no debe interpretarse como prueba de que las experiencias de relaci\u00f3n tienen efectos fisiol\u00f3gicos. En cambio, los hallazgos contienen asociaciones de la vida diaria que ilustran c\u00f3mo las relaciones y la salud f\u00edsica a menudo se entrelazan\u201d, concluyeron los expertos.<\/p>\n\n\n\n<p class=\"wp-block-paragraph\"><span style=\"text-decoration: underline;\">Fuente: <a href=\"https:\/\/www.infobae.com\/america\/ciencia-america\/2023\/04\/24\/el-estres-cronico-aumentaria-un-37-las-probabilidades-de-sufrir-problemas-cognitivos-a-partir-de-los-45-anos\/\">infobae<\/a><\/span><\/p>\n","protected":false},"excerpt":{"rendered":"<p>Es la conclusi\u00f3n de un estudio de las universidades de Emory, Drexel, Alabama y Texas sobre m\u00e1s de 24 mil personas que fueron seguidas durante una d\u00e9cada. Las conclusiones se publicaron en la revista JAMA Network Open En el estudio, publicado en la revista JAMA Network Open, participaron 24.448 personas, y los investigadores utilizaron pruebas [&hellip;]<\/p>\n","protected":false},"author":1,"featured_media":963,"comment_status":"open","ping_status":"open","sticky":false,"template":"","format":"standard","meta":{"_crdt_document":"","footnotes":""},"categories":[30],"tags":[],"class_list":["post-965","post","type-post","status-publish","format-standard","has-post-thumbnail","hentry","category-noticias"],"_links":{"self":[{"href":"https:\/\/fundinah.org\/index.php\/wp-json\/wp\/v2\/posts\/965","targetHints":{"allow":["GET"]}}],"collection":[{"href":"https:\/\/fundinah.org\/index.php\/wp-json\/wp\/v2\/posts"}],"about":[{"href":"https:\/\/fundinah.org\/index.php\/wp-json\/wp\/v2\/types\/post"}],"author":[{"embeddable":true,"href":"https:\/\/fundinah.org\/index.php\/wp-json\/wp\/v2\/users\/1"}],"replies":[{"embeddable":true,"href":"https:\/\/fundinah.org\/index.php\/wp-json\/wp\/v2\/comments?post=965"}],"version-history":[{"count":1,"href":"https:\/\/fundinah.org\/index.php\/wp-json\/wp\/v2\/posts\/965\/revisions"}],"predecessor-version":[{"id":966,"href":"https:\/\/fundinah.org\/index.php\/wp-json\/wp\/v2\/posts\/965\/revisions\/966"}],"wp:featuredmedia":[{"embeddable":true,"href":"https:\/\/fundinah.org\/index.php\/wp-json\/wp\/v2\/media\/963"}],"wp:attachment":[{"href":"https:\/\/fundinah.org\/index.php\/wp-json\/wp\/v2\/media?parent=965"}],"wp:term":[{"taxonomy":"category","embeddable":true,"href":"https:\/\/fundinah.org\/index.php\/wp-json\/wp\/v2\/categories?post=965"},{"taxonomy":"post_tag","embeddable":true,"href":"https:\/\/fundinah.org\/index.php\/wp-json\/wp\/v2\/tags?post=965"}],"curies":[{"name":"wp","href":"https:\/\/api.w.org\/{rel}","templated":true}]}}