{"id":962,"date":"2023-04-24T15:40:59","date_gmt":"2023-04-24T19:40:59","guid":{"rendered":"https:\/\/fundinah.org\/?p=962"},"modified":"2023-04-24T15:41:00","modified_gmt":"2023-04-24T19:41:00","slug":"que-beneficios-tiene-para-el-corazon-y-el-cerebro-la-psicoterapia-que-se-usa-para-la-depresion","status":"publish","type":"post","link":"https:\/\/fundinah.org\/index.php\/2023\/04\/24\/que-beneficios-tiene-para-el-corazon-y-el-cerebro-la-psicoterapia-que-se-usa-para-la-depresion\/","title":{"rendered":"Qu\u00e9 beneficios tiene para el coraz\u00f3n y el cerebro la psicoterapia que se usa para la depresi\u00f3n"},"content":{"rendered":"\n<h4 class=\"wp-block-heading\">Por primera vez se hizo en el Reino Unido un estudio que investiga la psicoterapia y la probabilidad de padecer enfermedades cardiovasculares en el futuro. Cu\u00e1les fueron los hallazgos de la investigaci\u00f3n llevada a cabo por la Sociedad Europea de Cardiolog\u00eda<\/h4>\n\n\n\n<p class=\"wp-block-paragraph\"><img fetchpriority=\"high\" decoding=\"async\" height=\"1280\" width=\"1920\" srcset=\"https:\/\/www.infobae.com\/new-resizer\/HjfF43G893wFyh2uQVFCelTfgHg=\/420x280\/filters:format(webp):quality(85)\/cloudfront-us-east-1.images.arcpublishing.com\/infobae\/DZ7C4A57MNC6RC5MU7KHFB4VAM.jpg 420w,https:\/\/www.infobae.com\/new-resizer\/BUiZxMf8afVaw1PyQR5fnzR6xXg=\/768x512\/filters:format(webp):quality(85)\/cloudfront-us-east-1.images.arcpublishing.com\/infobae\/DZ7C4A57MNC6RC5MU7KHFB4VAM.jpg 768w,https:\/\/www.infobae.com\/new-resizer\/moH31F7JwkDW4g_hnFQJ04vPZVc=\/992x661\/filters:format(webp):quality(85)\/cloudfront-us-east-1.images.arcpublishing.com\/infobae\/DZ7C4A57MNC6RC5MU7KHFB4VAM.jpg 992w,https:\/\/www.infobae.com\/new-resizer\/_H5k7RgSzdz_E_y1GuD_rNqa3Bk=\/1200x800\/filters:format(webp):quality(85)\/cloudfront-us-east-1.images.arcpublishing.com\/infobae\/DZ7C4A57MNC6RC5MU7KHFB4VAM.jpg 1200w,https:\/\/www.infobae.com\/new-resizer\/PcJdnuiVnr6ZTuHMNI13VjFZTSs=\/1440x960\/filters:format(webp):quality(85)\/cloudfront-us-east-1.images.arcpublishing.com\/infobae\/DZ7C4A57MNC6RC5MU7KHFB4VAM.jpg 1440w\" class=\"\" src=\"https:\/\/cloudfront-us-east-1.images.arcpublishing.com\/infobae\/DZ7C4A57MNC6RC5MU7KHFB4VAM.jpg\" alt=\"Un estudio en el Reino encontr\u00f3 que acceder al tratamiento eficaz de la depresi\u00f3n mediante psicoterapia se asoci\u00f3 con una menor probabilidad de sufrir cardiopat\u00edas y ataque cerebrovascular\/Archivo\">Un estudio en el Reino encontr\u00f3 que acceder al tratamiento eficaz de la depresi\u00f3n mediante psicoterapia se asoci\u00f3 con una menor probabilidad de sufrir cardiopat\u00edas y ataque cerebrovascular\/Archivo<\/p>\n\n\n\n<p class=\"wp-block-paragraph\">La&nbsp;<strong>psicoterapia<\/strong>&nbsp;o tambi\u00e9n llamada \u201c<strong>terapia de conversaci\u00f3n<\/strong>\u201d es una forma de tratamiento para aliviar la angustia emocional y los problemas de&nbsp;<strong>salud mental<\/strong>. Se puede incluir en el tratamiento de las personas con depresi\u00f3n.<\/p>\n\n\n\n<p class=\"wp-block-paragraph\">A trav\u00e9s de una investigaci\u00f3n realizada en el Reino Unido se descubri\u00f3 que el tratamiento eficaz de la&nbsp;<strong>depresi\u00f3n<\/strong>&nbsp;mediante&nbsp;<strong>psicoterapia<\/strong>&nbsp;(como la&nbsp;<strong>terapia cognitivo-conductual<\/strong>) se asocia a una menor probabilidad de sufrir&nbsp;<strong>cardiopat\u00edas, como infartos, y ataque cerebrovascular o ictus<\/strong>&nbsp;(m\u00e1s conocido como&nbsp;<strong>ACV<\/strong>).<\/p>\n\n\n\n<p class=\"wp-block-paragraph\">Los resultados de la investigaci\u00f3n fueron publicados en la revista&nbsp;<a href=\"https:\/\/academic.oup.com\/eurheartj\/advance-article\/doi\/10.1093\/eurheartj\/ehad188\/7097470\" target=\"_blank\" rel=\"noreferrer noopener\"><strong>European Heart Journal<\/strong><\/a>, de la Sociedad Europea de Cardiolog\u00eda (ESC).<\/p>\n\n\n\n<p class=\"wp-block-paragraph\"><img decoding=\"async\" alt=\"El estudio fue difundido en la revista European Heart Journal, de la Sociedad Europea de Cardiolog\u00eda (ESC)\/Archivo\" height=\"1080\" width=\"1920\" class=\"\" src=\"https:\/\/cloudfront-us-east-1.images.arcpublishing.com\/infobae\/CEH6HYFHBZE7JN45QT2PYSIPHE.jpg\" srcset=\"https:\/\/www.infobae.com\/new-resizer\/mSgKiRLQp6fxFn0GxaCyj7k8sbk=\/420x236\/filters:format(webp):quality(85)\/cloudfront-us-east-1.images.arcpublishing.com\/infobae\/CEH6HYFHBZE7JN45QT2PYSIPHE.jpg 420w,https:\/\/www.infobae.com\/new-resizer\/h-6RRAgHgkDllO3nmndsWBLU5QA=\/768x432\/filters:format(webp):quality(85)\/cloudfront-us-east-1.images.arcpublishing.com\/infobae\/CEH6HYFHBZE7JN45QT2PYSIPHE.jpg 768w,https:\/\/www.infobae.com\/new-resizer\/rr2R9SBJXh-hS-uvUUu8wGu9Nws=\/992x558\/filters:format(webp):quality(85)\/cloudfront-us-east-1.images.arcpublishing.com\/infobae\/CEH6HYFHBZE7JN45QT2PYSIPHE.jpg 992w,https:\/\/www.infobae.com\/new-resizer\/3A7MRgyckRa9snO4iZgAchheo4c=\/1200x675\/filters:format(webp):quality(85)\/cloudfront-us-east-1.images.arcpublishing.com\/infobae\/CEH6HYFHBZE7JN45QT2PYSIPHE.jpg 1200w,https:\/\/www.infobae.com\/new-resizer\/vYcU6bTTePTDZFT38x95lgpZXIA=\/1440x810\/filters:format(webp):quality(85)\/cloudfront-us-east-1.images.arcpublishing.com\/infobae\/CEH6HYFHBZE7JN45QT2PYSIPHE.jpg 1440w\">El estudio fue difundido en la revista European Heart Journal, de la Sociedad Europea de Cardiolog\u00eda (ESC)\/Archivo<\/p>\n\n\n\n<p class=\"wp-block-paragraph\">\u201cNuestro estudio sugiere que mejorar la salud mental tambi\u00e9n podr\u00eda ayudar a la salud f\u00edsica, especialmente en los menores de 60 a\u00f1os\u201d, explic\u00f3 la autora del estudio, C\u00e9line El Baou, del<strong>&nbsp;University College de Londres<\/strong>, Reino Unido.<\/p>\n\n\n\n<p class=\"wp-block-paragraph\">\u201cLas personas cuyos s\u00edntomas de depresi\u00f3n mejoraron tras la terapia ten\u00edan entre un 10% y un 15% menos de riesgo de enfermedad cardiovascular que las que no mejoraron. Se encontraron efectos comparables en estudios similares que investigaban dietas bajas en grasas\u201d, agreg\u00f3.<\/p>\n\n\n\n<p class=\"wp-block-paragraph\">La enfermedad cardiovascular es la principal causa de muerte a nivel mundial. Alrededor de 523 millones de personas viv\u00edan con afecciones cardiovasculares en 2019. Tambi\u00e9n se sabe que el riesgo de enfermedad cardiovascular es aproximadamente un 72% mayor entre las personas con trastornos depresivos en comparaci\u00f3n con sus pares sanos.<\/p>\n\n\n\n<p class=\"wp-block-paragraph\"><img decoding=\"async\" alt=\"La depresi\u00f3n es una enfermedad frecuente en todo el mundo, pues se estima que afecta a un 3,8% de la poblaci\u00f3n\/Archivo\" height=\"1080\" width=\"1920\" class=\"\" src=\"https:\/\/cloudfront-us-east-1.images.arcpublishing.com\/infobae\/IDG2TZ4CJBBGPIXYJW3U4GTWHM.jpg\" srcset=\"https:\/\/www.infobae.com\/new-resizer\/-GLYskaDRwFwBwf_I9oe6e2pnbI=\/420x236\/filters:format(webp):quality(85)\/cloudfront-us-east-1.images.arcpublishing.com\/infobae\/IDG2TZ4CJBBGPIXYJW3U4GTWHM.jpg 420w,https:\/\/www.infobae.com\/new-resizer\/lhdO_tginl2sdV8MHaNqkNu5HJg=\/768x432\/filters:format(webp):quality(85)\/cloudfront-us-east-1.images.arcpublishing.com\/infobae\/IDG2TZ4CJBBGPIXYJW3U4GTWHM.jpg 768w,https:\/\/www.infobae.com\/new-resizer\/1sKn--lvyHrOBKQR3qEP4BEzNyg=\/992x558\/filters:format(webp):quality(85)\/cloudfront-us-east-1.images.arcpublishing.com\/infobae\/IDG2TZ4CJBBGPIXYJW3U4GTWHM.jpg 992w,https:\/\/www.infobae.com\/new-resizer\/nG-m1Q-fSEHBK-_dP6KnNvqzLRc=\/1200x675\/filters:format(webp):quality(85)\/cloudfront-us-east-1.images.arcpublishing.com\/infobae\/IDG2TZ4CJBBGPIXYJW3U4GTWHM.jpg 1200w,https:\/\/www.infobae.com\/new-resizer\/5JJtoL4OmTTXNLoyncw7Dgtp65w=\/1440x810\/filters:format(webp):quality(85)\/cloudfront-us-east-1.images.arcpublishing.com\/infobae\/IDG2TZ4CJBBGPIXYJW3U4GTWHM.jpg 1440w\">La depresi\u00f3n es una enfermedad frecuente en todo el mundo, pues se estima que afecta a un 3,8% de la poblaci\u00f3n\/Archivo<\/p>\n\n\n\n<p class=\"wp-block-paragraph\">El estudio llevado a cabo en el Reino Unido fue el primero en investigar si la reducci\u00f3n de los s\u00edntomas de depresi\u00f3n con terapia psicol\u00f3gica se asocia con una menor probabilidad de enfermedad cardiovascular futura.<\/p>\n\n\n\n<p class=\"wp-block-paragraph\">Participaron 636.955 adultos mayores de 45 a\u00f1os que ten\u00edan con depresi\u00f3n y que hab\u00edan completado un curso de terapia psicol\u00f3gica. No padec\u00edan enfermedades cardiovasculares ni demencia. La edad media era de 55 a\u00f1os y el 66% eran mujeres.<\/p>\n\n\n\n<p class=\"wp-block-paragraph\">La informaci\u00f3n sobre el tratamiento psicol\u00f3gico, la incidencia de enfermedades cardiovasculares y la muerte se obtuvo de las bases de datos nacionales de historias m\u00e9dicas electr\u00f3nicas y se vincul\u00f3 a nivel individual.<\/p>\n\n\n\n<p class=\"wp-block-paragraph\"><img loading=\"lazy\" decoding=\"async\" alt=\"En la investigaci\u00f3n participaron 636.955 adultos mayores de 45 a\u00f1os que ten\u00edan con depresi\u00f3n y que hab\u00edan completado un curso de terapia psicol\u00f3gica\/Cr\u00e9dito: Getty\" height=\"1280\" width=\"1920\" class=\"\" src=\"https:\/\/cloudfront-us-east-1.images.arcpublishing.com\/infobae\/Z5LMPCBQTRF73BTK462UCBDQGE.jpg\" srcset=\"https:\/\/www.infobae.com\/new-resizer\/JEw9HLJUEgTGSWddZEHF_ebglAk=\/420x280\/filters:format(webp):quality(85)\/cloudfront-us-east-1.images.arcpublishing.com\/infobae\/Z5LMPCBQTRF73BTK462UCBDQGE.jpg 420w,https:\/\/www.infobae.com\/new-resizer\/LEH5qKvxZucJkJ7yNeWuzkhTqts=\/768x512\/filters:format(webp):quality(85)\/cloudfront-us-east-1.images.arcpublishing.com\/infobae\/Z5LMPCBQTRF73BTK462UCBDQGE.jpg 768w,https:\/\/www.infobae.com\/new-resizer\/3yovQG9VPqUYKqkgPAmK3gvlrJ0=\/992x661\/filters:format(webp):quality(85)\/cloudfront-us-east-1.images.arcpublishing.com\/infobae\/Z5LMPCBQTRF73BTK462UCBDQGE.jpg 992w,https:\/\/www.infobae.com\/new-resizer\/SKptdFRPjSNjP1P6cMdRlNs-Pig=\/1200x800\/filters:format(webp):quality(85)\/cloudfront-us-east-1.images.arcpublishing.com\/infobae\/Z5LMPCBQTRF73BTK462UCBDQGE.jpg 1200w,https:\/\/www.infobae.com\/new-resizer\/BkCfWJqadf20IOCpIYy6ckwl6qY=\/1440x960\/filters:format(webp):quality(85)\/cloudfront-us-east-1.images.arcpublishing.com\/infobae\/Z5LMPCBQTRF73BTK462UCBDQGE.jpg 1440w\">En la investigaci\u00f3n participaron 636.955 adultos mayores de 45 a\u00f1os que ten\u00edan con depresi\u00f3n y que hab\u00edan completado un curso de terapia psicol\u00f3gica\/Cr\u00e9dito: Getty<\/p>\n\n\n\n<p class=\"wp-block-paragraph\">El nivel de depresi\u00f3n se evalu\u00f3 antes y despu\u00e9s de la terapia mediante el Cuestionario de Salud del Paciente-9, que da una puntuaci\u00f3n de 0 (nada) a 3 (casi todos los d\u00edas) para nueve \u00edtems que incluyen poco inter\u00e9s o placer por hacer cosas; sentirse deca\u00eddo, deprimido o desesperanzado; problemas para conciliar el sue\u00f1o o para permanecer dormido, o dormir demasiado; sentirse cansado o con poca energ\u00eda, entre otros s\u00edntomas. La depresi\u00f3n se defini\u00f3 como una puntuaci\u00f3n igual o superior a 10.<\/p>\n\n\n\n<p class=\"wp-block-paragraph\">La mejor\u00eda de la depresi\u00f3n se defini\u00f3 como una reducci\u00f3n de 6 puntos o m\u00e1s en la puntuaci\u00f3n del Cuestionario PHQ-9 y ning\u00fan empeoramiento de la ansiedad (definida como un aumento de 4 puntos o m\u00e1s en la escala del Trastorno de Ansiedad Generalizada) entre el inicio y el final del tratamiento.<\/p>\n\n\n\n<p class=\"wp-block-paragraph\">La ansiedad se incluy\u00f3 en la definici\u00f3n para que el resultado de la terapia no se considerara bueno si la depresi\u00f3n mejoraba pero la ansiedad empeoraba.<\/p>\n\n\n\n<p class=\"wp-block-paragraph\">Se realiz\u00f3 un seguimiento de los pacientes para detectar la aparici\u00f3n de nuevas enfermedades cardiovasculares por cualquier causa, cardiopat\u00edas coronarias, ataques cerebrovasculares y mortalidad por cualquier causa.<\/p>\n\n\n\n<p class=\"wp-block-paragraph\"><img loading=\"lazy\" decoding=\"async\" alt=\"Un ataque cerebrovascular sucede cuando el flujo de sangre a una parte del cerebro se detiene (Getty)\" height=\"1080\" width=\"1920\" class=\"\" src=\"https:\/\/cloudfront-us-east-1.images.arcpublishing.com\/infobae\/Q6NSUK6F4NA2NDNPAW4WMUQRKE.jpg\" srcset=\"https:\/\/www.infobae.com\/new-resizer\/ELVHUarXC8RSxCbBm_S8131g-Jk=\/420x236\/filters:format(webp):quality(85)\/cloudfront-us-east-1.images.arcpublishing.com\/infobae\/Q6NSUK6F4NA2NDNPAW4WMUQRKE.jpg 420w,https:\/\/www.infobae.com\/new-resizer\/74dhK_eFgJBxwfKVoH3IsfpM88w=\/768x432\/filters:format(webp):quality(85)\/cloudfront-us-east-1.images.arcpublishing.com\/infobae\/Q6NSUK6F4NA2NDNPAW4WMUQRKE.jpg 768w,https:\/\/www.infobae.com\/new-resizer\/9Zg1haJIs6qwgATvC9T5wu-WD2k=\/992x558\/filters:format(webp):quality(85)\/cloudfront-us-east-1.images.arcpublishing.com\/infobae\/Q6NSUK6F4NA2NDNPAW4WMUQRKE.jpg 992w,https:\/\/www.infobae.com\/new-resizer\/UPhtZMS6eXIYOhyZTaaHPLeK3tw=\/1200x675\/filters:format(webp):quality(85)\/cloudfront-us-east-1.images.arcpublishing.com\/infobae\/Q6NSUK6F4NA2NDNPAW4WMUQRKE.jpg 1200w,https:\/\/www.infobae.com\/new-resizer\/Ch2dcT5y4uUiJyA9jMahPfniu00=\/1440x810\/filters:format(webp):quality(85)\/cloudfront-us-east-1.images.arcpublishing.com\/infobae\/Q6NSUK6F4NA2NDNPAW4WMUQRKE.jpg 1440w\">Un ataque cerebrovascular sucede cuando el flujo de sangre a una parte del cerebro se detiene (Getty)<\/p>\n\n\n\n<p class=\"wp-block-paragraph\">El seguimiento comenz\u00f3 365 d\u00edas despu\u00e9s de la \u00faltima sesi\u00f3n de terapia y se excluy\u00f3 a los pacientes con un episodio cardiovascular durante este periodo para reducir la probabilidad de que una enfermedad no diagnosticada previamente fuera la causa de la depresi\u00f3n.<\/p>\n\n\n\n<p class=\"wp-block-paragraph\">Durante una mediana de seguimiento de 3,1 a\u00f1os, los s\u00edntomas de depresi\u00f3n mejoraron en 373.623 (59%) participantes y no mejoraron en 263.332 (41%). Se produjeron 49.803 eventos cardiovasculares y 14.125 participantes fallecieron.<\/p>\n\n\n\n<p class=\"wp-block-paragraph\">La mejor\u00eda de la depresi\u00f3n se asoci\u00f3 con un 12%, 11%, 12% y 19% menos de riesgo de cualquier enfermedad cardiovascular, enfermedad coronaria, ictus y mortalidad por todas las causas, respectivamente, frente a la ausencia de mejor\u00eda. Los an\u00e1lisis se ajustaron en funci\u00f3n de las caracter\u00edsticas que pod\u00edan influir en las relaciones, como la edad, el origen \u00e9tnico, el sexo, la privaci\u00f3n socioecon\u00f3mica y otros problemas de salud.<\/p>\n\n\n\n<p class=\"wp-block-paragraph\"><img loading=\"lazy\" decoding=\"async\" alt=\"Se descubri\u00f3 que la mejor\u00eda de la depresi\u00f3n en los pacientes se asoci\u00f3 con un 12%, 11%, 12% y 19% menos de riesgo de cualquier enfermedad cardiovascular, enfermedad coronaria, ictus y mortalidad por todas las causas, respectivamente, frente a la ausencia de mejor\u00eda\/Archivo\" height=\"1920\" width=\"1920\" class=\"\" src=\"https:\/\/cloudfront-us-east-1.images.arcpublishing.com\/infobae\/KGU6XLMIYFE7RHXTAK6DSASFQM.jpg\" srcset=\"https:\/\/www.infobae.com\/new-resizer\/ED-O_29Xcwj71CaxiTk5kQrJYTk=\/420x420\/filters:format(webp):quality(85)\/cloudfront-us-east-1.images.arcpublishing.com\/infobae\/KGU6XLMIYFE7RHXTAK6DSASFQM.jpg 420w,https:\/\/www.infobae.com\/new-resizer\/5YyaJ17uDXo0OpRnPbA6risBZj0=\/768x768\/filters:format(webp):quality(85)\/cloudfront-us-east-1.images.arcpublishing.com\/infobae\/KGU6XLMIYFE7RHXTAK6DSASFQM.jpg 768w,https:\/\/www.infobae.com\/new-resizer\/G7wq414nbIeP2fiWPQQc1wDlg7U=\/992x992\/filters:format(webp):quality(85)\/cloudfront-us-east-1.images.arcpublishing.com\/infobae\/KGU6XLMIYFE7RHXTAK6DSASFQM.jpg 992w,https:\/\/www.infobae.com\/new-resizer\/9Y5dAfQExbx6J6MDA2gm6j77A-U=\/1200x1200\/filters:format(webp):quality(85)\/cloudfront-us-east-1.images.arcpublishing.com\/infobae\/KGU6XLMIYFE7RHXTAK6DSASFQM.jpg 1200w,https:\/\/www.infobae.com\/new-resizer\/j7foXRaaZXOrT4QUW2-QY3xdvdQ=\/1440x1440\/filters:format(webp):quality(85)\/cloudfront-us-east-1.images.arcpublishing.com\/infobae\/KGU6XLMIYFE7RHXTAK6DSASFQM.jpg 1440w\">Se descubri\u00f3 que la mejor\u00eda de la depresi\u00f3n en los pacientes se asoci\u00f3 con un 12%, 11%, 12% y 19% menos de riesgo de cualquier enfermedad cardiovascular, enfermedad coronaria, ictus y mortalidad por todas las causas, respectivamente, frente a la ausencia de mejor\u00eda\/Archivo<\/p>\n\n\n\n<p class=\"wp-block-paragraph\">Todas las asociaciones fueron mayores en las personas de 45 a 60 a\u00f1os, para quienes la mejor\u00eda de la depresi\u00f3n se relacion\u00f3 con un descenso del 15% en el riesgo de enfermedad cardiovascular en comparaci\u00f3n con la ausencia de mejor\u00eda; la cifra equivalente para los mayores de 60 a\u00f1os fue del 6%.<\/p>\n\n\n\n<p class=\"wp-block-paragraph\">Adem\u00e1s, en las personas de 45 a 60 a\u00f1os con depresi\u00f3n mejorada, la probabilidad de muerte durante el seguimiento disminuy\u00f3 un 22% en comparaci\u00f3n con las que no mejoraron, mientras que en las mayores de 60 a\u00f1os la reducci\u00f3n fue del 15%.<\/p>\n\n\n\n<p class=\"wp-block-paragraph\">Seg\u00fan la doctora El Baou, \u201clos resultados concuerdan con investigaciones anteriores que sugieren que las intervenciones para modificar los factores de riesgo de las enfermedades cardiovasculares son m\u00e1s eficaces a una edad m\u00e1s temprana. Esto pone de relieve el valor de recibir ayuda pronto para obtener el m\u00e1ximo beneficio\u201d.<\/p>\n\n\n\n<p class=\"wp-block-paragraph\"><img loading=\"lazy\" decoding=\"async\" alt=\"El estudio visibiliza la importancia de acceder de manera temprana a la terapia de la depresi\u00f3n para reducir el riesgo cardiovascular\/Archivo\" height=\"1281\" width=\"1920\" class=\"\" src=\"https:\/\/cloudfront-us-east-1.images.arcpublishing.com\/infobae\/TMORVKANAJFVHLW3EXCAAG6V2Q.jpg\" srcset=\"https:\/\/www.infobae.com\/new-resizer\/Hu1qGDxr4KWJOCLdXGJ-vzFY52o=\/420x280\/filters:format(webp):quality(85)\/cloudfront-us-east-1.images.arcpublishing.com\/infobae\/TMORVKANAJFVHLW3EXCAAG6V2Q.jpg 420w,https:\/\/www.infobae.com\/new-resizer\/oRHAGqvtamjA_iaYdW9TWxFVkKQ=\/768x512\/filters:format(webp):quality(85)\/cloudfront-us-east-1.images.arcpublishing.com\/infobae\/TMORVKANAJFVHLW3EXCAAG6V2Q.jpg 768w,https:\/\/www.infobae.com\/new-resizer\/1YjTK_GyFv3KqpxjqL7I5QvyYP8=\/992x661\/filters:format(webp):quality(85)\/cloudfront-us-east-1.images.arcpublishing.com\/infobae\/TMORVKANAJFVHLW3EXCAAG6V2Q.jpg 992w,https:\/\/www.infobae.com\/new-resizer\/t6EfPXDFCbtlHPk4Hp4rrKw2tcA=\/1200x800\/filters:format(webp):quality(85)\/cloudfront-us-east-1.images.arcpublishing.com\/infobae\/TMORVKANAJFVHLW3EXCAAG6V2Q.jpg 1200w,https:\/\/www.infobae.com\/new-resizer\/uSiVARm_pavvouXSa2fJb07U9E4=\/1440x960\/filters:format(webp):quality(85)\/cloudfront-us-east-1.images.arcpublishing.com\/infobae\/TMORVKANAJFVHLW3EXCAAG6V2Q.jpg 1440w\">El estudio visibiliza la importancia de acceder de manera temprana a la terapia de la depresi\u00f3n para reducir el riesgo cardiovascular\/Archivo<\/p>\n\n\n\n<p class=\"wp-block-paragraph\">Reconocieron que que los resultados no prueban definitivamente que la reducci\u00f3n de las enfermedades cardiovasculares se debiera al alivio de la depresi\u00f3n. Adem\u00e1s, faltaban datos sobre comportamientos relacionados con el estilo de vida, como el tabaquismo y la inactividad, que podr\u00edan aumentar la susceptibilidad a las enfermedades cardiovasculares y limitar el efecto del tratamiento psicol\u00f3gico.<\/p>\n\n\n\n<p class=\"wp-block-paragraph\">\u201cNuestras conclusiones subrayan la importancia de ampliar la disponibilidad y accesibilidad de los tratamientos psicol\u00f3gicos para mejorar la salud mental y f\u00edsica. Esto es especialmente relevante para determinados grupos que se enfrentan a barreras para acceder a terapias psicol\u00f3gicas y tienen un mayor riesgo de padecer enfermedades cardiovasculares\u201d afirm\u00f3.<\/p>\n\n\n\n<p class=\"wp-block-paragraph\">Los sistemas de atenci\u00f3n colaborativa en los que colaboran especialistas de ambas disciplinas (psicolog\u00eda y cardiolog\u00eda) podr\u00edan ser una forma de hacer m\u00e1s accesible el tratamiento y obtener mejores resultados en general, sostuvo.<\/p>\n\n\n\n<h2 class=\"wp-block-heading\">La mirada de un experto argentino<\/h2>\n\n\n\n<p class=\"wp-block-paragraph\"><img loading=\"lazy\" decoding=\"async\" alt=\"La actividad f\u00edsica tambi\u00e9n debe ser parte del tratamiento de la depresi\u00f3n (Getty)\" height=\"1080\" width=\"1920\" class=\"\" src=\"https:\/\/cloudfront-us-east-1.images.arcpublishing.com\/infobae\/IHTEC7MJ4VCYBDJ6YLMAB5KJDY.jpg\" srcset=\"https:\/\/www.infobae.com\/new-resizer\/hHfHEMcScw1l_csoP6nGnDaet3Q=\/420x236\/filters:format(webp):quality(85)\/cloudfront-us-east-1.images.arcpublishing.com\/infobae\/IHTEC7MJ4VCYBDJ6YLMAB5KJDY.jpg 420w,https:\/\/www.infobae.com\/new-resizer\/O5-GTKp5r8kNDYi-97udg8MCY5A=\/768x432\/filters:format(webp):quality(85)\/cloudfront-us-east-1.images.arcpublishing.com\/infobae\/IHTEC7MJ4VCYBDJ6YLMAB5KJDY.jpg 768w,https:\/\/www.infobae.com\/new-resizer\/oqwsgQFXfJThzKt1FqgKWJbp2c4=\/992x558\/filters:format(webp):quality(85)\/cloudfront-us-east-1.images.arcpublishing.com\/infobae\/IHTEC7MJ4VCYBDJ6YLMAB5KJDY.jpg 992w,https:\/\/www.infobae.com\/new-resizer\/ITDRWjwivHMmXXwXNPH-4EPE0TM=\/1200x675\/filters:format(webp):quality(85)\/cloudfront-us-east-1.images.arcpublishing.com\/infobae\/IHTEC7MJ4VCYBDJ6YLMAB5KJDY.jpg 1200w,https:\/\/www.infobae.com\/new-resizer\/u3rCUUNcqWdRZqkaXSWKiTcv4yg=\/1440x810\/filters:format(webp):quality(85)\/cloudfront-us-east-1.images.arcpublishing.com\/infobae\/IHTEC7MJ4VCYBDJ6YLMAB5KJDY.jpg 1440w\">La actividad f\u00edsica tambi\u00e9n debe ser parte del tratamiento de la depresi\u00f3n (Getty)<\/p>\n\n\n\n<p class=\"wp-block-paragraph\">\u201cLa depresi\u00f3n es un factor de riesgo cardiovascular independiente. Esto quiere decir que, m\u00e1s all\u00e1 de las condiciones de vida de las personas con depresi\u00f3n, como el sedentarismo, el tabaquismo, o el sobrepeso- la depresi\u00f3n per se aumenta el riesgo cardiovascular\u201d, dijo a&nbsp;<strong>Infobae<\/strong>&nbsp;el doctor&nbsp;<strong>Marcelo Cetkovich<\/strong>, m\u00e9dico psiquiatra y director m\u00e9dico de&nbsp;<strong>Ineco&nbsp;<\/strong>en Argentina.<\/p>\n\n\n\n<p class=\"wp-block-paragraph\">\u201cLos mecanismos son complejos e incluyen la activaci\u00f3n del eje hipot\u00e1lamo-hip\u00f3fisis-suprarrenal, citoquinas proinflamatorias, activaci\u00f3n auton\u00f3mica, entre otros. Entonces, todo lo que mejore el estado de \u00e1nimo deber\u00eda mejorar el riesgo cardiovascular. Las conclusiones del trabajo realizado en el Reino Unido son contundentes\u201d, sostuvo el m\u00e9dico psiquiatra despu\u00e9s de leer el estudio publicado en la revista&nbsp;<em><strong>European Heart Journal<\/strong><\/em>.<\/p>\n\n\n\n<p class=\"wp-block-paragraph\">\u201cLos resultados no dicen que la psicoterapia mejora el riesgo cardiovascular, sino que los pacientes que mejoraron de la depresi\u00f3n lo hicieron y concluyen que la psicoterapia podr\u00eda intervenir. Si pensamos que uno de los abordajes actuales de la depresi\u00f3n en psicoterapia cognitiva es la activaci\u00f3n conductual, que incluye actividad f\u00edsica, todo tiene sentido\u201d, afirm\u00f3 Cetkovich.<\/p>\n\n\n\n<p class=\"wp-block-paragraph\"><span style=\"text-decoration: underline;\">Fuente: <a href=\"https:\/\/www.infobae.com\/america\/ciencia-america\/2023\/04\/24\/que-beneficios-tiene-para-el-corazon-y-el-cerebro-la-psicoterapia-que-se-usa-para-la-depresion\/\">infobae<\/a><\/span><\/p>\n","protected":false},"excerpt":{"rendered":"<p>Por primera vez se hizo en el Reino Unido un estudio que investiga la psicoterapia y la probabilidad de padecer enfermedades cardiovasculares en el futuro. Cu\u00e1les fueron los hallazgos de la investigaci\u00f3n llevada a cabo por la Sociedad Europea de Cardiolog\u00eda Un estudio en el Reino encontr\u00f3 que acceder al tratamiento eficaz de la depresi\u00f3n [&hellip;]<\/p>\n","protected":false},"author":1,"featured_media":963,"comment_status":"open","ping_status":"open","sticky":false,"template":"","format":"standard","meta":{"_crdt_document":"","footnotes":""},"categories":[30],"tags":[],"class_list":["post-962","post","type-post","status-publish","format-standard","has-post-thumbnail","hentry","category-noticias"],"_links":{"self":[{"href":"https:\/\/fundinah.org\/index.php\/wp-json\/wp\/v2\/posts\/962","targetHints":{"allow":["GET"]}}],"collection":[{"href":"https:\/\/fundinah.org\/index.php\/wp-json\/wp\/v2\/posts"}],"about":[{"href":"https:\/\/fundinah.org\/index.php\/wp-json\/wp\/v2\/types\/post"}],"author":[{"embeddable":true,"href":"https:\/\/fundinah.org\/index.php\/wp-json\/wp\/v2\/users\/1"}],"replies":[{"embeddable":true,"href":"https:\/\/fundinah.org\/index.php\/wp-json\/wp\/v2\/comments?post=962"}],"version-history":[{"count":1,"href":"https:\/\/fundinah.org\/index.php\/wp-json\/wp\/v2\/posts\/962\/revisions"}],"predecessor-version":[{"id":964,"href":"https:\/\/fundinah.org\/index.php\/wp-json\/wp\/v2\/posts\/962\/revisions\/964"}],"wp:featuredmedia":[{"embeddable":true,"href":"https:\/\/fundinah.org\/index.php\/wp-json\/wp\/v2\/media\/963"}],"wp:attachment":[{"href":"https:\/\/fundinah.org\/index.php\/wp-json\/wp\/v2\/media?parent=962"}],"wp:term":[{"taxonomy":"category","embeddable":true,"href":"https:\/\/fundinah.org\/index.php\/wp-json\/wp\/v2\/categories?post=962"},{"taxonomy":"post_tag","embeddable":true,"href":"https:\/\/fundinah.org\/index.php\/wp-json\/wp\/v2\/tags?post=962"}],"curies":[{"name":"wp","href":"https:\/\/api.w.org\/{rel}","templated":true}]}}