{"id":956,"date":"2023-04-17T11:36:37","date_gmt":"2023-04-17T15:36:37","guid":{"rendered":"https:\/\/fundinah.org\/?p=956"},"modified":"2023-04-17T11:39:52","modified_gmt":"2023-04-17T15:39:52","slug":"por-que-alguien-fingiria-estar-enfermo-todo-sobre-el-sindrome-de-munchausen","status":"publish","type":"post","link":"https:\/\/fundinah.org\/index.php\/2023\/04\/17\/por-que-alguien-fingiria-estar-enfermo-todo-sobre-el-sindrome-de-munchausen\/","title":{"rendered":"\u00bfPor qu\u00e9 alguien fingir\u00eda estar enfermo? Todo sobre el s\u00edndrome de Munchausen"},"content":{"rendered":"\n<h4 class=\"wp-block-heading\">Tambi\u00e9n conocido como trastorno facticio (con enga\u00f1o) lleva a estos pacientes a realizarse pruebas peligrosas<\/h4>\n\n\n\n<p class=\"wp-block-paragraph\"><em>12 DE ABRIL DE 2023 &#8211; 16:38 CESTPOR\u00a0<a href=\"https:\/\/www.hola.com\/tags\/nuria-safont\/\">NURIA SAFONT<\/a><\/em><\/p>\n\n\n\n<p class=\"wp-block-paragraph\">El&nbsp;<strong>s\u00edndrome de Munchausen (S.M.)<\/strong>&nbsp;es un<strong>&nbsp;trastorno mental<\/strong>&nbsp;en el que una persona simula o&nbsp;<a href=\"https:\/\/www.hola.com\/estar-bien\/20190117135854\/buscar-informacion-medica-en-internet-obesion\/\"><strong>exagera s\u00edntomas de una enfermedad<\/strong>&nbsp;<\/a>para llamar la atenci\u00f3n u obtener un beneficio secundario, como atenci\u00f3n m\u00e9dica o cuidados de enfermer\u00eda.<\/p>\n\n\n\n<p class=\"wp-block-paragraph\">Las personas que padecen este s\u00edndrome pueden llegar a someterse a procedimientos m\u00e9dicos innecesarios e incluso peligrosos, y pueden cambiar de m\u00e9dico con frecuencia para evitar ser descubiertos. Este trastorno puede ser dif\u00edcil de tratar debido a la naturaleza enga\u00f1osa del paciente y la resistencia a aceptar que sus s\u00edntomas son psicol\u00f3gicos.<strong>\u00a0La psic\u00f3loga Silvia Ortiz, del Hospital Vithas Aguas Vivas,\u00a0<\/strong>nos explica en qu\u00e9 consiste este s\u00edndrome, cu\u00e1les son las causas y c\u00f3mo podemos ayudar a una persona que lo padece.\u00a0<\/p>\n\n\n\n<h3 class=\"wp-block-heading\">\u00bfQu\u00e9 es el S\u00edndrome de Munchausen?<\/h3>\n\n\n\n<p class=\"wp-block-paragraph\">Se tratar\u00eda de un tipo de patolog\u00eda llamada en la actualidad,&nbsp;<strong>trastorno facticio (con enga\u00f1o)<\/strong>, se fundamenta en la invenci\u00f3n de signos o s\u00edntomas f\u00edsicos o psicol\u00f3gicos sobre una enfermedad, lo que puede llegar a provocar lesiones o dolencias mayores, sobre otra persona o sobre uno mismo.<\/p>\n\n\n\n<p class=\"wp-block-paragraph\">Cuando el cuidador o responsable es quien la padece se la conoce como<strong>&nbsp;S.M. por poderes o impuesto<\/strong>, ya que provoca lesiones en personas bajo su cuidado, como ni\u00f1os, adultos de edad avanzada o con alguna discapacidad, en definitiva, personas vulnerables. Tambi\u00e9n puede ser que el afectado enga\u00f1e a los dem\u00e1s haci\u00e9ndose el enfermo o lesion\u00e1ndose a s\u00ed mismo, pudiendo llegar muy lejos en sus acciones con tal de ocultar su enga\u00f1o al resto, derivando en un trastorno mental grave.<\/p>\n\n\n\n<figure class=\"wp-block-image is-resized\"><a href=\"javascript:void(0)\"><img fetchpriority=\"high\" decoding=\"async\" src=\"https:\/\/images.hola.com\/imagenes\/estar-bien\/20230412229907\/sindrome-de-munchausen\/1-233-861\/medico-reflujo-a.jpg?tx=w_360\" alt=\"Chica en el m\u00e9dico\" width=\"501\" height=\"333\"\/><\/a><\/figure>\n\n\n\n<h3 class=\"wp-block-heading\">\u00bfCu\u00e1les son los s\u00edntomas del S\u00edndrome de Munchausen?<\/h3>\n\n\n\n<p class=\"wp-block-paragraph\">Pueden comprender, entre otros:<\/p>\n\n\n\n<ul class=\"wp-block-list\">\n<li>Un<strong>&nbsp;alto conocimiento m\u00e9dico de la enfermedad<\/strong>&nbsp;que se afirma padecer, en ocasiones, s\u00edntomas contradictorios en cualquiera de las fases en la que supuestamente se deber\u00eda de encontrar la patolog\u00eda.<\/li>\n\n\n\n<li>Suelen sufrir&nbsp;<strong>m\u00e1s reca\u00eddas&nbsp;<\/strong>que la poblaci\u00f3n cl\u00ednica, empeorando sin raz\u00f3n aparente o no respondiendo adecuadamente al tratamiento seg\u00fan lo esperado.<\/li>\n\n\n\n<li>B\u00fasqueda continua de<strong>&nbsp;atenci\u00f3n m\u00e9dica<\/strong>&nbsp;en diferentes hospitales o con distintos profesionales, sin dar tiempo a que haya adhesi\u00f3n al tratamiento farmacol\u00f3gico para comprobar la evoluci\u00f3n de la patolog\u00eda. Llegando a impedir que los facultativos puedan hablar directamente con otros familiares. Pueden incluso tener un alto n\u00famero de conflictos y discusiones con m\u00e9dicos o personal sanitario.<\/li>\n\n\n\n<li>Suelen estar\u00a0<strong>hospitalizados frecuentemente\u00a0<\/strong>y tienen un af\u00e1n constante por realizar pruebas e intervenciones aunque estas sean invasivas o de riesgo.<\/li>\n<\/ul>\n\n\n\n<p class=\"wp-block-paragraph\"><\/p>\n\n\n\n<figure class=\"wp-block-image is-resized\"><a href=\"javascript:void(0)\"><img decoding=\"async\" src=\"https:\/\/images.hola.com\/imagenes\/estar-bien\/20230412229907\/sindrome-de-munchausen\/1-233-852\/mujer-preocupada-a.jpg?tx=w_360\" alt=\"Mujer preocupada en el sof\u00e1 \" width=\"501\" height=\"333\"\/><\/a><\/figure>\n\n\n\n<h3 class=\"wp-block-heading\">\u00bfQui\u00e9nes son m\u00e1s propensos a desarrollar este s\u00edndrome?<\/h3>\n\n\n\n<p class=\"wp-block-paragraph\">Es dif\u00edcil de determinar, dado que en ocasiones llegan a falsear sus identidades para acceder a diferentes centros de salud, lo que impide contrastar datos.<\/p>\n\n\n\n<p class=\"wp-block-paragraph\">La poblaci\u00f3n en la que m\u00e1s se ha podido observar es en cuidadores muy involucrados, madres con ni\u00f1os peque\u00f1os o hijos adultos con padres dependientes.<\/p>\n\n\n\n<p class=\"wp-block-paragraph\">about:blank<\/p>\n\n\n\n<figure class=\"wp-block-image is-resized\"><a href=\"javascript:void(0)\"><img decoding=\"async\" src=\"https:\/\/images.hola.com\/imagenes\/estar-bien\/20230412229907\/sindrome-de-munchausen\/1-233-858\/chica-triste-a.jpg?tx=w_360\" alt=\"Chica triste\" width=\"501\" height=\"333\"\/><\/a><\/figure>\n\n\n\n<h3 class=\"wp-block-heading\">\u00bfCu\u00e1l es la causa del \u00edndrome de Munchausen?<\/h3>\n\n\n\n<p class=\"wp-block-paragraph\">No se conoce una \u00fanica causa, la evidencia apoya la&nbsp;<strong>combinaci\u00f3n de factores psicol\u00f3gicos y vivencias estresantes<\/strong>. Algunos de estos factores que pueden aumentar el riesgo de padecerla ser\u00edan:<\/p>\n\n\n\n<ul class=\"wp-block-list\">\n<li>Traumas infantiles<\/li>\n\n\n\n<li>V\u00edctimas de abusos sexuales o maltratos<\/li>\n\n\n\n<li>Enfermedad grave durante la infancia<\/li>\n\n\n\n<li>P\u00e9rdida de un ser querido o figura afectiva de referencia<\/li>\n\n\n\n<li>Dependencia al cuidado e implicaci\u00f3n del entorno,<\/li>\n\n\n\n<li>generada en experiencias reales previas<\/li>\n\n\n\n<li>Depresi\u00f3n<\/li>\n\n\n\n<li><\/li>\n<\/ul>\n\n\n\n<figure class=\"wp-block-image is-resized\"><a href=\"javascript:void(0)\"><img loading=\"lazy\" decoding=\"async\" src=\"https:\/\/images.hola.com\/imagenes\/estar-bien\/20230412229907\/sindrome-de-munchausen\/1-233-859\/adolescente-triste-a.jpg?tx=w_360\" alt=\"Adolescente triste\" width=\"501\" height=\"333\"\/><\/a><\/figure>\n\n\n\n<h3 class=\"wp-block-heading\">\u00bfPuede ser hereditario?<\/h3>\n\n\n\n<p class=\"wp-block-paragraph\">Puede existir cierta&nbsp;<strong>predisposici\u00f3n gen\u00e9tica o vulnerabilidad<\/strong>, pero no hay informaci\u00f3n concluyente sobre ello, al menos no m\u00e1s que en otro tipo de s\u00edndromes psicopatol\u00f3gicos. Como hemos comentado previamente, se trata de una interacci\u00f3n de factores.<\/p>\n\n\n\n<figure class=\"wp-block-image is-resized\"><a href=\"javascript:void(0)\"><img loading=\"lazy\" decoding=\"async\" src=\"https:\/\/images.hola.com\/imagenes\/estar-bien\/20230412229907\/sindrome-de-munchausen\/1-233-954\/getty-mujer-cuello-a.jpg?tx=w_360\" alt=\"M\u00e9dico palpando el cuello a una paciente\" width=\"501\" height=\"333\"\/><\/a><\/figure>\n\n\n\n<h3 class=\"wp-block-heading\">\u00bfEs posible que algunas personas fingen tener este s\u00edndrome para llamar la atenci\u00f3n?<\/h3>\n\n\n\n<p class=\"wp-block-paragraph\">No es algo que se puede contrastar emp\u00edricamente, pero s\u00ed&nbsp;puede ser una puerta de entrada para algunos perfiles psicol\u00f3gicos, dada la ganancia que puede representar para ellos tener ganar la atenci\u00f3n del entorno socio-familiar, estando estos pendientes de ellos y la situaci\u00f3n que viven.<\/p>\n\n\n\n<p class=\"wp-block-paragraph\">Otro tipo de ganancia secundaria a tener en cuenta, es la gran satisfacci\u00f3n que puede llegar a sentir quienes lo padecen, ante el hecho de\u00a0<strong>haber sido capaces de enga\u00f1ar<\/strong>\u00a0a otros, incluidos profesionales m\u00e9dicos. Al tratarse la enfermedad como un generador de ayuda, compasi\u00f3n, admiraci\u00f3n e incluso atenci\u00f3n m\u00e9dica (dada la dificultad en la recuperaci\u00f3n), pueden ser muchas las intenciones que se encuentren ocultas.<\/p>\n\n\n\n<figure class=\"wp-block-image is-resized\"><a href=\"javascript:void(0)\"><img loading=\"lazy\" decoding=\"async\" src=\"https:\/\/images.hola.com\/imagenes\/estar-bien\/20230412229907\/sindrome-de-munchausen\/1-233-887\/paciente-psicologo-a.jpg?tx=w_360\" alt=\"Paciente en el psic\u00f3logo\" width=\"501\" height=\"333\"\/><\/a><\/figure>\n\n\n\n<h3 class=\"wp-block-heading\">\u00bfC\u00f3mo se diagnostica el S\u00edndrome de Munchausen?<\/h3>\n\n\n\n<p class=\"wp-block-paragraph\">Es necesario que se descubra un patr\u00f3n de s<strong>\u00edntomas fraudulentos o contradictorios<\/strong>\u00a0durante un tiempo prolongado en la historia cl\u00ednica del paciente. Lo m\u00e1s acertado ante una sospecha por parte de la familia o el profesional es seguir las posibles pistas. Esta falta de seguimiento controlado es lo que en ocasiones lleva a que se quede sin diagnosticar.<\/p>\n\n\n\n<figure class=\"wp-block-image is-resized\"><a href=\"javascript:void(0)\"><img loading=\"lazy\" decoding=\"async\" src=\"https:\/\/images.hola.com\/imagenes\/estar-bien\/20230412229907\/sindrome-de-munchausen\/1-233-860\/chica-sofa-triste-a.jpg?tx=w_360\" alt=\"Chica triste en el sof\u00e1 \" width=\"501\" height=\"333\"\/><\/a><\/figure>\n\n\n\n<h3 class=\"wp-block-heading\">\u00bfQu\u00e9 riesgo hay para la salud de alguien que padece este s\u00edndrome?<\/h3>\n\n\n\n<p class=\"wp-block-paragraph\">La producci\u00f3n de signos mec\u00e1nicos o la administraci\u00f3n de sustancias para&nbsp;<strong>provocar lesiones<\/strong>&nbsp;es la que podr\u00eda determinar el riesgo en cada caso. Tanto en su intensidad como la duraci\u00f3n de los mismos.<\/p>\n\n\n\n<p class=\"wp-block-paragraph\"><strong>&#8211; Leer m\u00e1s:&nbsp;<a href=\"https:\/\/www.hola.com\/estar-bien\/20220512209673\/senales-de-suicidio-y-como-prevenirlo\/\" target=\"_blank\" rel=\"noreferrer noopener\">Se\u00f1ales de riesgo de&nbsp;suicidio&nbsp;y c\u00f3mo prevenirlo<\/a><\/strong><\/p>\n\n\n\n<figure class=\"wp-block-image is-resized\"><a href=\"javascript:void(0)\"><img loading=\"lazy\" decoding=\"async\" src=\"https:\/\/images.hola.com\/imagenes\/estar-bien\/20230412229907\/sindrome-de-munchausen\/1-233-959\/getty-psicologo-ninos-a.jpg?tx=w_360\" alt=\"Ni\u00f1o en el psic\u00f3logo\" width=\"501\" height=\"333\"\/><\/a><\/figure>\n\n\n\n<h3 class=\"wp-block-heading\">\u00bfEs el S.M. una forma de abuso hacia uno mismo?<\/h3>\n\n\n\n<p class=\"wp-block-paragraph\">La falta de autoestima y la gran necesidad de control que presentan muchos de estos pacientes podr\u00edan dar lugar a ese abuso hacia uno mismo o hacia los dem\u00e1s. S\u00ed est\u00e1 reconocido como una forma de<strong>&nbsp;abuso infantil<\/strong>&nbsp;con un 7% de mortalidad en dicha poblaci\u00f3n.<\/p>\n\n\n\n<figure class=\"wp-block-image is-resized\"><a href=\"javascript:void(0)\"><img loading=\"lazy\" decoding=\"async\" src=\"https:\/\/images.hola.com\/imagenes\/estar-bien\/20230412229907\/sindrome-de-munchausen\/1-233-893\/getty-pareja-abrazo-a.jpg?tx=w_360\" alt=\"Pareja abraz\u00e1ndose\" width=\"501\" height=\"333\"\/><\/a><\/figure>\n\n\n\n<h3 class=\"wp-block-heading\">\u00bfC\u00f3mo se puede ayudar a alguien que lo padece?<\/h3>\n\n\n\n<p class=\"wp-block-paragraph\">La intervenci\u00f3n depender\u00e1 de si es a terceros o hacia uno mismo. En ambos supuestos la<strong>\u00a0detecci\u00f3n precoz\u00a0<\/strong>es de vital importancia. Dar prioridad a la seguridad y protecci\u00f3n de la v\u00edctima, retir\u00e1ndola del entorno en que se est\u00e1 produciendo la actuaci\u00f3n. En caso de tratarse poblaci\u00f3n vulnerable, se deber\u00e1 poner en conocimiento de los organismos legales competentes de la zona.<\/p>\n\n\n\n<p class=\"wp-block-paragraph\"><span style=\"text-decoration: underline;\">Fuente: <a href=\"https:\/\/www.hola.com\/estar-bien\/galeria\/20230412229907\/sindrome-de-munchausen\/9\/\" target=\"_blank\" rel=\"noreferrer noopener\">hola.com<\/a><\/span><\/p>\n","protected":false},"excerpt":{"rendered":"<p>Tambi\u00e9n conocido como trastorno facticio (con enga\u00f1o) lleva a estos pacientes a realizarse pruebas peligrosas 12 DE ABRIL DE 2023 &#8211; 16:38 CESTPOR\u00a0NURIA SAFONT El&nbsp;s\u00edndrome de Munchausen (S.M.)&nbsp;es un&nbsp;trastorno mental&nbsp;en el que una persona simula o&nbsp;exagera s\u00edntomas de una enfermedad&nbsp;para llamar la atenci\u00f3n u obtener un beneficio secundario, como atenci\u00f3n m\u00e9dica o cuidados de enfermer\u00eda. [&hellip;]<\/p>\n","protected":false},"author":1,"featured_media":957,"comment_status":"open","ping_status":"open","sticky":false,"template":"","format":"standard","meta":{"_crdt_document":"","footnotes":""},"categories":[30],"tags":[],"class_list":["post-956","post","type-post","status-publish","format-standard","has-post-thumbnail","hentry","category-noticias"],"_links":{"self":[{"href":"https:\/\/fundinah.org\/index.php\/wp-json\/wp\/v2\/posts\/956","targetHints":{"allow":["GET"]}}],"collection":[{"href":"https:\/\/fundinah.org\/index.php\/wp-json\/wp\/v2\/posts"}],"about":[{"href":"https:\/\/fundinah.org\/index.php\/wp-json\/wp\/v2\/types\/post"}],"author":[{"embeddable":true,"href":"https:\/\/fundinah.org\/index.php\/wp-json\/wp\/v2\/users\/1"}],"replies":[{"embeddable":true,"href":"https:\/\/fundinah.org\/index.php\/wp-json\/wp\/v2\/comments?post=956"}],"version-history":[{"count":2,"href":"https:\/\/fundinah.org\/index.php\/wp-json\/wp\/v2\/posts\/956\/revisions"}],"predecessor-version":[{"id":960,"href":"https:\/\/fundinah.org\/index.php\/wp-json\/wp\/v2\/posts\/956\/revisions\/960"}],"wp:featuredmedia":[{"embeddable":true,"href":"https:\/\/fundinah.org\/index.php\/wp-json\/wp\/v2\/media\/957"}],"wp:attachment":[{"href":"https:\/\/fundinah.org\/index.php\/wp-json\/wp\/v2\/media?parent=956"}],"wp:term":[{"taxonomy":"category","embeddable":true,"href":"https:\/\/fundinah.org\/index.php\/wp-json\/wp\/v2\/categories?post=956"},{"taxonomy":"post_tag","embeddable":true,"href":"https:\/\/fundinah.org\/index.php\/wp-json\/wp\/v2\/tags?post=956"}],"curies":[{"name":"wp","href":"https:\/\/api.w.org\/{rel}","templated":true}]}}