{"id":953,"date":"2023-04-17T11:29:29","date_gmt":"2023-04-17T15:29:29","guid":{"rendered":"https:\/\/fundinah.org\/?p=953"},"modified":"2023-04-17T11:29:59","modified_gmt":"2023-04-17T15:29:59","slug":"ansiedad-por-el-futuro-el-pensamiento-que-me-ayuda-a-gestionarla","status":"publish","type":"post","link":"https:\/\/fundinah.org\/index.php\/2023\/04\/17\/ansiedad-por-el-futuro-el-pensamiento-que-me-ayuda-a-gestionarla\/","title":{"rendered":"Ansiedad por el futuro: el pensamiento que me ayuda a gestionarla"},"content":{"rendered":"\n<h4 class=\"wp-block-heading\">No hay frases m\u00e1gicas, pero en ocasiones relativizar pensando en ciertos datos puede ayudar a reflexionar<\/h4>\n\n\n\n<p class=\"wp-block-paragraph\"><br>POR\u00a0<a href=\"https:\/\/www.vogue.es\/autor\/ana-morales\">ANA MORALES<\/a>8 de febrero de 2023<\/p>\n\n\n\n<p class=\"wp-block-paragraph\"><span style=\"font-family: AdobeGaramondPro, serif; font-size: 20px; white-space: normal;\">Padecer\u00a0<\/span><strong style=\"box-sizing: border-box; line-height: inherit; font-family: AdobeGaramondPro, serif; font-size: 20px; white-space: normal;\">ansiedad por el futuro<\/strong><span style=\"font-family: AdobeGaramondPro, serif; font-size: 20px; white-space: normal;\">\u00a0o simplemente\u00a0<\/span><a class=\"L-Affiliate-Tagged\" style=\"box-sizing: border-box; cursor: pointer; --color__token-name:colors.interactive.base.light; color: rgb(0, 0, 0); transition-duration: 200ms; transition-property: color; line-height: inherit; font-family: AdobeGaramondPro, serif; font-size: 20px; white-space: normal;\" href=\"https:\/\/www.vogue.es\/belleza\/articulos\/ansiedad-anticipatoria-como-controlarla-sintomas\"><strong style=\"box-sizing: border-box; line-height: inherit;\">anticipar situaciones<\/strong><\/a><span style=\"font-family: AdobeGaramondPro, serif; font-size: 20px; white-space: normal;\">\u00a0pensando de forma negativa que algo malo va a pasar es algo que ocurre con frecuencia. Pero que suceda de forma bastante generalizada \u2013cada vez m\u00e1s\u2013 no significa normalizar un sentimiento que nos resta energ\u00eda e impide vivir el momento presente.\u00a0Intentar controlar estos pensamientos negativos sobre cosas que pueden pasar \u2013o que a lo mejor nunca ocurrir\u00e1n\u2013 no es f\u00e1cil, pero como persona que suele pensar por anticipado todo, \u00faltimamente he escuchado en boca de diferentes personas una afirmaci\u00f3n que me ayuda a controlar esa mezcla de estr\u00e9s\/miedo por el futuro.\u00a0<\/span><\/p>\n\n\n\n<h2 class=\"wp-block-heading\">La mayor\u00eda de las cosas malas que pensamos no llegan a ocurrir<\/h2>\n\n\n\n<p class=\"wp-block-paragraph\">Pero nos restan energ\u00eda. As\u00ed me lo explic\u00f3 la psic\u00f3loga&nbsp;<strong>Brenda de la Pe\u00f1a<\/strong>, CEO de la plataforma de psicolog\u00eda online&nbsp;<a href=\"https:\/\/combrension.com\/\" rel=\"noreferrer noopener\" target=\"_blank\"><strong>Combrensi\u00f3n<\/strong><\/a>.&nbsp;\u201c<strong>El 90% de nuestras preocupaciones nunca llegan a ocurrir, pero el sufrimiento que se origina alrededor de ellas es totalmente real<\/strong>.&nbsp;Casi nadie ha recibido unas ense\u00f1anzas que le permitan decidir c\u00f3mo usar su mente, sino m\u00e1s bien todo lo contrario. La educaci\u00f3n basada en el control, que se denomina estilo de crianza autoritario, da lugar a vivir en una constante y frustrante ilusi\u00f3n de control, cuya manifestaci\u00f3n m\u00e1s habitual es la presencia casi ininterrumpida de pensamientos intrusivos, que son aquellos que aparecen sin ning\u00fan control de la mente consciente e imposibilitan el&nbsp;<a href=\"https:\/\/www.vogue.es\/belleza\/articulos\/estado-flow-motivacion-reducir-estres-ansiedad-como-conseguirlo\"><strong>estado de<\/strong>&nbsp;<em><strong>flow<\/strong><\/em><\/a>\u201d, explica la experta. Y precisamente tener en mente este dato&nbsp;<strong>me ayuda en cierta medida a relativizar y a pensar que poco (o nada) gano pensando que algo va a salir mal<\/strong>.&nbsp;<\/p>\n\n\n\n<h2 class=\"wp-block-heading\">Los&nbsp;<em>\u00bfy s\u00ed\u2026?<\/em>&nbsp;nos impiden disfrutar de lo \u00fanico tangible<\/h2>\n\n\n\n<p class=\"wp-block-paragraph\">Hacer conjeturas sobre cosas que pueden ocurrir en el futuro puede ser un caso aislado, pero cuando el cl\u00e1sico pensamiento de&nbsp;<em>\u00bfy s\u00ed\u2026?<\/em>&nbsp;se produce de forma constante se configura un&nbsp;<strong>patr\u00f3n de sobrepensamiento<\/strong>&nbsp;que impide disfrutar de lo \u00fanico que tenemos: el presente. No es f\u00e1cil, pero tal y como explica el psic\u00f3logo&nbsp;<strong>Jos\u00e9 El\u00edas<\/strong>, \u201cpara disfrutar del presente es necesario vivir conscientemente en cada momento, o el mayor tiempo posible. Pero desafortunadamente en la mayor\u00eda de las ocasiones estamos con nuestro pensamiento lejos de donde est\u00e1 nuestro cuerpo, y esa disociaci\u00f3n f\u00edsico-psicol\u00f3gica no nos permite gozar de acontecimientos maravillosos. Y todo esto hace real esa frase que hemos escuchado muchas veces: \u2018Vivimos lament\u00e1ndonos por el pasado, preocup\u00e1ndonos por el futuro y no disfrutando el presente\u2019.&nbsp;<strong>Y el presente es lo \u00fanico que tenemos<\/strong>\u201d.<\/p>\n\n\n\n<h2 class=\"wp-block-heading\">Ocuparse s\u00ed, preocuparse no<\/h2>\n\n\n\n<p class=\"wp-block-paragraph\"><strong>Preocuparse significa ocuparse anticipadamente de algo<\/strong>. Y tal y como explica la psic\u00f3loga&nbsp;<strong>Pilar Guerra Escudero<\/strong>, la preocupaci\u00f3n lleva a la inactividad y la ocupaci\u00f3n a la reacci\u00f3n, a la b\u00fasqueda de posibles soluciones. \u201cLa capacidad de ocuparse de estos sucesos que frustran es una habilidad que gozan las personas funcionales, las que tienen capacidades de afrontamiento, y se ocupan en resolver los conflictos en el momento en el que estos ocurren. Preocuparse es el polo opuesto y tiene que ver con el desasosiego, la inquietud y el temor por algo que consideramos negativo\u201d.&nbsp; Aunque la teor\u00eda no siempre es f\u00e1cil de llevar a la pr\u00e1ctica, cuando los pensamientos negativos por el futuro me impiden pensar en el presente, intento tener en cuenta otra gran frase le\u00edda en el libro&nbsp;<em>No es lo mismo,<\/em>&nbsp;de Silvia Guarnieri y Miriam Ortiz. \u201cCuando elegimos ocuparnos las conversaciones de posibilidad generan emociones mucho m\u00e1s positivas porque nos sentimos con capacidad para resolver los problemas de nuestro d\u00eda a d\u00eda. Al actuar, adem\u00e1s, las preocupaciones tienden a desaparecer.&nbsp;<strong>La acci\u00f3n es el mejor ant\u00eddoto para el estado de \u00e1nimo preocupadizo<\/strong>\u201d.<\/p>\n\n\n\n<p class=\"wp-block-paragraph\">Fuente: <a href=\"https:\/\/www.vogue.es\/belleza\/articulos\/ansiedad-futuro-recomendaciones-psicologos-controlar-preocupaciones\">Vogue.es<\/a><\/p>\n","protected":false},"excerpt":{"rendered":"<p>No hay frases m\u00e1gicas, pero en ocasiones relativizar pensando en ciertos datos puede ayudar a reflexionar POR\u00a0ANA MORALES8 de febrero de 2023 Padecer\u00a0ansiedad por el futuro\u00a0o simplemente\u00a0anticipar situaciones\u00a0pensando de forma negativa que algo malo va a pasar es algo que ocurre con frecuencia. Pero que suceda de forma bastante generalizada \u2013cada vez m\u00e1s\u2013 no significa [&hellip;]<\/p>\n","protected":false},"author":1,"featured_media":954,"comment_status":"open","ping_status":"open","sticky":false,"template":"","format":"standard","meta":{"_crdt_document":"","footnotes":""},"categories":[30],"tags":[],"class_list":["post-953","post","type-post","status-publish","format-standard","has-post-thumbnail","hentry","category-noticias"],"_links":{"self":[{"href":"https:\/\/fundinah.org\/index.php\/wp-json\/wp\/v2\/posts\/953","targetHints":{"allow":["GET"]}}],"collection":[{"href":"https:\/\/fundinah.org\/index.php\/wp-json\/wp\/v2\/posts"}],"about":[{"href":"https:\/\/fundinah.org\/index.php\/wp-json\/wp\/v2\/types\/post"}],"author":[{"embeddable":true,"href":"https:\/\/fundinah.org\/index.php\/wp-json\/wp\/v2\/users\/1"}],"replies":[{"embeddable":true,"href":"https:\/\/fundinah.org\/index.php\/wp-json\/wp\/v2\/comments?post=953"}],"version-history":[{"count":1,"href":"https:\/\/fundinah.org\/index.php\/wp-json\/wp\/v2\/posts\/953\/revisions"}],"predecessor-version":[{"id":955,"href":"https:\/\/fundinah.org\/index.php\/wp-json\/wp\/v2\/posts\/953\/revisions\/955"}],"wp:featuredmedia":[{"embeddable":true,"href":"https:\/\/fundinah.org\/index.php\/wp-json\/wp\/v2\/media\/954"}],"wp:attachment":[{"href":"https:\/\/fundinah.org\/index.php\/wp-json\/wp\/v2\/media?parent=953"}],"wp:term":[{"taxonomy":"category","embeddable":true,"href":"https:\/\/fundinah.org\/index.php\/wp-json\/wp\/v2\/categories?post=953"},{"taxonomy":"post_tag","embeddable":true,"href":"https:\/\/fundinah.org\/index.php\/wp-json\/wp\/v2\/tags?post=953"}],"curies":[{"name":"wp","href":"https:\/\/api.w.org\/{rel}","templated":true}]}}