{"id":870,"date":"2023-03-13T17:49:20","date_gmt":"2023-03-13T21:49:20","guid":{"rendered":"https:\/\/fundinah.org\/?p=870"},"modified":"2023-03-13T17:52:05","modified_gmt":"2023-03-13T21:52:05","slug":"consejos-clave-de-psicologos-y-psiquiatras-para-trabajar-la-gestion-emocional-en-nuestro-dia-a-dia","status":"publish","type":"post","link":"https:\/\/fundinah.org\/index.php\/2023\/03\/13\/consejos-clave-de-psicologos-y-psiquiatras-para-trabajar-la-gestion-emocional-en-nuestro-dia-a-dia\/","title":{"rendered":"Consejos clave de psic\u00f3logos y psiquiatras para trabajar la gesti\u00f3n emocional en nuestro d\u00eda a d\u00eda"},"content":{"rendered":"\n<p class=\"wp-block-paragraph\">La vida despierta emociones que no siempre sabemos gestionar: ira, tristeza, miedo, felicidad&#8230;todas ellas son necesarias. Para entenderlas mejor, hemos hablado con diferentes profesionales que nos traen algunos consejos e informaci\u00f3n muy interesante.<\/p>\n\n\n\n<p class=\"wp-block-paragraph\">Vivimos en una sociedad<strong>&nbsp;muy exigente<\/strong>,tanto a nivel profesional como personal. Las circunstancias nos demandan ir cada vez m\u00e1s y m\u00e1s r\u00e1pido, lo cual dificulta que nos paremos a comprobar c\u00f3mo nos&nbsp;<strong><a href=\"https:\/\/www.marie-claire.es\/lifestyle\/60213.html\">sentimos<\/a><\/strong>. Para indagar en la gesti\u00f3n emocional hemos hablado con psic\u00f3logos y psiquiatras que nos han hablado de los&nbsp;<strong><a href=\"https:\/\/www.marie-claire.es\/belleza\/33316.html\">desajustes hormonales<\/a><\/strong>, de encontrar el equilibrio o de regular las emociones.<\/p>\n\n\n\n<p class=\"wp-block-paragraph\">La&nbsp;<strong><a href=\"https:\/\/www.marie-claire.es\/planeta-mujer\/60093.html\">gesti\u00f3n emocional<\/a><\/strong>&nbsp;puede llegar a ser todo un reto en algunas ocasiones. Hay d\u00edas que te levantas y&nbsp;<strong>lo ves todo negro<\/strong>. Tu pareja no te entiende, el trabajo se te hace cuesta arriba y te preguntas si llevas la vida que deseas. Te sientes triste y te deprimes o, al contrario, saltas y estallas por cualquier contratiempo. Pero al d\u00eda siguiente amaneces de mejor humor y lo que ayer era un problem\u00f3n existencial hoy parece una tonter\u00eda. Es entonces cuando te preguntas:<strong>&nbsp;\u00bfpor qu\u00e9 me ocurre esto?&nbsp;<\/strong>Nuestras hormonas y nuestra capacidad para enfrentarnos a las adversidades tienen mucho que ver en ello.<\/p>\n\n\n\n<figure class=\"wp-block-image\" id=\"m24272-24271-24273\"><img decoding=\"async\" src=\"https:\/\/imagenes.marie-claire.es\/files\/vertical_composte_image\/uploads\/2023\/03\/07\/64075b0bd93b3.jpeg\" alt=\"Gesti\u00f3n emocional\"\/><figcaption class=\"wp-element-caption\">Getty<\/figcaption><\/figure>\n\n\n\n<h2 class=\"wp-block-heading\">Cuesti\u00f3n de hormonas<\/h2>\n\n\n\n<p class=\"wp-block-paragraph\">Lapsiquiatra Marian Rojas Estap\u00e9explica c\u00f3mo algunas de estas&nbsp;<strong>sustancias qu\u00edmicas&nbsp;<\/strong>pueden jugarnos m\u00e1s de una mala pasada y, sin embargo, otras&nbsp;ser nuestro rinc\u00f3n de calma con una an\u00e9cdota. Se meti\u00f3 en un parking y vio que alguien la segu\u00eda para robarle el coche, apret\u00f3 el paso y se fue r\u00e1pidamente. Estaba de los nervios, le hab\u00eda subido el&nbsp;<strong><a href=\"https:\/\/www.marie-claire.es\/planeta-mujer\/58102.html\">cortisol<\/a><\/strong>, la hormona que nuestro cuerpo produce ante situaciones de tensi\u00f3n para ayudarnos a enfrentarlas, cre\u00e1ndonos estr\u00e9s. Lleg\u00f3 a casa inquieta, pero le tocaba amamantar a su hijo. Al poco tiempo de tenerlo en el pecho, le invadi\u00f3 una profunda sensaci\u00f3n placentera: hab\u00eda entrado en juego la&nbsp;<strong><a href=\"https:\/\/www.marie-claire.es\/planeta-mujer\/35552.html\">oxitocina<\/a><\/strong>, una hormona responsable de la salida de la leche y del fuerte sentimiento de apego madre-hijo, que reduce los niveles de estr\u00e9s.<\/p>\n\n\n\n<h2 class=\"wp-block-heading\">Encontrar el equilibrio<\/h2>\n\n\n\n<p class=\"wp-block-paragraph\"><strong>Las mujeres<\/strong>, desde la pubertad hasta la menopausia, experimentamos&nbsp;<strong>cambios en el estado de \u00e1nimo<\/strong>&nbsp;provocados por&nbsp;<strong>fluctuaciones hormonales<\/strong>&nbsp;continuas y c\u00edclicas (estr\u00f3genos y progesterona), que afectan a diversas c\u00e9lulas del organismo. \"En los diferentes momentos del ciclo menstrual var\u00edan la cantidad y el tipo de hormonas que predomina en&nbsp;cada fase. Muchas de ellas tienen influencia en el sistema nervioso central, por lo que pueden producir s\u00edntomas, generalmente leves, como&nbsp;<strong>irritabilidad<\/strong>,&nbsp;<strong>inestabilidad<\/strong>&nbsp;<strong>emocional o tristeza<\/strong>\", apunta el doctor Pablo del Sol, adjunto del Servicio de Psiquiatr\u00eda del Hospital Universitario Puerta de Hierro Majadahonda de Madrid.<\/p>\n\n\n\n<p class=\"wp-block-paragraph\">Asimismo, los&nbsp;<strong>trastornos de depresi\u00f3n y<\/strong>&nbsp;<strong>ansiedad<\/strong>&nbsp;<strong>son m\u00e1s frecuentes en mujeres&nbsp;<\/strong>que en hombres, ya que est\u00e1n directamente relacionados con sus cambios hormonales. \"Por este motivo, para gozar de una buena salud y un estado de \u00e1nimo adecuados es importante que las hormonas se encuentren en equilibrio y no se produzcan desajustes\", destaca el doctor Alberto Fern\u00e1ndez, secretario de la Sociedad Espa\u00f1ola de Endocrinolog\u00eda y Nutrici\u00f3n (SEEN), que insiste en subrayar que los desequilibrios hormonales son frecuentes y, en ocasiones, insuficientemente comprendidos.&nbsp;<\/p>\n\n\n\n<p class=\"wp-block-paragraph\">El&nbsp;<strong>desequilibro hormonal&nbsp;<\/strong>del que nos habla el experto llevado al ejemplo podr\u00eda ser: un d\u00e9ficit de adrenalina, la hormona del estr\u00e9s, puede provocar depresi\u00f3n, baja motivaci\u00f3n, desinter\u00e9s y apat\u00eda. Por el contrario, sobreproducir endorfinas, hormonas que estimulan el placer y tienen un efecto relajante en el cuerpo, puede desencadenar estados de euforia y bienestar.<\/p>\n\n\n\n<h2 class=\"wp-block-heading\">La ventana de la tolerancia<\/h2>\n\n\n\n<p class=\"wp-block-paragraph\">A parte del papel que desempe\u00f1an las hormonas en nuestro estado de \u00e1nimo, existe otro motivo que explicar\u00eda por qu\u00e9 un d\u00eda podemos sentirnos profundamente tristes y, al siguiente, de mucho mejor humor. Es el concepto&nbsp;<strong>llamado ventana de tolerancia<\/strong>. Se denomina as\u00ed al l\u00edmite que tenemos para soportar nuestras emociones sin que se desborden. Dentro de este espacio podemos sentirnos en calma, alerta, con un pensamiento claro, presente, flexible y curioso. Pero cuando cruzamos la l\u00ednea y 'saltamos por esa ventana', nos activamos en exceso y afloran la ansiedad, el p\u00e1nico, la impulsividad, la agresividad o los pensamientos obsesivos.<\/p>\n\n\n\n<p class=\"wp-block-paragraph\">El concepto de la ventana de tolerancia tambi\u00e9n puede darse el caso contrario, que se produzca un estado de adormecimiento de nuestras emociones que nos provoque baja energ\u00eda y desconexi\u00f3n.&nbsp;En funci\u00f3n de las&nbsp;<strong>experiencias vividas<\/strong>&nbsp;en el pasado, podemos afrontar algunas situaciones con ira o, por el contrario, aisl\u00e1ndonos.<\/p>\n\n\n\n<h2 class=\"wp-block-heading\">\u00bfY ahora qu\u00e9?<\/h2>\n\n\n\n<p class=\"wp-block-paragraph\">En primer lugar es importante comprobar que tu estado de \u00e1nimo no est\u00e9 alterado por un&nbsp;<strong>problema hormonal<\/strong>. \"Las causas comunes de su desequilibrio pueden incluir el consumo de algunos medicamentos, tratamientos para el c\u00e1ncer, malos h\u00e1bitos (como una alimentaci\u00f3n inadecuada), falta de sue\u00f1o, estr\u00e9s, una lesi\u00f3n o trauma, entre otras\", explica el doctorRa\u00fal Luque, vocal de la SEEN. Unos simples an\u00e1lisis de sangre o de orina pueden determinar los niveles de diversas hormonas en tu cuerpo (reproductivas, tiroideas, suprarrenales&#8230;) para ver si est\u00e1n funcionando correctamente.<\/p>\n\n\n\n<p class=\"wp-block-paragraph\">Por otro lado, es importante tener presente que se puede trabajar el&nbsp;<strong>regular nuestras emociones<\/strong>&nbsp;para vivirlas dentro de unos<strong>&nbsp;l\u00edmites razonables<\/strong>. \"Esto supone un ejercicio de explorar lo que le funciona a cada uno (pasear, hablar, hacer ejercicio&#8230;). En ocasiones podemos sentirnos acorralados por los problemas, pero tras regular las emociones podemos vivirlos desde un punto de vista menos asfixiante y elaborar estrategias para afrontarlos de otro modo\", apunta el doctor Pablo del Sol.<\/p>\n\n\n\n<figure class=\"wp-block-image\" id=\"m24293-24292-24294\"><img decoding=\"async\" src=\"https:\/\/imagenes.marie-claire.es\/files\/vertical_composte_image\/uploads\/2023\/03\/07\/64075f5b94772.jpeg\" alt=\"Gesti\u00f3n emocional\"\/><\/figure>\n\n\n\n<h2 class=\"wp-block-heading\">Perm\u00edtete sentir<\/h2>\n\n\n\n<p class=\"wp-block-paragraph\">Tampoco debemos huir de nuestras emociones ni encasillarlas como 'buenas' o 'malas'. \"La tristeza, al igual que el resto de sentimientos, forman parte de la vida, por lo que luchar o evitar contactar con ellas puede funcionar a corto plazo, pero tambi\u00e9n generar dificultades m\u00e1s serias a la larga\", indica el especialista<strong>. Perm\u00edtete conectar y conocer<\/strong>&nbsp;<strong>c\u00f3mo te encuentras&nbsp;<\/strong>cuando est\u00e1s triste.&nbsp;\u00bfNecesitas quedarte sola y no hablar con nadie? Adelante. Puedes hacerlo siempre que seas consciente de la diferencia entre estar en casa y abandonarse en ella.<\/p>\n\n\n\n<p class=\"wp-block-paragraph\">En este contexto, es necesario saber ponerse l\u00edmites y detectar a tiempo si hemos pasado del autocuidado a la dejadez. Cuando la intensidad de tu malestar se prolongue en el tiempo y afecte a tus responsabilidades, relaciones, rendimiento en el trabajo y capacidad de disfrute ser\u00e1 el momento de que solicites ayuda profesional.<\/p>\n\n\n\n<p class=\"wp-block-paragraph\">Fuente: <a href=\"https:\/\/www.marie-claire.es\/planeta-mujer\/60609.html\" target=\"_blank\" rel=\"noreferrer noopener\">Marie-Claire.es<\/a><\/p>\n","protected":false},"excerpt":{"rendered":"<p>La vida despierta emociones que no siempre sabemos gestionar: ira, tristeza, miedo, felicidad&#8230;todas ellas son necesarias. Para entenderlas mejor, hemos hablado con diferentes profesionales que nos traen algunos consejos e informaci\u00f3n muy interesante. Vivimos en una sociedad&nbsp;muy exigente,tanto a nivel profesional como personal. Las circunstancias nos demandan ir cada vez m\u00e1s y m\u00e1s r\u00e1pido, lo [&hellip;]<\/p>\n","protected":false},"author":1,"featured_media":873,"comment_status":"open","ping_status":"open","sticky":false,"template":"","format":"standard","meta":{"_crdt_document":"","footnotes":""},"categories":[30],"tags":[],"class_list":["post-870","post","type-post","status-publish","format-standard","has-post-thumbnail","hentry","category-noticias"],"_links":{"self":[{"href":"https:\/\/fundinah.org\/index.php\/wp-json\/wp\/v2\/posts\/870","targetHints":{"allow":["GET"]}}],"collection":[{"href":"https:\/\/fundinah.org\/index.php\/wp-json\/wp\/v2\/posts"}],"about":[{"href":"https:\/\/fundinah.org\/index.php\/wp-json\/wp\/v2\/types\/post"}],"author":[{"embeddable":true,"href":"https:\/\/fundinah.org\/index.php\/wp-json\/wp\/v2\/users\/1"}],"replies":[{"embeddable":true,"href":"https:\/\/fundinah.org\/index.php\/wp-json\/wp\/v2\/comments?post=870"}],"version-history":[{"count":2,"href":"https:\/\/fundinah.org\/index.php\/wp-json\/wp\/v2\/posts\/870\/revisions"}],"predecessor-version":[{"id":874,"href":"https:\/\/fundinah.org\/index.php\/wp-json\/wp\/v2\/posts\/870\/revisions\/874"}],"wp:featuredmedia":[{"embeddable":true,"href":"https:\/\/fundinah.org\/index.php\/wp-json\/wp\/v2\/media\/873"}],"wp:attachment":[{"href":"https:\/\/fundinah.org\/index.php\/wp-json\/wp\/v2\/media?parent=870"}],"wp:term":[{"taxonomy":"category","embeddable":true,"href":"https:\/\/fundinah.org\/index.php\/wp-json\/wp\/v2\/categories?post=870"},{"taxonomy":"post_tag","embeddable":true,"href":"https:\/\/fundinah.org\/index.php\/wp-json\/wp\/v2\/tags?post=870"}],"curies":[{"name":"wp","href":"https:\/\/api.w.org\/{rel}","templated":true}]}}