{"id":854,"date":"2023-02-27T15:58:08","date_gmt":"2023-02-27T19:58:08","guid":{"rendered":"https:\/\/fundinah.org\/?p=854"},"modified":"2023-02-27T16:00:24","modified_gmt":"2023-02-27T20:00:24","slug":"que-es-el-trastorno-de-la-despersonalizacion-y-como-combatirlo","status":"publish","type":"post","link":"https:\/\/fundinah.org\/index.php\/2023\/02\/27\/que-es-el-trastorno-de-la-despersonalizacion-y-como-combatirlo\/","title":{"rendered":"Qu\u00e9 es el trastorno de la despersonalizaci\u00f3n y c\u00f3mo combatirlo"},"content":{"rendered":"\n<h5 class=\"wp-block-heading\">Ante situaciones que el cerebro es incapaz de tolerar, las personas entran en shock y rechazan integrarse con la realidad.<br><br>Qu\u00e9 es la validaci\u00f3n emocional y por qu\u00e9 es importante para regular tus sentimientos.<\/h5>\n\n\n\n<p class=\"wp-block-paragraph\"><em>editado por: CHRISTIAN RODR\u00cdGUEZ<\/em><a rel=\"noreferrer noopener\" href=\"https:\/\/www.facebook.com\/sharer\/sharer.php?u=https:\/\/www.lavanguardia.com\/vivo\/psicologia-salud-mental\/20230220\/8765147\/que-trastorno-despersonalizacion-como-combatirlo-pvlv.html\" target=\"_blank\"><\/a><a rel=\"noreferrer noopener\" href=\"https:\/\/twitter.com\/intent\/tweet?text=Qu%C3%A9%20es%20el%20trastorno%20de%20la%20despersonalizaci%C3%B3n%20y%20c%C3%B3mo%20combatirlo&amp;url=https:\/\/www.lavanguardia.com\/vivo\/psicologia-salud-mental\/20230220\/8765147\/que-trastorno-despersonalizacion-como-combatirlo-pvlv.html\" target=\"_blank\"><\/a><a rel=\"noreferrer noopener\" href=\"\/\/www.lavanguardia.com\/vivo\/psicologia-salud-mental\/20230220\/8765147\/que-trastorno-despersonalizacion-como-combatirlo-pvlv.html?utm_term=botones_sociales&amp;utm_source=whatsapp&amp;utm_medium=social\" target=\"_blank\"><\/a><\/p>\n\n\n\n<p class=\"wp-block-paragraph\">El sistema nervioso crea mecanismos de defensa ante situaciones que causan un da\u00f1o sentimental. Forma parte del instinto de supervivencia humano. Es por eso por lo que algunas personas, al encarar experiencias dolorosas, tienden a&nbsp;<a href=\"https:\/\/www.lavanguardia.com\/magazine\/psicologia\/20230124\/8695347\/sufro-desconexion-emocional-son-sintomas-principales-pvlv.html\" target=\"_blank\" rel=\"noreferrer noopener\">desconectar de sus emociones<\/a>&nbsp;y a convertirse en mero observador del proceso mental que est\u00e1 atravesando. El trastorno de la despersonalizaci\u00f3n o desrealizaci\u00f3n es un fen\u00f3meno psicopatol\u00f3gico dif\u00edcil de describir para aquellos que lo sufren. Se trata de un trastorno catalogado con entidad propia, aunque su aparici\u00f3n suele suceder a otros trastornos y patolog\u00edas.<\/p>\n\n\n\n<p class=\"wp-block-paragraph\">El sujeto paciente se siente un extra\u00f1o dentro de su propio cuerpo y se enfrenta a la despersonalizaci\u00f3n del yo. Es probable que esto se debe a que niega y reprime sus emociones y pensamientos con tal de no ahondar en su dolor y, por tanto, no est\u00e1 procesando correctamente las experiencias que ha vivido. Este trastorno es poco com\u00fan y relativamente dif\u00edcil de detectar, por lo que si act\u00faas como si lo que te pasa le ocurriera a otra persona, o sospechas que un conocido tiene la misma sensaci\u00f3n, atiende a continuaci\u00f3n a las se\u00f1ales asociadas al trastorno de la despersonalizaci\u00f3n.<\/p>\n\n\n\n<h3 class=\"wp-block-heading\">S\u00edntomas y conexiones con otros trastornos<\/h3>\n\n\n\n<p class=\"wp-block-paragraph\">El trastorno de la despersonalizaci\u00f3n cuenta con su propio marco sintomatol\u00f3gico. Su principal signo es la sensaci\u00f3n de desconexi\u00f3n tanto de la mente como del propio cuerpo y de no sentirse protagonista de los propios actos. Ello se distingue de la desrealizaci\u00f3n, que se trata del desapego que se produce hacia las personas o los objetos del entorno. La duraci\u00f3n de este trastorno es muy variable y oscila desde unas horas hasta semanas, con lo que la rutina diaria de los pacientes puede verse deteriorada. Un matiz significativo de la despersonalizaci\u00f3n es que, al igual que el resto de los trastornos disociativos, se caracteriza por la p\u00e9rdida de la consciencia de uno mismo, pero a diferencia de otras enfermedades psiqui\u00e1tricas, sus pacientes mantienen la certeza sobre la realidad.<\/p>\n\n\n\n<h3 class=\"wp-block-heading\">Causas y tratamiento de la despersonalizaci\u00f3n<\/h3>\n\n\n\n<p class=\"wp-block-paragraph\">Este tipo de trastorno surge a ra\u00edz de la vivencia de un trauma o de heridas emocionales persistentes que el cerebro es incapaz de tolerar. Pero tambi\u00e9n puede aparecer ligada a otras dolencias como las migra\u00f1as, las convulsiones, la depresi\u00f3n, las adicciones o cualquier otra enfermedad mental grave.<\/p>\n\n\n\n<p class=\"wp-block-paragraph\">Los psic\u00f3logos cl\u00ednicos ayudan a los pacientes con un trastorno de la despersonalizaci\u00f3n, mediante la detecci\u00f3n de las situaciones con las que rememoran sus vivencias traum\u00e1ticas, a que consigan procesarlas e integrarlas adecuadamente.<\/p>\n\n\n\n<p class=\"wp-block-paragraph\">Fuente: <a href=\"https:\/\/www.lavanguardia.com\/vivo\/psicologia-salud-mental\/20230220\/8765147\/que-trastorno-despersonalizacion-como-combatirlo-pvlv.html\" target=\"_blank\" rel=\"noreferrer noopener\">La Vanguardia<\/a><\/p>\n","protected":false},"excerpt":{"rendered":"<p>Ante situaciones que el cerebro es incapaz de tolerar, las personas entran en shock y rechazan integrarse con la realidad. Qu\u00e9 es la validaci\u00f3n emocional y por qu\u00e9 es importante para regular tus sentimientos. editado por: CHRISTIAN RODR\u00cdGUEZ El sistema nervioso crea mecanismos de defensa ante situaciones que causan un da\u00f1o sentimental. Forma parte del [&hellip;]<\/p>\n","protected":false},"author":1,"featured_media":855,"comment_status":"open","ping_status":"open","sticky":false,"template":"","format":"standard","meta":{"_crdt_document":"","footnotes":""},"categories":[30],"tags":[],"class_list":["post-854","post","type-post","status-publish","format-standard","has-post-thumbnail","hentry","category-noticias"],"_links":{"self":[{"href":"https:\/\/fundinah.org\/index.php\/wp-json\/wp\/v2\/posts\/854","targetHints":{"allow":["GET"]}}],"collection":[{"href":"https:\/\/fundinah.org\/index.php\/wp-json\/wp\/v2\/posts"}],"about":[{"href":"https:\/\/fundinah.org\/index.php\/wp-json\/wp\/v2\/types\/post"}],"author":[{"embeddable":true,"href":"https:\/\/fundinah.org\/index.php\/wp-json\/wp\/v2\/users\/1"}],"replies":[{"embeddable":true,"href":"https:\/\/fundinah.org\/index.php\/wp-json\/wp\/v2\/comments?post=854"}],"version-history":[{"count":3,"href":"https:\/\/fundinah.org\/index.php\/wp-json\/wp\/v2\/posts\/854\/revisions"}],"predecessor-version":[{"id":858,"href":"https:\/\/fundinah.org\/index.php\/wp-json\/wp\/v2\/posts\/854\/revisions\/858"}],"wp:featuredmedia":[{"embeddable":true,"href":"https:\/\/fundinah.org\/index.php\/wp-json\/wp\/v2\/media\/855"}],"wp:attachment":[{"href":"https:\/\/fundinah.org\/index.php\/wp-json\/wp\/v2\/media?parent=854"}],"wp:term":[{"taxonomy":"category","embeddable":true,"href":"https:\/\/fundinah.org\/index.php\/wp-json\/wp\/v2\/categories?post=854"},{"taxonomy":"post_tag","embeddable":true,"href":"https:\/\/fundinah.org\/index.php\/wp-json\/wp\/v2\/tags?post=854"}],"curies":[{"name":"wp","href":"https:\/\/api.w.org\/{rel}","templated":true}]}}