{"id":841,"date":"2023-02-20T11:30:36","date_gmt":"2023-02-20T15:30:36","guid":{"rendered":"https:\/\/fundinah.org\/?p=841"},"modified":"2023-02-20T11:30:37","modified_gmt":"2023-02-20T15:30:37","slug":"como-saber-si-se-padece-un-trastorno-de-salud-mental","status":"publish","type":"post","link":"https:\/\/fundinah.org\/index.php\/2023\/02\/20\/como-saber-si-se-padece-un-trastorno-de-salud-mental\/","title":{"rendered":"C\u00f3mo saber si se padece un trastorno de salud mental"},"content":{"rendered":"\n<h5 class=\"wp-block-heading\">En todo el mundo el 5% de los adultos sufren alteraciones en su bienestar psicol\u00f3gico. C\u00f3mo identificar los s\u00edntomas para acceder a un tratamiento adecuado, seg\u00fan expertos de Mayo Clinic<\/h5>\n\n\n\n<p class=\"wp-block-paragraph\">Uno de cada tres argentino sufre una enfermedad mental (Getty Images)<\/p>\n\n\n\n<p class=\"wp-block-paragraph\">C\u00f3mo diferenciar las reacciones a situaciones de estr\u00e9s cotidianas, las inseguridades frente a nuevos desaf\u00edos, los sentimientos intensos o repentinos, de problemas de salud mental. A veces, la respuesta es clara. Sin embargo, muchas veces la distinci\u00f3n no es tan obvia. Las normas culturales y las expectativas sociales tambi\u00e9n desempe\u00f1an un papel en la definici\u00f3n de los trastornos de salud mental. No existe una medida est\u00e1ndar en todas las culturas para determinar si un comportamiento es normal ni cu\u00e1ndo se vuelve perturbador. Lo que puede ser normal en una sociedad puede ser motivo de preocupaci\u00f3n en otra.<\/p>\n\n\n\n<p class=\"wp-block-paragraph\">Si tienes miedo de dar un discurso en p\u00fablico, \u00bfsignifica que tienes un&nbsp;<strong>trastorno de salud mental<\/strong>&nbsp;o un caso de nervios l\u00f3gicos? \u00bfEn qu\u00e9 punto la timidez se convierte en un caso de fobia social? Para aportar luz sobre estos puntos grises, los especialistas de la<strong>&nbsp;Cl\u00ednica Mayo&nbsp;<\/strong>de EEUU ofrecen ayuda para entender c\u00f3mo se identifican las afecciones de salud mental.<\/p>\n\n\n\n<h4 class=\"wp-block-heading\">\u00bfQu\u00e9 es la salud mental?<\/h4>\n\n\n\n<p class=\"wp-block-paragraph\"><img decoding=\"async\" alt=\"La estigmatizaci\u00f3n y la discriminaci\u00f3n empeoran el cuadro cl\u00ednicos de los pacientes con trastornos mentales y, en algunas ocasiones, m\u00e1s a\u00fan que el trastorno mental en s\u00ed (Getty)\" srcset=\"https:\/\/www.infobae.com\/new-resizer\/u7zG7kzlOaRSd75M4XkEGKcv6ls=\/420x236\/filters:format(webp):quality(85)\/cloudfront-us-east-1.images.arcpublishing.com\/infobae\/PBYNAIREX5HD5I4V2VWPIZVYYE.jpg 420w,https:\/\/www.infobae.com\/new-resizer\/3NSTKjM87y6sxkEvcO1608j0mns=\/768x432\/filters:format(webp):quality(85)\/cloudfront-us-east-1.images.arcpublishing.com\/infobae\/PBYNAIREX5HD5I4V2VWPIZVYYE.jpg 768w,https:\/\/www.infobae.com\/new-resizer\/UbkRKEEBsAvurlqVAQFdjiaYfAE=\/992x558\/filters:format(webp):quality(85)\/cloudfront-us-east-1.images.arcpublishing.com\/infobae\/PBYNAIREX5HD5I4V2VWPIZVYYE.jpg 992w,https:\/\/www.infobae.com\/new-resizer\/5xhvPVX2VpMx2u0jlD1seCGkCAM=\/1200x675\/filters:format(webp):quality(85)\/cloudfront-us-east-1.images.arcpublishing.com\/infobae\/PBYNAIREX5HD5I4V2VWPIZVYYE.jpg 1200w,https:\/\/www.infobae.com\/new-resizer\/pqCLjXixQO1ERa3S-wry_J3otlE=\/1440x810\/filters:format(webp):quality(85)\/cloudfront-us-east-1.images.arcpublishing.com\/infobae\/PBYNAIREX5HD5I4V2VWPIZVYYE.jpg 1440w\" src=\"https:\/\/cloudfront-us-east-1.images.arcpublishing.com\/infobae\/PBYNAIREX5HD5I4V2VWPIZVYYE.jpg\">La estigmatizaci\u00f3n y la discriminaci\u00f3n empeoran el cuadro cl\u00ednicos de los pacientes con trastornos mentales y, en algunas ocasiones, m\u00e1s a\u00fan que el trastorno mental en s\u00ed (Getty)<\/p>\n\n\n\n<p class=\"wp-block-paragraph\">La<strong>\u00a0salud mental<\/strong>\u00a0es el bienestar general de la manera en uno piensa, regula sus sentimientos y se comporta. A veces, las personas experimentan una importante\u00a0<strong>perturbaci\u00f3n\u00a0<\/strong>en este funcionamiento mental. Puede haber un trastorno mental cuando los patrones o cambios en el pensamiento, los sentimientos o el comportamiento causan angustia o alteran la capacidad de adaptaci\u00f3n de una persona. <strong>Un trastorno de salud mental puede afectar tu capacidad para lo siguiente:<\/strong><a rel=\"noreferrer noopener\" href=\"https:\/\/www.infobae.com\/salud\/2023\/02\/16\/que-es-la-demencia-frontotemporal-y-cuales-son-sus-principales-sintomas\/\" target=\"_blank\"><\/a><\/p>\n\n\n\n<p class=\"wp-block-paragraph\">&#8211; Mantener relaciones personales o familiares<\/p>\n\n\n\n<p class=\"wp-block-paragraph\">&#8211; Funcionar en entornos sociales<a rel=\"noreferrer noopener\" href=\"https:\/\/www.infobae.com\/salud\/2023\/02\/15\/desde-el-salmon-hasta-los-arandanos-7-super-alimentos-que-pueden-aliviar-la-ansiedad\/\" target=\"_blank\"><\/a><\/p>\n\n\n\n<p class=\"wp-block-paragraph\">&#8211; Desempe\u00f1arte en el trabajo o en la escuela<\/p>\n\n\n\n<p class=\"wp-block-paragraph\">&#8211; Aprender a un nivel acorde a tu edad e inteligencia<\/p>\n\n\n\n<p class=\"wp-block-paragraph\">&#8211; Participar en otras actividades importantes<\/p>\n\n\n\n<p class=\"wp-block-paragraph\"><img decoding=\"async\" srcset=\"https:\/\/www.infobae.com\/new-resizer\/PPX-DFA_egK1RMpnnIVPDTGg09I=\/420x280\/filters:format(webp):quality(85)\/cloudfront-us-east-1.images.arcpublishing.com\/infobae\/PCM7Z3SH7BBLVL4WM7JUYEHIHU.jpg 420w,https:\/\/www.infobae.com\/new-resizer\/XxBFcgaHzwrqQ1GY3RuQ5y8tgJI=\/768x512\/filters:format(webp):quality(85)\/cloudfront-us-east-1.images.arcpublishing.com\/infobae\/PCM7Z3SH7BBLVL4WM7JUYEHIHU.jpg 768w,https:\/\/www.infobae.com\/new-resizer\/rOmhhV6lLto35sjRTRoqyJqIlpw=\/992x661\/filters:format(webp):quality(85)\/cloudfront-us-east-1.images.arcpublishing.com\/infobae\/PCM7Z3SH7BBLVL4WM7JUYEHIHU.jpg 992w,https:\/\/www.infobae.com\/new-resizer\/oyXffGdQKGYmp1G-qslVdM0jxrI=\/1200x800\/filters:format(webp):quality(85)\/cloudfront-us-east-1.images.arcpublishing.com\/infobae\/PCM7Z3SH7BBLVL4WM7JUYEHIHU.jpg 1200w,https:\/\/www.infobae.com\/new-resizer\/1Ll8v1E0hPd9WJVgRLJ1xSE-EGo=\/1440x960\/filters:format(webp):quality(85)\/cloudfront-us-east-1.images.arcpublishing.com\/infobae\/PCM7Z3SH7BBLVL4WM7JUYEHIHU.jpg 1440w\" src=\"https:\/\/cloudfront-us-east-1.images.arcpublishing.com\/infobae\/PCM7Z3SH7BBLVL4WM7JUYEHIHU.jpg\" alt=\"De acuerdo con la Organizaci\u00f3n Mundial de la Salud (OMS), en el primer a\u00f1o de la pandemia por COVID-19 los casos de ansiedad y depresi\u00f3n aumentaron en un 25% (Getty Images)\">De acuerdo con la Organizaci\u00f3n Mundial de la Salud (OMS), en el primer a\u00f1o de la pandemia por COVID-19 los casos de ansiedad y depresi\u00f3n aumentaron en un 25% (Getty Images)<\/p>\n\n\n\n<p class=\"wp-block-paragraph\">El Manual Diagn\u00f3stico y Estad\u00edstico de los Trastornos Mentales (DSM, por sus siglas en ingl\u00e9s) es una gu\u00eda publicada por la<strong>&nbsp;Asociaci\u00f3n Estadounidense de Psiquiatr\u00eda&nbsp;<\/strong>que explica los signos y s\u00edntomas de varios cientos de afecciones de salud mental, entre ellas,&nbsp;<strong>la ansiedad, la depresi\u00f3n, los trastornos alimenticios, el trastorno de estr\u00e9s postraum\u00e1tico y la esquizofrenia<\/strong>.<\/p>\n\n\n\n<p class=\"wp-block-paragraph\">El DSM proporciona&nbsp;<strong>criterios para hacer un diagn\u00f3stico<\/strong>&nbsp;basado en la naturaleza, la duraci\u00f3n y el impacto de los&nbsp;<strong>signos y s\u00edntomas.<\/strong>&nbsp;Tambi\u00e9n describe el curso t\u00edpico del trastorno, los factores de riesgo y las afecciones coexistentes comunes. Otra gu\u00eda de diagn\u00f3stico que se usa com\u00fanmente es la International Classification of Diseases (Clasificaci\u00f3n Internacional de Enfermedades, ICD) de la Organizaci\u00f3n Mundial de la Salud.<\/p>\n\n\n\n<h4 class=\"wp-block-heading\">\u00bfC\u00f3mo los profesionales diagnostican los trastornos de la salud mental?<\/h4>\n\n\n\n<p class=\"wp-block-paragraph\"><img decoding=\"async\" alt=\"La ansiedad es una enfermedad multicausal, ya que puede darse por factores ambientales o por una predisposici\u00f3n gen\u00e9tica\" srcset=\"https:\/\/www.infobae.com\/new-resizer\/CGFxeLNclJjMnXrP2nvRSA44LZU=\/420x236\/filters:format(webp):quality(85)\/cloudfront-us-east-1.images.arcpublishing.com\/infobae\/3HUERDC75BEE3P3SQZW3EZBJ6Y.png 420w,https:\/\/www.infobae.com\/new-resizer\/D0dFSUMz9hQ5NMTbcxSfmPm6sek=\/768x432\/filters:format(webp):quality(85)\/cloudfront-us-east-1.images.arcpublishing.com\/infobae\/3HUERDC75BEE3P3SQZW3EZBJ6Y.png 768w,https:\/\/www.infobae.com\/new-resizer\/muaOHnfOF0CTpXsWX282D6WyUM8=\/992x558\/filters:format(webp):quality(85)\/cloudfront-us-east-1.images.arcpublishing.com\/infobae\/3HUERDC75BEE3P3SQZW3EZBJ6Y.png 992w,https:\/\/www.infobae.com\/new-resizer\/wLKJ__8S9iKEhijVA2Q8kefxfus=\/1200x675\/filters:format(webp):quality(85)\/cloudfront-us-east-1.images.arcpublishing.com\/infobae\/3HUERDC75BEE3P3SQZW3EZBJ6Y.png 1200w,https:\/\/www.infobae.com\/new-resizer\/9KNsA5j-SHl2KbLl4Vw6umWR-E8=\/1440x810\/filters:format(webp):quality(85)\/cloudfront-us-east-1.images.arcpublishing.com\/infobae\/3HUERDC75BEE3P3SQZW3EZBJ6Y.png 1440w\" src=\"https:\/\/cloudfront-us-east-1.images.arcpublishing.com\/infobae\/3HUERDC75BEE3P3SQZW3EZBJ6Y.png\">La ansiedad es una enfermedad multicausal, ya que puede darse por factores ambientales o por una predisposici\u00f3n gen\u00e9tica<\/p>\n\n\n\n<p class=\"wp-block-paragraph\">Un psiquiatra, psic\u00f3logo, asistente social cl\u00ednico u otro profesional de la salud mental puede hacer un&nbsp;<strong>diagn\u00f3stico<\/strong>&nbsp;de una afecci\u00f3n de salud mental. El m\u00e9dico cl\u00ednico o de cabecera tambi\u00e9n puede participar en una evaluaci\u00f3n diagn\u00f3stica o remitirte a un especialista en salud mental.<\/p>\n\n\n\n<p class=\"wp-block-paragraph\"><strong>El diagn\u00f3stico puede basarse en lo siguiente:<\/strong><\/p>\n\n\n\n<p class=\"wp-block-paragraph\">&#8211; Antecedentes cl\u00ednicos de enfermedad f\u00edsica o trastornos de salud mental en la persona o su familia<\/p>\n\n\n\n<p class=\"wp-block-paragraph\">&#8211; Un examen f\u00edsico completo para identificar o descartar una afecci\u00f3n que pueda estar causando los s\u00edntomas<\/p>\n\n\n\n<p class=\"wp-block-paragraph\">&#8211; Preguntas sobre las preocupaciones actuales o por qu\u00e9 se est\u00e1 buscando ayuda<\/p>\n\n\n\n<p class=\"wp-block-paragraph\">&#8211; Preguntas acerca de c\u00f3mo los eventos o cambios recientes (traumas, relaciones, trabajo, muerte de un amigo o pariente) han afectado la manera de pensar, sentir o relacionarse<\/p>\n\n\n\n<p class=\"wp-block-paragraph\">&#8211; Cuestionarios u otras pruebas formales que indagan tu opini\u00f3n sobre c\u00f3mo piensas, sientes o te comportas en situaciones t\u00edpicas<\/p>\n\n\n\n<p class=\"wp-block-paragraph\"><img decoding=\"async\" srcset=\"https:\/\/www.infobae.com\/new-resizer\/snJcBebcAwCYQGSArOUVDwpiFjY=\/420x236\/filters:format(webp):quality(85)\/cloudfront-us-east-1.images.arcpublishing.com\/infobae\/VFRMCVD67FDYBMQBU4NBOTZQOA.jpg 420w,https:\/\/www.infobae.com\/new-resizer\/ZoAwD35zrB1ECFf3dlZMQyTrwEk=\/768x432\/filters:format(webp):quality(85)\/cloudfront-us-east-1.images.arcpublishing.com\/infobae\/VFRMCVD67FDYBMQBU4NBOTZQOA.jpg 768w,https:\/\/www.infobae.com\/new-resizer\/4uxoM1C9AzeaM_HLW-meYt7nrbU=\/992x558\/filters:format(webp):quality(85)\/cloudfront-us-east-1.images.arcpublishing.com\/infobae\/VFRMCVD67FDYBMQBU4NBOTZQOA.jpg 992w,https:\/\/www.infobae.com\/new-resizer\/Chd5BYcBWupW6XJYBxnLtMefKLU=\/1200x675\/filters:format(webp):quality(85)\/cloudfront-us-east-1.images.arcpublishing.com\/infobae\/VFRMCVD67FDYBMQBU4NBOTZQOA.jpg 1200w,https:\/\/www.infobae.com\/new-resizer\/qI509OmDjuime87xMFaZVbmyWvA=\/1440x810\/filters:format(webp):quality(85)\/cloudfront-us-east-1.images.arcpublishing.com\/infobae\/VFRMCVD67FDYBMQBU4NBOTZQOA.jpg 1440w\" src=\"https:\/\/cloudfront-us-east-1.images.arcpublishing.com\/infobae\/VFRMCVD67FDYBMQBU4NBOTZQOA.jpg\" alt=\"El miedo, la preocupaci\u00f3n, la ansiedad y las consultas a los especialistas en general aumentaron en los \u00faltimos a\u00f1os (Getty Images)\">El miedo, la preocupaci\u00f3n, la ansiedad y las consultas a los especialistas en general aumentaron en los \u00faltimos a\u00f1os (Getty Images)<\/p>\n\n\n\n<p class=\"wp-block-paragraph\">&#8211; Preguntas sobre el consumo pasado y presente de alcohol y drogas<\/p>\n\n\n\n<p class=\"wp-block-paragraph\">&#8211; Un historial de trauma, abuso, crisis familiares u otros eventos importantes de la vida<\/p>\n\n\n\n<p class=\"wp-block-paragraph\">&#8211; Preguntas acerca de pensamientos pasados o actuales con respecto a la violencia contra ti mismo o contra otros<\/p>\n\n\n\n<p class=\"wp-block-paragraph\">&#8211; Cuestionarios o entrevistas completados por alguien que te conozca bien, como un padre o c\u00f3nyuge<\/p>\n\n\n\n<h4 class=\"wp-block-heading\">\u00bfCu\u00e1ndo se necesita una evaluaci\u00f3n o tratamiento?<\/h4>\n\n\n\n<p class=\"wp-block-paragraph\">Cada afecci\u00f3n de salud mental tiene sus propios signos y&nbsp;<strong>s\u00edntomas<\/strong>. Pero, en general, puede ser necesaria la ayuda profesional si tienes:<\/p>\n\n\n\n<p class=\"wp-block-paragraph\">&#8211; Cambios en la alimentaci\u00f3n y en los horarios de sue\u00f1o<\/p>\n\n\n\n<p class=\"wp-block-paragraph\">&#8211; Incapacidad para afrontar los problemas o las actividades de la vida diaria<\/p>\n\n\n\n<p class=\"wp-block-paragraph\">&#8211; Sensaci\u00f3n de desconexi\u00f3n o retiro de las actividades normales<\/p>\n\n\n\n<p class=\"wp-block-paragraph\">&#8211; Pensamientos inusuales o \u201cm\u00e1gicos\u201d<\/p>\n\n\n\n<p class=\"wp-block-paragraph\">&#8211; Ansiedad excesiva<\/p>\n\n\n\n<p class=\"wp-block-paragraph\">&#8211; Tristeza, depresi\u00f3n o apat\u00eda prolongadas<\/p>\n\n\n\n<p class=\"wp-block-paragraph\"><img decoding=\"async\" srcset=\"https:\/\/www.infobae.com\/new-resizer\/cK1jcEVFvGG-OiIrmQQRFkIiJ64=\/420x236\/filters:format(webp):quality(85)\/cloudfront-us-east-1.images.arcpublishing.com\/infobae\/SY3LQOH66FBCZID6UP4KKJHQ3U.jpg 420w,https:\/\/www.infobae.com\/new-resizer\/eZX8kb3ERwy3LovqtOQy6F6wb9Y=\/768x432\/filters:format(webp):quality(85)\/cloudfront-us-east-1.images.arcpublishing.com\/infobae\/SY3LQOH66FBCZID6UP4KKJHQ3U.jpg 768w,https:\/\/www.infobae.com\/new-resizer\/jT9tHB6rTeRB9Yeq_FufWBzOUeI=\/992x558\/filters:format(webp):quality(85)\/cloudfront-us-east-1.images.arcpublishing.com\/infobae\/SY3LQOH66FBCZID6UP4KKJHQ3U.jpg 992w,https:\/\/www.infobae.com\/new-resizer\/Nmy46mv0e3EomuldZiYHMijIZ5c=\/1200x675\/filters:format(webp):quality(85)\/cloudfront-us-east-1.images.arcpublishing.com\/infobae\/SY3LQOH66FBCZID6UP4KKJHQ3U.jpg 1200w,https:\/\/www.infobae.com\/new-resizer\/kj3rMx7kzq2X8yZyjOWoMSlGPZY=\/1440x810\/filters:format(webp):quality(85)\/cloudfront-us-east-1.images.arcpublishing.com\/infobae\/SY3LQOH66FBCZID6UP4KKJHQ3U.jpg 1440w\" src=\"https:\/\/cloudfront-us-east-1.images.arcpublishing.com\/infobae\/SY3LQOH66FBCZID6UP4KKJHQ3U.jpg\" alt=\"Existen tratamientos eficaces para la depresi\u00f3n, ya sea leve, moderada o grave (Getty)\">Existen tratamientos eficaces para la depresi\u00f3n, ya sea leve, moderada o grave (Getty)<\/p>\n\n\n\n<p class=\"wp-block-paragraph\">&#8211; Pensamientos o declaraciones sobre suicidio o da\u00f1o a otros<\/p>\n\n\n\n<p class=\"wp-block-paragraph\">&#8211; Abuso de sustancias<\/p>\n\n\n\n<p class=\"wp-block-paragraph\">&#8211; Cambios extremos de humor<\/p>\n\n\n\n<p class=\"wp-block-paragraph\">&#8211; Ira excesiva, hostilidad o comportamiento violento<\/p>\n\n\n\n<p class=\"wp-block-paragraph\">Muchas personas que tienen trastornos de salud mental consideran que sus signos y s\u00edntomas son parte normal de la vida o evitan el tratamiento por verg\u00fcenza o miedo. Si te preocupa tu salud mental, no dudes en pedir consejo.<\/p>\n\n\n\n<p class=\"wp-block-paragraph\">Consulta a tu m\u00e9dico de atenci\u00f3n primaria o pide una cita con un psiquiatra, psic\u00f3logo u otro profesional de la salud mental. Puede ser importante para ti encontrar un profesional que est\u00e9 familiarizado con tu cultura o que demuestre una comprensi\u00f3n del contexto cultural y social que sea relevante para tus experiencias e historias de vida.<\/p>\n\n\n\n<p class=\"wp-block-paragraph\">Con el apoyo apropiado, puedes identificar afecciones de salud mental y&nbsp;<strong>recibir tratamiento apropiado<\/strong>, como medicamentos o asesor\u00eda.<\/p>\n\n\n\n<p class=\"wp-block-paragraph\">Fuente: <a href=\"https:\/\/www.infobae.com\/salud\/2023\/02\/18\/como-saber-si-se-padece-un-trastorno-de-salud-mental\/?outputType=amp-type\" target=\"_blank\" rel=\"noreferrer noopener\">Infobae<\/a><\/p>\n","protected":false},"excerpt":{"rendered":"<p>En todo el mundo el 5% de los adultos sufren alteraciones en su bienestar psicol\u00f3gico. C\u00f3mo identificar los s\u00edntomas para acceder a un tratamiento adecuado, seg\u00fan expertos de Mayo Clinic Uno de cada tres argentino sufre una enfermedad mental (Getty Images) C\u00f3mo diferenciar las reacciones a situaciones de estr\u00e9s cotidianas, las inseguridades frente a nuevos [&hellip;]<\/p>\n","protected":false},"author":1,"featured_media":842,"comment_status":"open","ping_status":"open","sticky":false,"template":"","format":"standard","meta":{"_crdt_document":"","footnotes":""},"categories":[30],"tags":[],"class_list":["post-841","post","type-post","status-publish","format-standard","has-post-thumbnail","hentry","category-noticias"],"_links":{"self":[{"href":"https:\/\/fundinah.org\/index.php\/wp-json\/wp\/v2\/posts\/841","targetHints":{"allow":["GET"]}}],"collection":[{"href":"https:\/\/fundinah.org\/index.php\/wp-json\/wp\/v2\/posts"}],"about":[{"href":"https:\/\/fundinah.org\/index.php\/wp-json\/wp\/v2\/types\/post"}],"author":[{"embeddable":true,"href":"https:\/\/fundinah.org\/index.php\/wp-json\/wp\/v2\/users\/1"}],"replies":[{"embeddable":true,"href":"https:\/\/fundinah.org\/index.php\/wp-json\/wp\/v2\/comments?post=841"}],"version-history":[{"count":1,"href":"https:\/\/fundinah.org\/index.php\/wp-json\/wp\/v2\/posts\/841\/revisions"}],"predecessor-version":[{"id":843,"href":"https:\/\/fundinah.org\/index.php\/wp-json\/wp\/v2\/posts\/841\/revisions\/843"}],"wp:featuredmedia":[{"embeddable":true,"href":"https:\/\/fundinah.org\/index.php\/wp-json\/wp\/v2\/media\/842"}],"wp:attachment":[{"href":"https:\/\/fundinah.org\/index.php\/wp-json\/wp\/v2\/media?parent=841"}],"wp:term":[{"taxonomy":"category","embeddable":true,"href":"https:\/\/fundinah.org\/index.php\/wp-json\/wp\/v2\/categories?post=841"},{"taxonomy":"post_tag","embeddable":true,"href":"https:\/\/fundinah.org\/index.php\/wp-json\/wp\/v2\/tags?post=841"}],"curies":[{"name":"wp","href":"https:\/\/api.w.org\/{rel}","templated":true}]}}