{"id":837,"date":"2023-02-20T11:13:44","date_gmt":"2023-02-20T15:13:44","guid":{"rendered":"https:\/\/fundinah.org\/?p=837"},"modified":"2023-02-20T11:32:08","modified_gmt":"2023-02-20T15:32:08","slug":"837","status":"publish","type":"post","link":"https:\/\/fundinah.org\/index.php\/2023\/02\/20\/837\/","title":{"rendered":"Estos son los s\u00edntomas y rasgos de los trastornos de la personalidad"},"content":{"rendered":"\n<p class=\"wp-block-paragraph\">Los trastornos de la personalidad est\u00e1n relacionados con la capacidad de una persona de adaptarse y relacionarse con su medio de forma eficaz. Son muy heterog\u00e9neos, pero presentan algunos rasgos comunes, como el sufrimiento que causan.<\/p>\n\n\n\n<p class=\"wp-block-paragraph\">Los trastornos de la personalidad son muy heterog\u00e9neos y distintos a otros problemas de salud mental, como la&nbsp;<a href=\"https:\/\/cuidateplus.marca.com\/enfermedades\/psiquiatricas\/depresion.html\">depresi\u00f3n<\/a>&nbsp;o el&nbsp;<a href=\"https:\/\/cuidateplus.marca.com\/enfermedades\/psiquiatricas\/trastorno-bipolar.html\">trastorno bipolar<\/a>. Se calcula que afectan al 10-20% de la poblaci\u00f3n general. \u201cSon muchos, muy diferentes y&nbsp;<strong>tienen que ver con una exageraci\u00f3n de rasgos de car\u00e1cter que genera una dificultad para adaptarse al mundo<\/strong>\u201d, resume<a href=\"https:\/\/sepsm.org\/conocenos\/\">&nbsp;Marina D\u00edaz Mars\u00e1<\/a>, vicepresidenta de la Sociedad Espa\u00f1ola de Psiquiatr\u00eda y Salud Mental.&nbsp;\u201cRepresentan desviaciones extremas o significativas del modo en que el individuo normal de una cultura determinada percibe, piensa, siente y, particularmente, se relaciona con los dem\u00e1s\u201d, describe&nbsp;<a href=\"https:\/\/www.fjd.es\/es\/cuadro-medico\/ana-maria-granda-beltran\">Ana Mar\u00eda de Granda Beltr\u00e1n<\/a>, especialista en psiquiatr\u00eda del Hospital Universitario Fundaci\u00f3n Jim\u00e9nez D\u00edaz.&nbsp;<\/p>\n\n\n\n<p class=\"wp-block-paragraph\"><strong>Uno de los aspectos m\u00e1s importantes es el sufrimiento que experimentan quienes los padecen y su entorno<\/strong>. \u201cSu inicio se sit\u00faa en la adolescencia o principios de la edad adulta, son estables a lo largo del tiempo y comportan malestar\u201d, apunta De Granda, quien resalta que esta \u00faltima parte \u201ctiene mucha importancia\u201d.&nbsp;<\/p>\n\n\n\n<h4 class=\"wp-block-heading\">Criterios para diagnosticar un trastorno de personalidad<\/h4>\n\n\n\n<p class=\"wp-block-paragraph\">Para poder hacer un diagn\u00f3stico de trastorno de la personalidad tiene que haber una afectaci\u00f3n en al menos dos de las siguientes \u00e1reas:<\/p>\n\n\n\n<ul class=\"wp-block-list\">\n<li><strong>Cognici\u00f3n:<\/strong>&nbsp;formas de percibir e interpretarse a uno mismo, a otras personas y a los acontecimientos.&nbsp;<br>&nbsp;<\/li>\n\n\n\n<li><strong>Afectividad:<\/strong>&nbsp;tiene que ver con el rango, la intensidad, la labilidad y la adecuaci\u00f3n de la respuesta emocional.<br>&nbsp;<\/li>\n\n\n\n<li><strong>Funcionamiento interpersonal y control de impulsos<\/strong>.<\/li>\n<\/ul>\n\n\n\n<h4 class=\"wp-block-heading\">Tipos de trastornos de la personalidad<\/h4>\n\n\n\n<p class=\"wp-block-paragraph\">Los trastornos de la personalidad son tan heterog\u00e9neos que&nbsp;<strong>se suelen dividir en tres cl\u00fasters o grupos que comparten ciertos elementos<\/strong>. El cl\u00faster A engloba a aquellos individuos que, en palabras de D\u00edaz Mars\u00e1, \u201cno necesitan demasiado contacto con la realidad y tienen ideas un poco extravagantes\u201d. Los del cl\u00faster B son los sujetos \u201cexc\u00e9ntricos, emotivos, impulsivos, m\u00e1s teatrales y muy necesitados de atenci\u00f3n y afecto\u201d. Por \u00faltimo, en el cl\u00faster C estar\u00edan \u201clos evitativos, es decir, que evitan el contacto con los dem\u00e1s aunque lo desean, a diferencia de los del cl\u00faster A\u201d. Estos ser\u00edan los ejemplos m\u00e1s representativos de los trastornos de cada grupo y sus rasgos y s\u00edntomas m\u00e1s caracter\u00edsticos:<\/p>\n\n\n\n<h4 class=\"wp-block-heading\">Trastornos de la personalidad del grupo A<\/h4>\n\n\n\n<ul class=\"wp-block-list\">\n<li>Paranoide.&nbsp;<strong>Se caracterizan por la desconfianza y suspicacia<\/strong>, interpretando las intenciones de los dem\u00e1s como mal\u00e9volas.&nbsp;<br>&nbsp;<\/li>\n\n\n\n<li>Esquizoide.&nbsp;<strong>Sus relaciones est\u00e1n marcadas por el distanciamiento social<\/strong>&nbsp;y tambi\u00e9n tienden a limitar la expresi\u00f3n de emociones.&nbsp;<br>&nbsp;<\/li>\n\n\n\n<li>Esquizot\u00edpico. Experimentan&nbsp;<strong>un gran malestar en las relaciones \u00edntimas<\/strong>&nbsp;y tienen un comportamiento exc\u00e9ntrico.<\/li>\n<\/ul>\n\n\n\n<h4 class=\"wp-block-heading\">Trastornos de la personalidad del grupo B<\/h4>\n\n\n\n<ul class=\"wp-block-list\">\n<li>L\u00edmite.&nbsp;<strong>Gran impulsividad e inestabilidad&nbsp;<\/strong>en las relaciones con otras personas, entre otros rasgos.<br>&nbsp;<\/li>\n\n\n\n<li>Antisocial.<strong>&nbsp;Desprecio y falta de respeto hacia los dem\u00e1s<\/strong>&nbsp;y sus derechos.<br>&nbsp;<\/li>\n\n\n\n<li>Histri\u00f3nico.&nbsp;<strong>Emotividad&nbsp;excesiva y b\u00fasqueda permanente de atenci\u00f3n<\/strong>.<br>&nbsp;<\/li>\n\n\n\n<li><a href=\"https:\/\/cuidateplus.marca.com\/bienestar\/2021\/05\/02\/5-claves-identificar-narcisista-177993.html\">Narcisista<\/a>.&nbsp;<strong>Necesidad de admiraci\u00f3n y falta de empat\u00eda<\/strong>. Tendencia hacia la grandiosidad.&nbsp;<\/li>\n<\/ul>\n\n\n\n<h4 class=\"wp-block-heading\">Trastornos de la personalidad del grupo C<\/h4>\n\n\n\n<ul class=\"wp-block-list\">\n<li>Evitativo. Inhibici\u00f3n social e hipersensibilidad ante las cr\u00edticas.<br>&nbsp;<\/li>\n\n\n\n<li>Dependiente.&nbsp;<strong>Excesiva dependencia de otras personas<\/strong>, necesidad de ser cuidado y aceptado, tendencia a la sumisi\u00f3n.<br>&nbsp;<\/li>\n\n\n\n<li>Obsesivo-compulsivo. Preocupaci\u00f3n por el control y el orden.<\/li>\n<\/ul>\n\n\n\n<h4 class=\"wp-block-heading\">Trastorno l\u00edmite de la personalidad<\/h4>\n\n\n\n<p class=\"wp-block-paragraph\">El trastorno l\u00edmite es muy frecuente y, seg\u00fan D\u00edaz Mars\u00e1, produce una mayor disfuncionalidad que el resto de los trastornos de personalidad.&nbsp;<strong>Se inicia en la adolescencia y se caracteriza por \u201csentimientos de vac\u00edo, inestabilidad afectiva, actos impulsivos recurrentes<\/strong>, abuso de drogas, intentos de suicidio, agresiones, autolesiones\u2026\u201d.&nbsp;<\/p>\n\n\n\n<p class=\"wp-block-paragraph\">No est\u00e1 claro que los trastornos de la personalidad en general, y este en particular, se puedan prevenir. No obstante, tal y como apunta la psiquiatra de la Fundaci\u00f3n Jim\u00e9nez Diaz,<strong>&nbsp;en el trastorno l\u00edmite de personalidad \u201cse consideran los factores ambientales precoces<\/strong>&nbsp;(nivel socioecon\u00f3mico, psicopatolog\u00eda familiar, relaci\u00f3n padre-hijo y los eventos traum\u00e1ticos, como el abuso, maltrato o abandono infantil), factores temperamentales o caracter\u00edsticas de personalidad (como &nbsp;bajo autocontrol, la impulsividad y la inestabilidad afectiva en adolescencia) y factores gen\u00e9ticos y neurobiol\u00f3gicos como factores de riesgo\u201d.<\/p>\n\n\n\n<p class=\"wp-block-paragraph\">En el resto de trastornos tambi\u00e9n se observan condiciones que pueden favorecer su desarrollo. \u201cPor ejemplo,&nbsp;<strong>en el trastorno histri\u00f3nico el trauma de origen sexual o la sobreprotecci\u00f3n<\/strong>, y en el trastorno de evitaci\u00f3n, el temperamento t\u00edmido y la inhibici\u00f3n conductual\u201d, apunta de Granda.<\/p>\n\n\n\n<p class=\"wp-block-paragraph\">Por lo tanto, podr\u00eda existir cierto margen de prevenci\u00f3n evitando las experiencias traum\u00e1ticas. En este sentido, la psiquiatra aclara que el cribado o b\u00fasqueda sistem\u00e1tica \u201cde la presencia de los factores de riesgo m\u00e1s comunes en los j\u00f3venes representa el primer paso para el seguimiento de las personas en riesgo y el establecimiento de un tratamiento espec\u00edfico y de esta forma un mejor pron\u00f3stico\u201d.<\/p>\n\n\n\n<h4 class=\"wp-block-heading\">C\u00f3mo se tratan los trastornos de la personalidad<\/h4>\n\n\n\n<p class=\"wp-block-paragraph\">Los trastornos de la personalidad son, por definici\u00f3n, patolog\u00edas cr\u00f3nicas o con tendencia a la cronicidad. No obstante, \u201c<strong>algunos de ellos pueden mejorar con la edad o con la aplicaci\u00f3n de tratamiento adecuado<\/strong>\u201d, precisa de Granda.<\/p>\n\n\n\n<p class=\"wp-block-paragraph\">Las terapias que se aplican dependen del tipo de trastorno. \u201cEn la mayor\u00eda de los trastornos de personalidad&nbsp;<strong>el tratamiento es fundamentalmente psicoterap\u00e9utico<\/strong>, pero se pueden utilizar f\u00e1rmacos para otros problemas que a veces se asocian a ellos, como la&nbsp;<a href=\"https:\/\/cuidateplus.marca.com\/enfermedades\/psiquiatricas\/ansiedad.html\">ansiedad<\/a>&nbsp;o la depresi\u00f3n\u201d, se\u00f1ala D\u00edaz Mars\u00e1.<\/p>\n\n\n\n<p class=\"wp-block-paragraph\">A modo de ejemplo, de Granda explica que las clases de psicoterapia que se han mostrado m\u00e1s eficaces&nbsp;<strong>para el trastorno l\u00edmite de personalidad son \u201cla terapia cognitivo-conductual y la terapia conductual dial\u00e9ctica<\/strong>\u201d. Esta \u00faltima est\u00e1 especialmente indicada para abordar los s\u00edntomas de impulsividad e inestabilidad que se materializan en actos suicidas.<\/p>\n\n\n\n<p class=\"wp-block-paragraph\">En cuanto a los f\u00e1rmacos, \u201cno hay ninguno indicado como tal para cada trastorno; se eligen en funci\u00f3n de los s\u00edntomas que sean m\u00e1s acentuados y generen mayor malestar y alteraci\u00f3n en la persona\u201d. En muchos casos,<strong>&nbsp;los psicof\u00e1rmacos \u201cayudan a sentar al paciente para la psicoterapia\u201d<\/strong>, ya que si est\u00e1 \u201cmuy invadido de s\u00edntomas\u201d es dif\u00edcil que la siga adecuadamente.<\/p>\n\n\n\n<p class=\"wp-block-paragraph\">Fuente: <a rel=\"noreferrer noopener\" href=\"https:\/\/cuidateplus.marca.com\/bienestar\/2023\/02\/16\/son-sintomas-rasgos-trastornos-personalidad-180354.html\" target=\"_blank\">Cuidate plu<\/a><a rel=\"noreferrer noopener\" href=\"https:\/\/cuidateplus.marca.com\/bienestar\/2023\/02\/16\/son-sintomas-rasgos-trastornos-personalidad-180354.html\" target=\"_blank\">s<\/a><\/p>\n","protected":false},"excerpt":{"rendered":"<p>Los trastornos de la personalidad est\u00e1n relacionados con la capacidad de una persona de adaptarse y relacionarse con su medio de forma eficaz. Son muy heterog\u00e9neos, pero presentan algunos rasgos comunes, como el sufrimiento que causan. Los trastornos de la personalidad son muy heterog\u00e9neos y distintos a otros problemas de salud mental, como la&nbsp;depresi\u00f3n&nbsp;o el&nbsp;trastorno [&hellip;]<\/p>\n","protected":false},"author":1,"featured_media":838,"comment_status":"open","ping_status":"open","sticky":false,"template":"","format":"standard","meta":{"_crdt_document":"","footnotes":""},"categories":[30],"tags":[],"class_list":["post-837","post","type-post","status-publish","format-standard","has-post-thumbnail","hentry","category-noticias"],"_links":{"self":[{"href":"https:\/\/fundinah.org\/index.php\/wp-json\/wp\/v2\/posts\/837","targetHints":{"allow":["GET"]}}],"collection":[{"href":"https:\/\/fundinah.org\/index.php\/wp-json\/wp\/v2\/posts"}],"about":[{"href":"https:\/\/fundinah.org\/index.php\/wp-json\/wp\/v2\/types\/post"}],"author":[{"embeddable":true,"href":"https:\/\/fundinah.org\/index.php\/wp-json\/wp\/v2\/users\/1"}],"replies":[{"embeddable":true,"href":"https:\/\/fundinah.org\/index.php\/wp-json\/wp\/v2\/comments?post=837"}],"version-history":[{"count":3,"href":"https:\/\/fundinah.org\/index.php\/wp-json\/wp\/v2\/posts\/837\/revisions"}],"predecessor-version":[{"id":845,"href":"https:\/\/fundinah.org\/index.php\/wp-json\/wp\/v2\/posts\/837\/revisions\/845"}],"wp:featuredmedia":[{"embeddable":true,"href":"https:\/\/fundinah.org\/index.php\/wp-json\/wp\/v2\/media\/838"}],"wp:attachment":[{"href":"https:\/\/fundinah.org\/index.php\/wp-json\/wp\/v2\/media?parent=837"}],"wp:term":[{"taxonomy":"category","embeddable":true,"href":"https:\/\/fundinah.org\/index.php\/wp-json\/wp\/v2\/categories?post=837"},{"taxonomy":"post_tag","embeddable":true,"href":"https:\/\/fundinah.org\/index.php\/wp-json\/wp\/v2\/tags?post=837"}],"curies":[{"name":"wp","href":"https:\/\/api.w.org\/{rel}","templated":true}]}}