{"id":807,"date":"2023-02-07T06:32:39","date_gmt":"2023-02-07T10:32:39","guid":{"rendered":"https:\/\/fundinah.org\/?p=807"},"modified":"2023-02-07T06:33:12","modified_gmt":"2023-02-07T10:33:12","slug":"807","status":"publish","type":"post","link":"https:\/\/fundinah.org\/index.php\/2023\/02\/07\/807\/","title":{"rendered":"Qu\u00e9 es la distimia: el trastorno que quiz\u00e1s tienes y no sabes que padeces"},"content":{"rendered":"\n<h2 class=\"wp-block-heading\">Te contamos qu\u00e9 es este sentimiento de tristeza constante que puede afectar a las relaciones sociales y a los quehaceres diarios<\/h2>\n\n\n\n<p class=\"wp-block-paragraph\">\u00bfTe sientes&nbsp;<strong>triste o ap\u00e1tico<\/strong>&nbsp;con mucha frecuencia, o te encuentras con&nbsp;<strong>falta de inter\u00e9s<\/strong>&nbsp;en las actividades diarias que realizas? Pues bien, esto puede ser&nbsp;<strong>s\u00edntoma de un trastorno de salud mental<\/strong>&nbsp;que, quiz\u00e1s, no sabes que padeces, la llamada&nbsp;<strong>distimia<\/strong>. Y es que, a ra\u00edz de la pandemia, muchas son las consecuencias psicol\u00f3gicas que han hecho mella en nuestra sociedad como, por ejemplo, la depresi\u00f3n, la ansiedad o el estr\u00e9s. Estas afecciones se han vuelto m\u00e1s comunes de lo habitual. De hecho, han pasado de ser temas tab\u00faes a protagonistas en estos \u00faltimos a\u00f1os. Seg\u00fan un informe cient\u00edfico<a href=\"https:\/\/www.who.int\/es\/news-room\/fact-sheets\/detail\/depression\" rel=\"noreferrer noopener\" target=\"_blank\">&nbsp;publicado por la Organizaci\u00f3n Mundial de la Salud<\/a>&nbsp;(OMS),&nbsp;<strong>en el primer a\u00f1o del coronavirus la prevalencia mundial de la ansiedad y la depresi\u00f3n aument\u00f3 un 25%.<\/strong><\/p>\n\n\n\n<h2 class=\"wp-block-heading\"><strong>\u00bfQu\u00e9 es la distimia?<\/strong><\/h2>\n\n\n\n<p class=\"wp-block-paragraph\">La distimia se considera un\u00a0<strong>trastorno depresivo<\/strong>\u00a0<strong>persistente<\/strong>, es decir, una forma de depresi\u00f3n continua y duradera en el tiempo. Esta se caracteriza por largos periodos de tristeza, algo que provoca que la persona que lo sufre se encuentre mal en todo momento y en\u00a0<a href=\"https:\/\/www.cope.es\/actualidad\/espana\/noticias\/salud-refuerza-las-unidades-salud-mental-con-profesionales-referentes-prevencion-del-suicidio-20220909_2280371\">un agujero sin salida<\/a>. Cabe destacar que, aunque es m\u00e1s normal que se\u00a0<strong>d\u00e9 en personas mayores<\/strong>, tras el confinamiento durante la pandemia ha hecho que tambi\u00e9n surja entre los ni\u00f1os y los adolescentes.<\/p>\n\n\n\n<p class=\"wp-block-paragraph\">Este tipo de trastornos tiene unos&nbsp;<strong>s\u00edntomas m\u00e1s leves que la propia depresi\u00f3n,<\/strong>&nbsp;pero suelen ser m\u00e1s persistentes hasta llegar a convertirse en algo cr\u00f3nico. La distimia en adultos tiene una duraci\u00f3n superior a dos a\u00f1os, mientras que en los m\u00e1s j\u00f3venes es de un a\u00f1o. Este es un problema que<strong>&nbsp;afecta a m\u00e1s de un 5%&nbsp;<\/strong>de la poblaci\u00f3n a nivel mundial.<\/p>\n\n\n\n<h2 class=\"wp-block-heading\"><strong>\u00bfQu\u00e9 consecuencias tiene?<\/strong><\/h2>\n\n\n\n<p class=\"wp-block-paragraph\">Entre las m\u00faltiples consecuencias est\u00e1 la&nbsp;<strong>falta de inter\u00e9s&nbsp;<\/strong>por realizar las actividades normales de la vida cotidiana. Adem\u00e1s, en la mayor\u00eda de las ocasiones puede que la persona que lo sufre&nbsp;<strong>no tenga energ\u00eda&nbsp;<\/strong>y&nbsp;<strong>tampoco se sienta optimista<\/strong>&nbsp;con lo que le sucede alrededor. Asimismo, se suele sentir&nbsp;<strong>desesperanzada, improductiva y con baja autoestima.<\/strong>&nbsp;Estos son sentimientos que duran a\u00f1os y pueden afectar a las relaciones sociales, al trabajo y las actividades cotidianas. Pero no solo esto es lo que le acompa\u00f1a normalmente, sino que tambi\u00e9n puede presentar&nbsp;<strong><\/strong>pensamientos de muerte o suicidas<strong><\/strong>, intentos de suicidio, o&nbsp;<strong>aislamiento social<\/strong>.<\/p>\n\n\n\n<p class=\"wp-block-paragraph\">Para el diagn\u00f3stico de la distimia, el paciente tiene que presentar una tristeza prolongada durante al menos dos a\u00f1os, adem\u00e1s de los problemas ya se\u00f1alados anteriormente. Estos s\u00edntomas pueden parecerse a los de otros trastornos psiqui\u00e1tricos. A menudo, el diagn\u00f3stico de la persona se hace despu\u00e9s de un examen minucioso y<strong>&nbsp;una historia m\u00e9dica realizados por un especialista u otro profesional de la salud mental.<\/strong><\/p>\n\n\n\n<h2 class=\"wp-block-heading\"><strong><\/strong><strong>\u00bfC\u00f3mo combatir la distimia?<\/strong><\/h2>\n\n\n\n<p class=\"wp-block-paragraph\"><strong><\/strong>Es importante destacar que<strong>&nbsp;la distimia tiene cura<\/strong>. Su tratamiento lo determinar\u00e1 el m\u00e9dico. Sin embargo, la distimia se puede combatir, aunque&nbsp;<strong>no hay una medida 100% que pueda prevenirla<\/strong>. S\u00ed que es verdad que los doctores aseguran que es un trastorno que se suele desarrollar en la ni\u00f1ez, incluso en la adolescencia. Esto es importante identificarlo cuanto antes en los m\u00e1s peque\u00f1os, ya que pueden acabar sufriendo depresi\u00f3n.<\/p>\n\n\n\n<figure class=\"wp-block-image\"><img decoding=\"async\" src=\"https:\/\/cope-cdnmed.agilecontent.com\/resources\/jpg\/0\/9\/1663347425090.jpg\" alt=\"\u00bfQu\u00e9 es la distimia?: el trastorno que quiz\u00e1s tienes y no sabes que padeces\"\/><figcaption class=\"wp-element-caption\">\u00bfQu\u00e9 es la distimia?: el trastorno que quiz\u00e1s tienes y no sabes que padeces<\/figcaption><\/figure>\n\n\n\n<p class=\"wp-block-paragraph\">Adem\u00e1s, tambi\u00e9n&nbsp;<strong>se pueden controlar los s\u00edntomas<\/strong>. En este caso, podemos medir el estr\u00e9s -con el fin de aumentar la resiliencia y subir la autoestima-; as\u00ed como apoyarse en los amigos y familiares, sobre todo en los momentos de ca\u00edda o de crisis, para que que puedan sostenerte. Tambi\u00e9n, hay que buscar ayuda y que el m\u00e9dico designe el tratamiento m\u00e1s adecuado seg\u00fan los s\u00edntomas, para que estos no empeoren, y tampoco descartarlo a largo plazo para evitar reca\u00eddas. Lo m\u00e1s importante es&nbsp;<strong>acudir a un especialista<\/strong>&nbsp;para que haga un seguimiento del estado an\u00edmico de la persona.<\/p>\n\n\n\n<p class=\"wp-block-paragraph\">Fuente: <a rel=\"noreferrer noopener\" href=\"https:\/\/www.cope.es\/actualidad\/vivir\/amp\/noticias\/distimia-trastorno-quizas-tienes-sabes-padeces-20230123_2293102#amp_tf=De%20%251%24s&amp;aoh=16746800164870&amp;csi=0&amp;referrer=https%3A%2F%2Fwww.google.com\" target=\"_blank\">Cope<\/a><\/p>\n","protected":false},"excerpt":{"rendered":"<p>Te contamos qu\u00e9 es este sentimiento de tristeza constante que puede afectar a las relaciones sociales y a los quehaceres diarios \u00bfTe sientes&nbsp;triste o ap\u00e1tico&nbsp;con mucha frecuencia, o te encuentras con&nbsp;falta de inter\u00e9s&nbsp;en las actividades diarias que realizas? Pues bien, esto puede ser&nbsp;s\u00edntoma de un trastorno de salud mental&nbsp;que, quiz\u00e1s, no sabes que padeces, la [&hellip;]<\/p>\n","protected":false},"author":1,"featured_media":808,"comment_status":"open","ping_status":"open","sticky":false,"template":"","format":"standard","meta":{"_crdt_document":"","footnotes":""},"categories":[30],"tags":[],"class_list":["post-807","post","type-post","status-publish","format-standard","has-post-thumbnail","hentry","category-noticias"],"_links":{"self":[{"href":"https:\/\/fundinah.org\/index.php\/wp-json\/wp\/v2\/posts\/807","targetHints":{"allow":["GET"]}}],"collection":[{"href":"https:\/\/fundinah.org\/index.php\/wp-json\/wp\/v2\/posts"}],"about":[{"href":"https:\/\/fundinah.org\/index.php\/wp-json\/wp\/v2\/types\/post"}],"author":[{"embeddable":true,"href":"https:\/\/fundinah.org\/index.php\/wp-json\/wp\/v2\/users\/1"}],"replies":[{"embeddable":true,"href":"https:\/\/fundinah.org\/index.php\/wp-json\/wp\/v2\/comments?post=807"}],"version-history":[{"count":2,"href":"https:\/\/fundinah.org\/index.php\/wp-json\/wp\/v2\/posts\/807\/revisions"}],"predecessor-version":[{"id":810,"href":"https:\/\/fundinah.org\/index.php\/wp-json\/wp\/v2\/posts\/807\/revisions\/810"}],"wp:featuredmedia":[{"embeddable":true,"href":"https:\/\/fundinah.org\/index.php\/wp-json\/wp\/v2\/media\/808"}],"wp:attachment":[{"href":"https:\/\/fundinah.org\/index.php\/wp-json\/wp\/v2\/media?parent=807"}],"wp:term":[{"taxonomy":"category","embeddable":true,"href":"https:\/\/fundinah.org\/index.php\/wp-json\/wp\/v2\/categories?post=807"},{"taxonomy":"post_tag","embeddable":true,"href":"https:\/\/fundinah.org\/index.php\/wp-json\/wp\/v2\/tags?post=807"}],"curies":[{"name":"wp","href":"https:\/\/api.w.org\/{rel}","templated":true}]}}