{"id":776,"date":"2023-01-16T10:22:06","date_gmt":"2023-01-16T14:22:06","guid":{"rendered":"https:\/\/fundinah.org\/?p=776"},"modified":"2023-01-16T10:22:07","modified_gmt":"2023-01-16T14:22:07","slug":"la-ciencia-busca-nuevos-metodos-para-combatir-la-depresion-deteccion-precoz-de-los-riesgos-y-tratamientos-individualizados","status":"publish","type":"post","link":"https:\/\/fundinah.org\/index.php\/2023\/01\/16\/la-ciencia-busca-nuevos-metodos-para-combatir-la-depresion-deteccion-precoz-de-los-riesgos-y-tratamientos-individualizados\/","title":{"rendered":"La ciencia busca nuevos m\u00e9todos para combatir la depresi\u00f3n: detecci\u00f3n precoz de los riesgos y tratamientos individualizados"},"content":{"rendered":"\n<h4 class=\"wp-block-heading\">El 7,2\u202f% de la poblaci\u00f3n de la UE sufre de depresi\u00f3n cr\u00f3nica y la cifra se multiplica por cuatro en el caso de las mujeres<\/h4>\n\n\n\n<p class=\"wp-block-paragraph\">Por: VITTORIA D&#8217;ALESSIO<\/p>\n\n\n\n<p class=\"wp-block-paragraph\">La depresi\u00f3n es una enfermedad cr\u00f3nica que se caracteriza por un bajo estado de \u00e1nimo persistente y, quienes la padecen, tras sufrir un primer episodio que llega a alterar sus vidas cotidianas, suelen tener reca\u00eddas. Cerca de la mitad de personas que han pasado por una depresi\u00f3n la padecen m\u00e1s de una vez. A muchos pacientes, esta afecci\u00f3n les acompa\u00f1a de por vida. Solo en la Uni\u00f3n Europea, el&nbsp;<a href=\"https:\/\/ec.europa.eu\/eurostat\/web\/products-eurostat-news\/-\/edn-20210910-1\">7,2\u202f% de la poblaci\u00f3n<\/a>&nbsp;sufre de depresi\u00f3n cr\u00f3nica y, en el caso de las mujeres, el riesgo se multiplica por cuatro.<\/p>\n\n\n\n<p class=\"wp-block-paragraph\">Mientras la comunidad m\u00e9dica y cient\u00edfica trabaja para mantener esta epidemia global bajo control, una de las ideas que va tomando m\u00e1s fuerza es la de detectar de forma temprana a quienes est\u00e9n en riesgo de sufrir depresi\u00f3n, ya que con ello se protege su salud mental futura.<\/p>\n\n\n\n<p class=\"wp-block-paragraph\">\u201cSe est\u00e1 haciendo cada vez m\u00e1s patente que un primer episodio de depresi\u00f3n es el desencadenante de un segundo episodio, por lo que desde un punto de vista cient\u00edfico, existe la probabilidad de que al prevenir el primer episodio se evite el siguiente\u201d, explica Eiko Fried, profesor asociado de Psicolog\u00eda en la Universidad de Leiden, en Pa\u00edses Bajos. Tambi\u00e9n es el investigador principal de&nbsp;<a href=\"https:\/\/cordis.europa.eu\/project\/id\/949059\/es\">WARN-D<\/a>, un proyecto financiado por la UE con el objetivo de predecir qui\u00e9n corre el riesgo de \u201ccaer en el pozo\u201d para despu\u00e9s crear un programa personalizado para evitarlo. El proyecto empez\u00f3 en 2021 y se extender\u00e1 hasta 2026.<\/p>\n\n\n\n<h3 class=\"wp-block-heading\">Primeros s\u00edntomas<\/h3>\n\n\n\n<p class=\"wp-block-paragraph\">Si bien ya existen programas de prevenci\u00f3n, incluidas las intervenciones psicol\u00f3gicas dirigidas a fomentar la resiliencia, estos solo pueden funcionar cuando el riesgo de padecer un episodio depresivo se identifica a tiempo. WARN-D es el primer estudio que intenta desarrollar un sistema fiable de alerta precoz.<\/p>\n\n\n\n<p class=\"wp-block-paragraph\">Consistir\u00e1 en una aplicaci\u00f3n para tel\u00e9fonos inteligentes capaz de monitorizar la salud mental de un usuario en tiempo real y de combinar esta informaci\u00f3n con los datos de su entorno social, psicol\u00f3gico y biol\u00f3gico. El objetivo es detectar el momento en que la persona est\u00e1 llegando a su l\u00edmite personal, es decir, el momento cr\u00edtico en el que una acumulaci\u00f3n de problemas la ponen en riesgo de derrumbarse. El desarrollo de la aplicaci\u00f3n empezar\u00e1 en los pr\u00f3ximos dos a\u00f1os. Primero, el equipo investigador tiene que analizar enormes cantidades de datos en busca de rasgos comunes entre las personas propensas a la depresi\u00f3n.<\/p>\n\n\n\n<p class=\"wp-block-paragraph\">Su objetivo es agrupar a las personas seg\u00fan un complejo conjunto de rasgos, que incluyen la personalidad (por ejemplo, extrovertida frente a introvertida), los factores que han catalizado el desarrollo de su trastorno (como una infancia traum\u00e1tica) y la capacidad innata de una persona para recuperarse de los contratiempos (tambi\u00e9n conocida como resiliencia). Es probable que los distintos grupos no respondan a la misma intervenci\u00f3n, lo que significa que el programa preventivo debe adaptarse a cada grupo para que los resultados sean positivos.<\/p>\n\n\n\n<h3 class=\"wp-block-heading\">La juventud en riesgo<\/h3>\n\n\n\n<p class=\"wp-block-paragraph\">La muestra del estudio es de 2\u202f.000 estudiantes adultos j\u00f3venes (captados en grupos sucesivos de 500), residentes en los Pa\u00edses Bajos. Las personas de este grupo demogr\u00e1fico se ven desproporcionadamente afectadas por<a href=\"https:\/\/elpais.com\/salud-y-bienestar\/2022-11-21\/consejos-utiles-si-tienes-un-ser-querido-con-depresion.html\" target=\"_blank\" rel=\"noreferrer noopener\">&nbsp;la depresi\u00f3n<\/a>&nbsp;y, en consecuencia, revisten especial inter\u00e9s para la comunidad investigadora. \u201cPadecer depresi\u00f3n a una edad temprana se asocia a peores resultados cl\u00ednicos a lo largo de la vida\u201d, afirma Fried. \u201cMuchas personas j\u00f3venes pasar\u00e1n m\u00e1s del 20\u202f% de su vida en estado de depresi\u00f3n\u201d.<\/p>\n\n\n\n<p class=\"wp-block-paragraph\">Otra ventaja de seleccionar a j\u00f3venes estudiantes es que es m\u00e1s f\u00e1cil convencerles (con la ayuda de un incentivo en met\u00e1lico de hasta 90 euros) de que lleven un smartwatch d\u00eda y noche durante los tres primeros meses del estudio, que durar\u00e1 dos a\u00f1os. El reloj registra la actividad, desde los pasos dados hasta las&nbsp;<a href=\"https:\/\/elpais.com\/salud-y-bienestar\/2022-09-10\/la-falta-de-sueno-es-un-factor-de-riesgo-para-el-desarrollo-de-depresion-en-la-adolescencia.html\" target=\"_blank\" rel=\"noreferrer noopener\">horas de sue\u00f1o<\/a>, y detecta los niveles de estr\u00e9s mediante un sensor de frecuencia cardiaca.<\/p>\n\n\n\n<p class=\"wp-block-paragraph\">Adem\u00e1s, cuatro veces al d\u00eda se les hacen preguntas sobre aspectos relativos a c\u00f3mo se encuentran en ese momento y que se cree que influyen en la depresi\u00f3n. Las preguntas pueden tratar sobre c\u00f3mo han dormido, cu\u00e1l es su grado de felicidad o enfado, o qu\u00e9 est\u00e1n haciendo en ese preciso momento. Adem\u00e1s, cada domingo se les hacen preguntas m\u00e1s generales sobre<a href=\"https:\/\/elpais.com\/mamas-papas\/familia\/2022-05-31\/escuchar-validar-entender-tres-principios-clave-para-hacer-frente-a-la-ansiedad-adolescente.html\" target=\"_blank\" rel=\"noreferrer noopener\">&nbsp;ansiedad y depresi\u00f3n<\/a>; por ejemplo, sobre cu\u00e1les han sido los mejores y peores acontecimientos de la semana.M\u00c1S INFORMACI\u00d3N<\/p>\n\n\n\n<p class=\"wp-block-paragraph\"><a href=\"https:\/\/elpais.com\/salud-y-bienestar\/2022-06-23\/por-que-estamos-cada-vez-mas-deprimidos.html#?rel=mas_sumario\">Por qu\u00e9 estamos cada vez m\u00e1s deprimidos<\/a><\/p>\n\n\n\n<p class=\"wp-block-paragraph\">\u201cNuestro gran objetivo es averiguar qu\u00e9 diferencias existen entre las personas en relaci\u00f3n con su respuesta al estr\u00e9s y en qu\u00e9 se parecen\u201d, afirma el Fried. \u201cUna vez que detectemos los aspectos comunes, podremos empezar a trabajar en sistemas que fortalezcan la resiliencia de la gente\u201d.<\/p>\n\n\n\n<h3 class=\"wp-block-heading\">\u00bfPor qu\u00e9 esta tristeza?<\/h3>\n\n\n\n<p class=\"wp-block-paragraph\">Los s\u00edntomas de la depresi\u00f3n van desde la tristeza intensa, el cansancio y la dificultad para pensar hasta los<a href=\"https:\/\/elpais.com\/salud-y-bienestar\/2022-07-19\/puede-un-trastorno-del-sueno-predecir-el-parkinson-anos-antes-de-su-manifestacion-evidente.html\" target=\"_blank\" rel=\"noreferrer noopener\">&nbsp;trastornos del sue\u00f1o<\/a>, la p\u00e9rdida de apetito y la falta de inter\u00e9s por actividades que antes resultaban placenteras.<\/p>\n\n\n\n<p class=\"wp-block-paragraph\">Casi con toda seguridad, las causas de esta enfermedad se deben a la interacci\u00f3n de muchos factores, algunos biol\u00f3gicos y otros ambientales. Puede que, en cierta medida, los genes tambi\u00e9n influyan, ya que es m\u00e1s probable que una persona desarrolle una depresi\u00f3n si alg\u00fan miembro de su familia tambi\u00e9n la ha padecido. Sin embargo, todo el mundo puede caer en una depresi\u00f3n. Entre los posibles factores desencadenantes figuran&nbsp;<a href=\"https:\/\/elpais.com\/salud-y-bienestar\/2022-07-05\/cuanto-pesa-el-estres-laboral-en-tu-salud-mental-del-burnout-a-la-depresion.html\" target=\"_blank\" rel=\"noreferrer noopener\">el estr\u00e9s<\/a>, la pobreza, la enfermedad, los cambios hormonales y los acontecimientos traum\u00e1ticos, como una infancia dif\u00edcil o un proceso de duelo.<\/p>\n\n\n\n<p class=\"wp-block-paragraph\">Si bien algunos estudios demuestran que los f\u00e1rmacos pueden ser de ayuda, ahora mismo, la efectividad de<a href=\"https:\/\/elpais.com\/cultura\/2023-01-06\/flavita-banana-dibujante-tomo-antidepresivos-todavia-hay-gente-que-no-ve-esa-relacion-entre-humor-y-tristeza.html\" target=\"_blank\" rel=\"noreferrer noopener\">&nbsp;los antidepresivos&nbsp;<\/a>suele ser cuesti\u00f3n de azar, ya que solo la mitad de los pacientes responden positivamente a su primera prescripci\u00f3n. Acertar con la medicaci\u00f3n desde el primer momento tendr\u00eda un efecto muy positivo tanto en las personas con depresi\u00f3n como en la econom\u00eda, y aliviar\u00eda la presi\u00f3n sobre los profesionales de la medicina.<\/p>\n\n\n\n<p class=\"wp-block-paragraph\">Talia Cohen Solal es neurocient\u00edfica y directora ejecutiva de Genetika+, una empresa israel\u00ed que desarrolla herramientas para crear tratamientos personalizados contra la depresi\u00f3n. \u201cActualmente, nuestra estrategia para encontrar la medicaci\u00f3n correcta es la de ensayo y error\u201d, explica. \u201cComo resultado, el 63\u202f% de los pacientes prueba varios f\u00e1rmacos y un tercio no responde al tratamiento despu\u00e9s de dos rondas\u201d.<\/p>\n\n\n\n<h3 class=\"wp-block-heading\">Cerebro en una placa de Petri<\/h3>\n\n\n\n<p class=\"wp-block-paragraph\">En su proyecto\u202f<a href=\"https:\/\/cordis.europa.eu\/project\/id\/190160513\">RxMine<\/a>, financiado por la UE, Cohen Solal utiliza un modelo de \u201ccerebro en una placa de Petri\u201d (en el laboratorio, mediante tecnolog\u00eda de c\u00e9lulas madre, se generan c\u00e9lulas madre y redes cerebrales humanas a partir de muestras de sangre de los pacientes) para determinar el antidepresivo \u00f3ptimo para cada paciente.<\/p>\n\n\n\n<p class=\"wp-block-paragraph\">En investigaciones anteriores, el equipo de la investigadora descubri\u00f3 cambios celulares espec\u00edficos denominados \u201c<a href=\"https:\/\/elpais.com\/sociedad\/2022-01-26\/biomarcadores-el-rastro-biologico-que-deja-el-cancer.html\" target=\"_blank\" rel=\"noreferrer noopener\">biomarcadores<\/a>\u201d en el tejido cerebral que est\u00e1n relacionados con la capacidad de respuesta de un paciente a un f\u00e1rmaco determinado. Para que una persona responda de forma positiva a un antidepresivo, deben encontrarse suficientes cambios en los niveles de los biomarcadores correspondientes en los modelos cerebrales generados.<\/p>\n\n\n\n<p class=\"wp-block-paragraph\">El personal investigador sue\u00f1a con que alg\u00fan d\u00eda a todas las personas con depresi\u00f3n se les realice una prueba para determinar qu\u00e9 f\u00e1rmaco es el m\u00e1s adecuado para ellas. Esto podr\u00eda reducir en un\u202f43\u202f%<a href=\"https:\/\/pubmed.ncbi.nlm.nih.gov\/29474009\/\" target=\"_blank\" rel=\"noreferrer noopener\">&nbsp;los costes sanitarios<\/a>&nbsp;relacionados con la depresi\u00f3n, lo que supondr\u00eda un ahorro anual de hasta 6.500\u202f\u20ac por paciente.<\/p>\n\n\n\n<p class=\"wp-block-paragraph\">El equipo est\u00e1 ampliando sus estudios con nuevos f\u00e1rmacos, a la vez que trabaja en formas de hacer m\u00e1s eficientes sus procedimientos de an\u00e1lisis. \u201cEsperamos tener algo que podamos poner en marcha en un plazo de dos a\u00f1os\u201d, afirma Cohen Solal. \u201cNuestra principal aspiraci\u00f3n es tratar de encontrar r\u00e1pidamente el tratamiento adecuado a cada paciente y que no tengan que pasar por el inaceptable y peligroso proceso de ensayo y error para encontrar su medicaci\u00f3n\u201d.<\/p>\n\n\n\n<p class=\"wp-block-paragraph\"><em>La investigaci\u00f3n descrita en este art\u00edculo ha sido financiada con fondos de la UE. Art\u00edculo publicado originalmente en&nbsp;<\/em><a href=\"https:\/\/ec.europa.eu\/research-and-innovation\/en\/horizon-magazine?pk_campaign=search_campaign&amp;pk_source=google&amp;pk_medium=search\"><em>Horizon<\/em><\/a><em>, la Revista de Investigaci\u00f3n e Innovaci\u00f3n de la Uni\u00f3n Europea.<\/em><\/p>\n\n\n\n<p class=\"wp-block-paragraph\">Fuente: <a rel=\"noreferrer noopener\" href=\"https:\/\/elpais.com\/salud-y-bienestar\/2023-01-16\/la-ciencia-busca-nuevos-metodos-para-combatir-la-depresion-deteccion-precoz-de-los-riesgos-y-tratamientos-individualizados.html\" target=\"_blank\">El Pai<\/a><a rel=\"noreferrer noopener\" href=\"https:\/\/elpais.com\/salud-y-bienestar\/2023-01-16\/la-ciencia-busca-nuevos-metodos-para-combatir-la-depresion-deteccion-precoz-de-los-riesgos-y-tratamientos-individualizados.html\" target=\"_blank\">s<\/a><\/p>\n","protected":false},"excerpt":{"rendered":"<p>El 7,2\u202f% de la poblaci\u00f3n de la UE sufre de depresi\u00f3n cr\u00f3nica y la cifra se multiplica por cuatro en el caso de las mujeres Por: VITTORIA D&#8217;ALESSIO La depresi\u00f3n es una enfermedad cr\u00f3nica que se caracteriza por un bajo estado de \u00e1nimo persistente y, quienes la padecen, tras sufrir un primer episodio que llega [&hellip;]<\/p>\n","protected":false},"author":1,"featured_media":777,"comment_status":"open","ping_status":"open","sticky":false,"template":"","format":"standard","meta":{"_crdt_document":"","footnotes":""},"categories":[30],"tags":[],"class_list":["post-776","post","type-post","status-publish","format-standard","has-post-thumbnail","hentry","category-noticias"],"_links":{"self":[{"href":"https:\/\/fundinah.org\/index.php\/wp-json\/wp\/v2\/posts\/776","targetHints":{"allow":["GET"]}}],"collection":[{"href":"https:\/\/fundinah.org\/index.php\/wp-json\/wp\/v2\/posts"}],"about":[{"href":"https:\/\/fundinah.org\/index.php\/wp-json\/wp\/v2\/types\/post"}],"author":[{"embeddable":true,"href":"https:\/\/fundinah.org\/index.php\/wp-json\/wp\/v2\/users\/1"}],"replies":[{"embeddable":true,"href":"https:\/\/fundinah.org\/index.php\/wp-json\/wp\/v2\/comments?post=776"}],"version-history":[{"count":1,"href":"https:\/\/fundinah.org\/index.php\/wp-json\/wp\/v2\/posts\/776\/revisions"}],"predecessor-version":[{"id":778,"href":"https:\/\/fundinah.org\/index.php\/wp-json\/wp\/v2\/posts\/776\/revisions\/778"}],"wp:featuredmedia":[{"embeddable":true,"href":"https:\/\/fundinah.org\/index.php\/wp-json\/wp\/v2\/media\/777"}],"wp:attachment":[{"href":"https:\/\/fundinah.org\/index.php\/wp-json\/wp\/v2\/media?parent=776"}],"wp:term":[{"taxonomy":"category","embeddable":true,"href":"https:\/\/fundinah.org\/index.php\/wp-json\/wp\/v2\/categories?post=776"},{"taxonomy":"post_tag","embeddable":true,"href":"https:\/\/fundinah.org\/index.php\/wp-json\/wp\/v2\/tags?post=776"}],"curies":[{"name":"wp","href":"https:\/\/api.w.org\/{rel}","templated":true}]}}