{"id":633,"date":"2022-12-12T13:58:10","date_gmt":"2022-12-12T17:58:10","guid":{"rendered":"https:\/\/fundinah.org\/?p=633"},"modified":"2022-12-12T13:58:43","modified_gmt":"2022-12-12T17:58:43","slug":"covid-y-salud-mental-el-confinamiento-causo-mas-ansiedad-y-depresion-en-personas-con-esquizofrenia","status":"publish","type":"post","link":"https:\/\/fundinah.org\/index.php\/2022\/12\/12\/covid-y-salud-mental-el-confinamiento-causo-mas-ansiedad-y-depresion-en-personas-con-esquizofrenia\/","title":{"rendered":"Covid y Salud Mental: El confinamiento caus\u00f3 m\u00e1s ansiedad y depresi\u00f3n en personas con esquizofrenia"},"content":{"rendered":"\n<h6 class=\"wp-block-heading\">L\u00edderes en el consumo de psicof\u00e1rmacos<\/h6>\n\n\n\n<p class=\"wp-block-paragraph\">Los investigadores han evaluado los efectos del confinamiento en los niveles de ansiedad y depresi\u00f3n de 102 personas con esquizofrenia<\/p>\n\n\n\n<p class=\"wp-block-paragraph\">Las restricciones a la movilidad que supuso el confinamiento por la&nbsp;<strong>pandemia&nbsp;<\/strong>de&nbsp;<strong>Covid-19<\/strong>&nbsp;afectaron especialmente a los grupos m\u00e1s vulnerables, como las personas con esquizofrenia, que incrementaron su medicaci\u00f3n ante el aumento de los niveles de ansiedad y depresi\u00f3n.<\/p>\n\n\n\n<p class=\"wp-block-paragraph\">As\u00ed se desprende de un estudio realizado por la universidad&nbsp;<strong>CEU UCH, el Centro de Referencia Estatal de Atenci\u00f3n Psicosocial a Personas con Trastorno Mental Grave (CREAP) del Imserso y el Consorcio Hospitalario Provincial de Castell\u00f3n,<\/strong>&nbsp;que ha sido publicado en la revista cient\u00edfica internacional Healthcare.<\/p>\n\n\n\n<p class=\"wp-block-paragraph\">A trav\u00e9s del dise\u00f1o de un cuestionario 'online', los investigadores han evaluado los efectos que tuvo el confinamiento en los niveles de ansiedad y depresi\u00f3n de 102 personas con esquizofrenia del CREAP y del CHPC, as\u00ed como en otras variables relacionadas con los&nbsp;<strong>h\u00e1bitos de vida, como la adhesi\u00f3n a la dieta mediterr\u00e1nea, la frecuencia de ejercicio f\u00edsico y el consumo de tabaco<\/strong>.<\/p>\n\n\n\n<p class=\"wp-block-paragraph\">Seg\u00fan explica la profesora de la CEU UCH Gemma Bivi\u00e1, miembro del Departamento de Enfermer\u00eda y Fisioterapia de la Facultad de Ciencias de la Salud e investigadora principal del estudio, los pacientes participantes completaron el cuestionario dise\u00f1ado por el equipo investigador junto a su m\u00e9dico, identificando sus h\u00e1bitos tanto antes como durante los periodos de&nbsp;<strong>aislamiento<\/strong>.<\/p>\n\n\n\n<p class=\"wp-block-paragraph\"><strong>Los resultados muestran que 20 de los 102 pacientes participantes en el estudio, un 19 % del total, tuvieron que aumentar su medicaci\u00f3n debido al confinamiento<\/strong>, por los incrementos en los niveles de ansiedad y depresi\u00f3n, explica Bivi\u00e1, quien precisa que m\u00e1s de un 16 % sufri\u00f3 ansiedad severa y casi un 10 % depresi\u00f3n severa, cuando antes del confinamiento solo la sufr\u00edan el 1 % y el 2 % respectivamente.<\/p>\n\n\n\n<p class=\"wp-block-paragraph\">Respecto al consumo de\u00a0<strong>tabaco<\/strong>, el n\u00famero de las personas con esquizofrenia que fumaba m\u00e1s de un paquete de tabaco al d\u00eda pas\u00f3 del 5 al 11 % durante el confinamiento, indica e estudio.<\/p>\n\n\n\n<p class=\"wp-block-paragraph\">Sin embargo, la adhesi\u00f3n a la&nbsp;<strong>dieta mediterr\u00e1nea<\/strong>&nbsp;no registr\u00f3 cambios significativos, mientras que aument\u00f3, l\u00f3gicamente, el n\u00famero de horas de sedentarismo debido a la restricci\u00f3n a la movilidad.<\/p>\n\n\n\n<p class=\"wp-block-paragraph\">En sus\u00a0<strong>conclusiones<\/strong>, los investigadores destacan la importancia de utilizar internet para fomentar la adhesi\u00f3n a h\u00e1bitos de vida saludables entre las personas con esquizofrenia, para mejorar el bienestar de los m\u00e1s vulnerables en un contexto de falta limitaci\u00f3n de la movilidad y aislamiento semejante al vivido por la pandemia.<\/p>\n\n\n\n<p class=\"wp-block-paragraph\">Fuente: <a href=\"https:\/\/www.elmundo.es\/comunidad-valenciana\/castellon\/2022\/09\/28\/633428b8e4d4d848178b45b9.html\" target=\"_blank\" rel=\"noreferrer noopener\">El Mundo<\/a><\/p>\n","protected":false},"excerpt":{"rendered":"<p>L\u00edderes en el consumo de psicof\u00e1rmacos Los investigadores han evaluado los efectos del confinamiento en los niveles de ansiedad y depresi\u00f3n de 102 personas con esquizofrenia Las restricciones a la movilidad que supuso el confinamiento por la&nbsp;pandemia&nbsp;de&nbsp;Covid-19&nbsp;afectaron especialmente a los grupos m\u00e1s vulnerables, como las personas con esquizofrenia, que incrementaron su medicaci\u00f3n ante el aumento [&hellip;]<\/p>\n","protected":false},"author":1,"featured_media":634,"comment_status":"open","ping_status":"open","sticky":false,"template":"","format":"standard","meta":{"_crdt_document":"","footnotes":""},"categories":[30],"tags":[],"class_list":["post-633","post","type-post","status-publish","format-standard","has-post-thumbnail","hentry","category-noticias"],"_links":{"self":[{"href":"https:\/\/fundinah.org\/index.php\/wp-json\/wp\/v2\/posts\/633","targetHints":{"allow":["GET"]}}],"collection":[{"href":"https:\/\/fundinah.org\/index.php\/wp-json\/wp\/v2\/posts"}],"about":[{"href":"https:\/\/fundinah.org\/index.php\/wp-json\/wp\/v2\/types\/post"}],"author":[{"embeddable":true,"href":"https:\/\/fundinah.org\/index.php\/wp-json\/wp\/v2\/users\/1"}],"replies":[{"embeddable":true,"href":"https:\/\/fundinah.org\/index.php\/wp-json\/wp\/v2\/comments?post=633"}],"version-history":[{"count":2,"href":"https:\/\/fundinah.org\/index.php\/wp-json\/wp\/v2\/posts\/633\/revisions"}],"predecessor-version":[{"id":636,"href":"https:\/\/fundinah.org\/index.php\/wp-json\/wp\/v2\/posts\/633\/revisions\/636"}],"wp:featuredmedia":[{"embeddable":true,"href":"https:\/\/fundinah.org\/index.php\/wp-json\/wp\/v2\/media\/634"}],"wp:attachment":[{"href":"https:\/\/fundinah.org\/index.php\/wp-json\/wp\/v2\/media?parent=633"}],"wp:term":[{"taxonomy":"category","embeddable":true,"href":"https:\/\/fundinah.org\/index.php\/wp-json\/wp\/v2\/categories?post=633"},{"taxonomy":"post_tag","embeddable":true,"href":"https:\/\/fundinah.org\/index.php\/wp-json\/wp\/v2\/tags?post=633"}],"curies":[{"name":"wp","href":"https:\/\/api.w.org\/{rel}","templated":true}]}}