{"id":609,"date":"2022-12-12T13:28:17","date_gmt":"2022-12-12T17:28:17","guid":{"rendered":"https:\/\/fundinah.org\/?p=609"},"modified":"2022-12-12T13:50:28","modified_gmt":"2022-12-12T17:50:28","slug":"jordi-royo-psicologo-ante-una-situacion-de-policonsumo-de-sustancias-en-adolescentes-los-padres-tienden-a-la-incredulidad","status":"publish","type":"post","link":"https:\/\/fundinah.org\/index.php\/2022\/12\/12\/jordi-royo-psicologo-ante-una-situacion-de-policonsumo-de-sustancias-en-adolescentes-los-padres-tienden-a-la-incredulidad\/","title":{"rendered":"Jordi Royo, psic\u00f3logo: \u201cAnte una situaci\u00f3n de policonsumo de sustancias en adolescentes los padres tienden a la incredulidad\u201d"},"content":{"rendered":"\n<h5 class=\"wp-block-heading\">\u201cAnte una situaci\u00f3n de policonsumo de sustancias en adolescentes los padres tienden a la incredulidad\u201d<\/h5>\n\n\n\n<h6 class=\"wp-block-heading\">Los casos de ansiedad, depresi\u00f3n y trastornos de conducta alimentaria en la poblaci\u00f3n juvenil han aumentado tras la pandemia, junto al consumo de sustancias t\u00f3xicas. Las familias pueden percibir que el menor tiene un problema porque empieza a expresar irritabilidad o se desmotiva en el instituto<\/h6>\n\n\n\n<p class=\"wp-block-paragraph\">Los efectos de la pandemia sobre la salud mental siguen haci\u00e9ndose notar. La ansiedad, la depresi\u00f3n, los trastornos de conducta alimentaria, la violencia filioparental, el consumo de sustancias t\u00f3xicas, las autolesiones e incluso<a href=\"https:\/\/elpais.com\/sociedad\/2022-12-01\/solo-el-44-de-los-adolescentes-con-conductas-suicidas-ha-recibido-tratamiento-psicologico-en-los-ultimos-tres-anos.html\" target=\"_blank\" rel=\"noreferrer noopener\">&nbsp;los intentos de suicidio se han disparado en los \u00faltimos meses<\/a>, aumentando la demanda asistencial entre los j\u00f3venes de 11 a 19 a\u00f1os,&nbsp;<a href=\"https:\/\/elpais.com\/mamas-papas\/2021-11-04\/asi-es-la-terapia-que-devuelve-a-sus-familias-a-adolescentes-con-trastornos-de-conducta-y-otras-patologias.html\">seg\u00fan afirman desde Amalgama7<\/a>, entidad especializada en la atenci\u00f3n terap\u00e9utica y educativa para adolescentes con comportamientos de riesgo, trastornos conductuales y otras patolog\u00edas. Unos n\u00fameros expl\u00edcitos que afectan al conjunto de la sociedad, como recoge el<a href=\"https:\/\/www.lamoncloa.gob.es\/presidente\/actividades\/paginas\/2021\/091021salud-mental.aspx\"><em>Plan de Acci\u00f3n 2021-2024 Salud Mental y Covid-19<\/em><\/a>presentado por el&nbsp;<a href=\"https:\/\/elpais.com\/sociedad\/2021-10-09\/sanchez-anuncia-un-plan-de-salud-mental-dotado-con-100-millones-de-euros.html\" target=\"_blank\" rel=\"noreferrer noopener\">Gobierno en octubre del pasado a\u00f1o<\/a>: el 10% de la poblaci\u00f3n espa\u00f1ola consumi\u00f3 tranquilizantes, relajantes o pastillas para dormir durante la pandemia, el 4,5 % antidepresivos, y una de cada cuatro personas entre 15 y 29 a\u00f1os ha consumido psicof\u00e1rmacos en el \u00faltimo a\u00f1o,&nbsp;<a href=\"https:\/\/fefe.com\/\">seg\u00fan la Federaci\u00f3n Empresarial de Farmac\u00e9uticos Espa\u00f1oles, FEFE<\/a>. Por eso, saber reaccionar como padres ante cualquiera de estas situaciones es de vital importancia.<\/p>\n\n\n\n<p class=\"wp-block-paragraph\">Los s\u00edntomas que pueden implicar un consumo de sustancias son numerosos, y por eso conviene ser capaz de reconocer cualquier cambio de comportamiento en la conducta del joven. Si, por ejemplo, empieza a verse una tendencia a la irritabilidad, al conflicto familiar o al malestar emocional; si se desmotiva en sus tareas escolares o dom\u00e9sticas; o si incumple regularmente sus horarios. El psic\u00f3logo Jordi Royo i Isach (Berga, 63 a\u00f1os) a\u00f1ade otras se\u00f1ales de las que se debe estar alerta: \u201cSi se distancia de sus amigos de siempre y se relaciona con otras personas sobre las que hay sospechas o evidencias objetivas de que son consumidoras [de sustancias], si desaparecen psicof\u00e1rmacos del botiqu\u00edn familiar o si se aprecian con frecuencia s\u00edntomas de sue\u00f1o excesivo, mareos o inestabilidad motriz\u201d, enumera el tambi\u00e9n director cl\u00ednico de Amalgama7, que celebr\u00f3 el pasado 10 de noviembre la jornada&nbsp;<a href=\"https:\/\/www.youtube.com\/watch?v=PjZDDgS09LI&amp;ab_channel=Amalgama7\"><em>Adolescentes, familias y salud mental: las secuelas de la pandemia<\/em><\/a><em>.&nbsp;<\/em>Todo lo relacionado con el dinero tambi\u00e9n es importante: si el joven parece disponer de cantidades excesivas; si gestiona mal su asignaci\u00f3n y pide m\u00e1s constantemente; o si realiza hurtos de efectivo o de otros bienes, ya sea en casa, en la escuela o en cualquier otro contexto social.<\/p>\n\n\n\n<p class=\"wp-block-paragraph\">\u201cEn general, cuanto m\u00e1s tiempo se alargue el periodo de policonsumo m\u00e1s se precisar\u00e1 en la recuperaci\u00f3n\u201d, esgrime Royo. Seg\u00fan la experiencia acumulada en Amalgama7 tras m\u00e1s de 7.500 historias cl\u00ednicas, las familias tardan en pedir ayuda una media de dos a\u00f1os: \u201cLas madres y los padres tienden inicialmente a la incredulidad, a la negaci\u00f3n o a creer que se trata de comportamientos pasajeros t\u00edpicos y propios de la adolescencia. Y posteriormente, cuando los problemas de sus hijos se agravan, tienden al malestar emocional, al sentimiento de fracaso personal y a la b\u00fasqueda de los culpables y de las malas influencias\u201c, explica. Ubicarse en cualquiera de los dos extremos (<a href=\"https:\/\/elpais.com\/mamas-papas\/expertos\/2022-09-10\/padres-sobreprotectores-o-el-riesgo-de-criar-hijos-inseguros-miedosos-y-dependientes.html\" target=\"_blank\" rel=\"noreferrer noopener\">ser padres sobreprotectores o excesivamente permisivos<\/a>) es contraproducente a la hora de actuar frente a un posible policonsumo, ya que, cuando el abuso de drogas se alarga en el tiempo y tiende a cronificarse, \u201clas consecuencias adversas suelen ser polidimensionales, es decir, biopsicosocioeducativas y legales, as\u00ed como de deterioro familiar\u201d, a\u00f1ade el experto.<\/p>\n\n\n\n<h6 class=\"wp-block-heading\">L\u00edderes en el consumo de psicof\u00e1rmacos<\/h6>\n\n\n\n<p class=\"wp-block-paragraph\">Las cifras mencionadas incluyen todo tipo de consumo, desde el experimental al ocasional, el circunstancial, el habitual y el adictivo. \u201cSe trata de proporciones bastante relevantes, y el problema es que no parecen unos datos coyunturales sino estructurales\u201d, afirma Royo<em>.<\/em>&nbsp;\u201cCuando una persona se acostumbra a tomar una pastilla para dormir, dif\u00edcilmente dejar\u00e1 de tomarla; lo m\u00e1s probable es que, con el tiempo, consuma dos o incluso otra medicaci\u00f3n con un principio activo m\u00e1s intenso\u201d. Espa\u00f1a ha vuelto a liderar&nbsp;<a href=\"https:\/\/www.institutohipocrates.com\/que-son-las-benzodiacepinas\/\">el consumo legal de benzodiazepinas<\/a>, con m\u00e1s de 5,1 millones de tratamientos, y la generaci\u00f3n actual de adolescentes, explica, es la que m\u00e1s psicof\u00e1rmacos consume de forma l\u00edcita, una consecuencia natural del aumento de diagn\u00f3sticos mencionado. Sin embargo, tambi\u00e9n se ha incrementado su uso il\u00edcito.<\/p>\n\n\n\n<p class=\"wp-block-paragraph\">\u00bfEl motivo? Por un lado, una vivencia general de malestar que ha hecho que la sintomatolog\u00eda por depresi\u00f3n de los j\u00f3venes entre 14 y 18 a\u00f1os haya subido un 54,7% y la de la ansiedad en casi un 40%, seg\u00fan un estudio de la Agencia Estatal de Salud P\u00fablica. Y, por otro, un creciente uso recreativo: \u201cSe est\u00e1 generando una cierta cultura que va penetrando en estas capas de j\u00f3venes y adolescentes, y que considera que tomar un hipnosedante o un psicoestimulante puede estar bien, porque te vas a encontrar mejor o te va a ayudar a pas\u00e1rtelo bien\u201d, sostiene Royo. \u201cPor ejemplo, hay un cierto tr\u00e1fico de metilfenidato, que se da a los chicos y chicas diagnosticados de&nbsp;<a href=\"https:\/\/elpais.com\/elpais\/2018\/05\/22\/mamas_papas\/1526997255_857278.html\">Trastorno por D\u00e9ficit de Atenci\u00f3n con Hiperactividad,<\/a>&nbsp;m\u00e1s conocido como TDAH. Para ellos, se trata de una medicaci\u00f3n que facilita su capacidad de concentraci\u00f3n; pero para otros es un psicoestimulante con un efecto muy parecido a las metanfetaminas que sirve para alargar la fiesta, para estar m\u00e1s activo y menos somnoliento\u201d.<\/p>\n\n\n\n<p class=\"wp-block-paragraph\">Las consecuencias de este consumo, a\u00f1ade Royo, son, sobre todo, de tipo psicosocial, y ser\u00e1n m\u00e1s graves cuanto m\u00e1s se normalice el consumo. Un efecto que depende, en parte, del propio metabolismo de cada persona, aunque tambi\u00e9n hay que contar con el riesgo de sobredosis, ya que el consumo de psicof\u00e1rmacos suele ir acompa\u00f1ado de otros como alcohol o derivados del cannabis. Por ejemplo, cuando se toma alcohol y benzodiazepina (ambos depresores), los efectos se van a catapultar. Y luego est\u00e1n los psicol\u00f3gicos: cuando una persona va aprendiendo que las drogas son fiesta, y que no hay fiesta sin drogas, va desarrollando una identidad de consumidor. \u201cY en este \u2018yo consumo\u2019 podr\u00e1s evolucionar (o no) hacia la adicci\u00f3n, pero en cualquier caso tambi\u00e9n te vas relacionando con otras personas que tienen tu mismo comportamiento. Frente al \u2018es que todo el mundo fuma porros&#8230;\u2019 hay que recordar que no es cierto, pero es que t\u00fa te acabas relacionando con quienes fuman; y algo parecido ocurre con los psicof\u00e1rmacos\u201d, esgrime Royo. \u201cY esto puede tambi\u00e9n aumentar la distancia familiar, las crisis de convivencia y comunicaci\u00f3n con los padres y tendr\u00e1 efectos desde un punto de vista escolar\u201d.<\/p>\n\n\n\n<p class=\"wp-block-paragraph\">Para el director de Amalgama7, vivimos en una cultura donde cualquier dolencia, adversidad o malestar emocional se tiene que tratar con un psicof\u00e1rmaco. \u201c\u00bfPor qu\u00e9 la mayor\u00eda de la gente fumaba en los a\u00f1os ochenta y noventa? Porque form\u00e1bamos parte de una cultura donde el tabaco y el alcohol estaban publicitados por todas partes y en la que, cuando te hac\u00edas mayor, lo normal era preguntarle a tu padre y a tu madre cu\u00e1ndo podr\u00edas fumar. Yo le pregunt\u00e9 a mi padre y me dijo que a partir de los 14 a\u00f1os, por ejemplo&#8230; Fumar y beber era considerado de hombres\u201d.<\/p>\n\n\n\n<p class=\"wp-block-paragraph\"><\/p>\n\n\n\n<p class=\"wp-block-paragraph\"><em>Puedes seguir Mamas &amp; Papas en&nbsp;<\/em><a href=\"https:\/\/www.facebook.com\/mamaspapas.elpais\"><em>Facebook<\/em><\/a><em>,&nbsp;<\/em><a href=\"https:\/\/twitter.com\/demamasdepapas\"><em>Twitter<\/em><\/a><em>&nbsp;o apuntarte aqu\u00ed para recibir&nbsp;<\/em><a href=\"https:\/\/plus.elpais.com\/newsletters\/lnp\/1\/341\"><em>nuestra newsletter quincenal<\/em><\/a><em>.<\/em><\/p>\n\n\n\n<hr class=\"wp-block-separator has-alpha-channel-opacity\"\/>\n\n\n\n<h6 class=\"wp-block-heading\">SOBRE LA FIRMA<\/h6>\n\n\n\n<figure class=\"wp-block-image\"><img decoding=\"async\" src=\"https:\/\/imagenes.elpais.com\/resizer\/gPTXUl7SLA-hAX5b2vUtT1n_F4U=\/100x100\/s3.amazonaws.com\/arc-authors\/prisa\/63325772-5315-4a8d-8e62-8d10907b6a69.png\" alt=\"Nacho Meneses\"\/><\/figure>\n\n\n\n<p class=\"wp-block-paragraph\"><a href=\"https:\/\/elpais.com\/autor\/nacho-meneses\/\">Nacho Meneses<\/a><a rel=\"noreferrer noopener\" href=\"https:\/\/twitter.com\/Nacho_Meneses\" target=\"_blank\"><\/a><\/p>\n\n\n\n<p class=\"wp-block-paragraph\">Coordinador y redactor del canal de Formaci\u00f3n de EL PA\u00cdS, est\u00e1 especializado en educaci\u00f3n y tendencias profesionales, adem\u00e1s de colaborar en Mamas &amp; Papas, donde escribe de educaci\u00f3n, salud y crianza. Es licenciado en Filolog\u00eda Inglesa por la Universidad de Valladolid y M\u00e1ster de Periodismo UAM \/ EL PA\u00cdS<\/p>\n","protected":false},"excerpt":{"rendered":"<p>\u201cAnte una situaci\u00f3n de policonsumo de sustancias en adolescentes los padres tienden a la incredulidad\u201d Los casos de ansiedad, depresi\u00f3n y trastornos de conducta alimentaria en la poblaci\u00f3n juvenil han aumentado tras la pandemia, junto al consumo de sustancias t\u00f3xicas. Las familias pueden percibir que el menor tiene un problema porque empieza a expresar irritabilidad [&hellip;]<\/p>\n","protected":false},"author":1,"featured_media":611,"comment_status":"open","ping_status":"open","sticky":false,"template":"","format":"standard","meta":{"_crdt_document":"","footnotes":""},"categories":[30],"tags":[],"class_list":["post-609","post","type-post","status-publish","format-standard","has-post-thumbnail","hentry","category-noticias"],"_links":{"self":[{"href":"https:\/\/fundinah.org\/index.php\/wp-json\/wp\/v2\/posts\/609","targetHints":{"allow":["GET"]}}],"collection":[{"href":"https:\/\/fundinah.org\/index.php\/wp-json\/wp\/v2\/posts"}],"about":[{"href":"https:\/\/fundinah.org\/index.php\/wp-json\/wp\/v2\/types\/post"}],"author":[{"embeddable":true,"href":"https:\/\/fundinah.org\/index.php\/wp-json\/wp\/v2\/users\/1"}],"replies":[{"embeddable":true,"href":"https:\/\/fundinah.org\/index.php\/wp-json\/wp\/v2\/comments?post=609"}],"version-history":[{"count":13,"href":"https:\/\/fundinah.org\/index.php\/wp-json\/wp\/v2\/posts\/609\/revisions"}],"predecessor-version":[{"id":632,"href":"https:\/\/fundinah.org\/index.php\/wp-json\/wp\/v2\/posts\/609\/revisions\/632"}],"wp:featuredmedia":[{"embeddable":true,"href":"https:\/\/fundinah.org\/index.php\/wp-json\/wp\/v2\/media\/611"}],"wp:attachment":[{"href":"https:\/\/fundinah.org\/index.php\/wp-json\/wp\/v2\/media?parent=609"}],"wp:term":[{"taxonomy":"category","embeddable":true,"href":"https:\/\/fundinah.org\/index.php\/wp-json\/wp\/v2\/categories?post=609"},{"taxonomy":"post_tag","embeddable":true,"href":"https:\/\/fundinah.org\/index.php\/wp-json\/wp\/v2\/tags?post=609"}],"curies":[{"name":"wp","href":"https:\/\/api.w.org\/{rel}","templated":true}]}}