{"id":1377,"date":"2024-03-11T12:50:44","date_gmt":"2024-03-11T16:50:44","guid":{"rendered":"https:\/\/fundinah.org\/?p=1377"},"modified":"2024-03-11T12:50:46","modified_gmt":"2024-03-11T16:50:46","slug":"apatia-emocional-que-es-caracteristicas-y-como-vencerla","status":"publish","type":"post","link":"https:\/\/fundinah.org\/index.php\/2024\/03\/11\/apatia-emocional-que-es-caracteristicas-y-como-vencerla\/","title":{"rendered":"Apat\u00eda emocional: qu\u00e9 es, caracter\u00edsticas y c\u00f3mo vencerla"},"content":{"rendered":"\n<p class=\"wp-block-paragraph\">Perder las ganas de hacer las cosas no es algo natural. Conoce de qu\u00e9 se trata y c\u00f3mo combatir este s\u00edntoma tan parecido a la pereza.<\/p>\n\n\n\n<p class=\"wp-block-paragraph\">Uno de los s\u00edntomas m\u00e1s comunes de la esfera an\u00edmica es la apat\u00eda emocional. Esto se refiere a las pocas ganas de hacer cosas en el contexto del \u00e1nimo bajo.&nbsp;<strong>Saber identificarla es el primer paso para poder actuar y disminuir el malestar.<\/strong><\/p>\n\n\n\n<p class=\"wp-block-paragraph\">No se trata de una tarea f\u00e1cil, ya que tiende a ser resistente, y una vez que se instaura cambia por completo a la persona. Aun as\u00ed, hay que ser optimistas, pues es posible vencerla por nosotros mismos. A continuaci\u00f3n, haremos un detallado repaso sobre el tema.<\/p>\n\n\n\n<h2 class=\"wp-block-heading\" id=\"que-es-la-apatia-emocional\">\u00bfQu\u00e9 es la apat\u00eda emocional?<\/h2>\n\n\n\n<p class=\"wp-block-paragraph\">En l\u00edneas generales,&nbsp;<strong>la apat\u00eda describe una sensaci\u00f3n emocional y conductual de falta de impulso para hacer las cosas a las que uno est\u00e1 acostumbrado.<\/strong>&nbsp;Algo parecido a la pereza, pero no por cansancio, sino por una alteraci\u00f3n del estado de \u00e1nimo.<\/p>\n\n\n\n<p class=\"wp-block-paragraph\">Cuando uno se encuentra ap\u00e1tico, no tiene ganas de hacer nada. Las tareas cotidianas, que en condiciones normales se realizan sin problemas, se vuelven inabarcables.<strong>&nbsp;Los sentimientos de desidia e indolencia abruman a la persona,<\/strong>&nbsp;dej\u00e1ndola en un estado de&nbsp;<a href=\"https:\/\/lamenteesmaravillosa.com\/como-combatir-pasividad-segun-william-james\/\">pasividad<\/a>.<\/p>\n\n\n\n<p class=\"wp-block-paragraph\">A escala emocional, este estado engloba diversas manifestaciones, todas ellas similares, pero con matices distintivos. Comprende lo siguiente:<\/p>\n\n\n\n<ul class=\"wp-block-list\">\n<li><strong><a href=\"https:\/\/lamenteesmaravillosa.com\/abulia-cuando-falla-la-voluntad-las-ganas-la-motivacion\/\">Abulia<\/a>:<\/strong>\u00a0la falta de motivaci\u00f3n para iniciar una conducta.<\/li>\n\n\n\n<li><strong>Anergia:<\/strong>\u00a0una sensaci\u00f3n de carencia de energ\u00eda vital presente desde primera hora de la ma\u00f1ana.<\/li>\n\n\n\n<li><strong><a href=\"https:\/\/lamenteesmaravillosa.com\/anhedonia-social\/\">Anhedonia<\/a>:<\/strong>\u00a0reducci\u00f3n en capacidad para experimentar placer en cosas que antes s\u00ed se disfrutaban.<\/li>\n\n\n\n<li><strong>Aplanamiento afectivo:<\/strong>\u00a0<a href=\"https:\/\/lamenteesmaravillosa.com\/aplanamiento-afectivo-la-indeferencia-hacia-las-emociones\/\">indiferencia hacia las emociones<\/a>, as\u00ed como para poder expresarlas con el cuerpo.<\/li>\n<\/ul>\n\n\n\n<h2 class=\"wp-block-heading\" id=\"cuales-son-sus-causas\">\u00bfCu\u00e1les son sus causas?<\/h2>\n\n\n\n<p class=\"wp-block-paragraph\">No resulta sencillo apuntar a un n\u00famero concreto de motivos de la apat\u00eda emocional. En realidad, pueden existir tantos como personas y experiencias vitales. En este sentido, distinguimos dos posibles causas.<\/p>\n\n\n\n<h3 class=\"wp-block-heading\" id=\"biologicas\">Biol\u00f3gicas<\/h3>\n\n\n\n<p class=\"wp-block-paragraph\">Hay una raz\u00f3n m\u00e1s end\u00f3gena o interna, en la que&nbsp;<strong>procesos biol\u00f3gicos provocan alteraciones en el estado del \u00e1nimo.<\/strong>&nbsp;Los modelos biologicistas de la psiquiatr\u00eda se fundamentan en esto, siendo la principal base que sustenta el&nbsp;<a href=\"https:\/\/lamenteesmaravillosa.com\/medicamentos-contra-la-depresion-antidepresivos-como-funcionan\/\">tratamiento farmacol\u00f3gico<\/a>.<\/p>\n\n\n\n<p class=\"wp-block-paragraph\">Existen varios neurotransmisores que se han relacionado directo con&nbsp;<a href=\"https:\/\/lamenteesmaravillosa.com\/afecta-la-depresion-al-cerebro\/\">la depresi\u00f3n<\/a>. De acuerdo con un estudio publicado en la<a href=\"https:\/\/revistasenlinea.saber.ucab.edu.ve\/index.php\/analogias\/article\/view\/5165\" target=\"_blank\" rel=\"noreferrer noopener\"><em>&nbsp;Revista Analog<\/em><em>\u00edas del Comportamiento<\/em><\/a>, los&nbsp;<strong>problemas en el circuito de la serotonina, dopamina y noradrenalina estar\u00edan implicados en el desarrollo de problemas en el \u00e1nimo.<\/strong><\/p>\n\n\n\n<h3 class=\"wp-block-heading\" id=\"reactivas\">Reactivas<\/h3>\n\n\n\n<p class=\"wp-block-paragraph\">El otro origen ser\u00eda el llamado reactivo, es decir,&nbsp;<strong>cuando la persona reacciona con s\u00edntomas psicol\u00f3gicos ante algo negativo en su vida.<\/strong>&nbsp;Aqu\u00ed tendr\u00eda cabida el&nbsp;<a href=\"https:\/\/icd.who.int\/browse\/2024-01\/mms\/es#264310751\" target=\"_blank\" rel=\"noreferrer noopener\">trastorno adaptativo<\/a>, que se manifiesta ante un estresor que sobrepasa las capacidades del individuo, como por ejemplo,&nbsp;<a href=\"https:\/\/lamenteesmaravillosa.com\/duelos-superpuestos-como-afrontar-varias-perdidas-consecutivas\/\">duelos<\/a>, despidos,&nbsp;<a href=\"https:\/\/lamenteesmaravillosa.com\/sobrecarga-laboral-sintomas-fisicos-psicologicos\/\">sobrecarga laboral<\/a>&nbsp;o&nbsp;<a href=\"https:\/\/lamenteesmaravillosa.com\/efectos-psicologicos-de-la-migracion-en-adultos\/\">procesos migratorios<\/a>.<\/p>\n\n\n\n<p class=\"wp-block-paragraph\">Con esto, la posici\u00f3n m\u00e1s acertada ser\u00eda asumir un enfoque integrador, teniendo en cuenta la influencia de lo biol\u00f3gico y lo social en el desarrollo de la apat\u00eda. Como en la mayor\u00eda de fen\u00f3menos en psicolog\u00eda, no hay una \u00fanica causa, sino una suma de factores.<\/p>\n\n\n\n<h2 class=\"wp-block-heading\" id=\"consecuencias-del-estado-apatico-emocional\">Consecuencias del estado ap\u00e1tico emocional<\/h2>\n\n\n\n<p class=\"wp-block-paragraph\">Superar una racha ap\u00e1tica no es f\u00e1cil; pedir ayuda o detectar que uno la necesita es complicado. Adem\u00e1s, en los casos graves&nbsp;<strong>este s\u00edntoma incapacita a la persona a cumplir con sus responsabilidades cotidianas.<\/strong><\/p>\n\n\n\n<p class=\"wp-block-paragraph\">Los primeros efectos de tal estado negativo se manifiestan cuando aquello que sol\u00eda disfrutarse ya no produce la misma satisfacci\u00f3n. La sensaci\u00f3n es similar a la de una anestesia, un&nbsp;<strong><a href=\"https:\/\/lamenteesmaravillosa.com\/entumecimiento-emocional\/\">entumecimiento emocional<\/a>: aunque se est\u00e9 presente en una actividad, el canal de las emociones parece desconectado.<\/strong><\/p>\n\n\n\n<p class=\"wp-block-paragraph\">Otro \u00e1mbito que se ve afectado es el de las relaciones interpersonales. Los planes, encuentros con amigos y reuniones que antes regocijaban ahora se vuelven dif\u00edciles de afrontar. Al fin y al cabo,&nbsp;<strong>resulta engorroso sentirse c\u00f3modo rodeado de gente cuando por dentro uno no se encuentra bien.<\/strong><\/p>\n\n\n\n<p class=\"wp-block-paragraph\">Por \u00faltimo, las consecuencias negativas tambi\u00e9n se reflejan en el plano cognitivo.&nbsp;<strong>Problemas de memoria, dificultades en la&nbsp;<a href=\"https:\/\/lamenteesmaravillosa.com\/por-que-no-me-concentro-leer\/\">concentraci\u00f3n<\/a>&nbsp;o la sensaci\u00f3n de tener la mente embotada,<\/strong>&nbsp;son s\u00edntomas caracter\u00edsticos de un estado de \u00e1nimo deprimido.<\/p>\n\n\n\n<h2 class=\"wp-block-heading\" id=\"como-vencer-la-apatia-emocional\">\u00bfC\u00f3mo vencer la apat\u00eda emocional?<\/h2>\n\n\n\n<p class=\"wp-block-paragraph\">Ahora que profundizamos en la comprensi\u00f3n de la apat\u00eda, la siguiente pregunta que buscamos abordar es: \u00bfqu\u00e9 acciones emprender para superarla? Si bien las soluciones pueden variar seg\u00fan cada caso, aqu\u00ed te proporcionamos algunas pautas concisas.<\/p>\n\n\n\n<h3 class=\"wp-block-heading\" id=\"1-manten-una-comunicacion-abierta-con-tu-entorno\">1. Mant\u00e9n una comunicaci\u00f3n abierta con tu entorno<\/h3>\n\n\n\n<p class=\"wp-block-paragraph\">Quienes te rodean son la primera fuente de apoyo que tienes disponible. Sin embargo, para hacer de soporte necesitan tener la seguridad de que pasas por un mal momento.<\/p>\n\n\n\n<p class=\"wp-block-paragraph\">Entonces,&nbsp;<strong>mantener una&nbsp;<a href=\"https:\/\/lamenteesmaravillosa.com\/mejorar-comunicacion-amigos\/\">comunicaci\u00f3n fluida<\/a>&nbsp;con ellos provocar\u00e1 que est\u00e9n m\u00e1s disponibles y accesibles para asistirte.<\/strong>&nbsp;Uno solo puede ayudar si hay un primero que est\u00e1 dispuesto a aceptarlo.<\/p>\n\n\n\n<h3 class=\"wp-block-heading\" id=\"2-dedica-unos-minutos-a-examinar-tu-estado\">2. Dedica unos minutos a examinar tu estado<\/h3>\n\n\n\n<p class=\"wp-block-paragraph\">Los cambios en el estado de \u00e1nimo, por lo general, no surgen de manera abrupta; m\u00e1s bien, se apoderan del cuerpo de manera gradual. Antes de llegar a la apat\u00eda, se experimentan cambios corporales, a menudo imperceptibles.<\/p>\n\n\n\n<p class=\"wp-block-paragraph\"><strong>Destinar unos minutos diarios a un ejercicio de meditaci\u00f3n como el\u00a0<a href=\"https:\/\/lamenteesmaravillosa.com\/escaneo-corporal-en-que-consiste-este-tecnica-de-relajacion\/\">escaneo corporal<\/a>\u00a0resulta muy eficaz para detectar estos cambios.<\/strong>\u00a0Si prestas m\u00e1s atenci\u00f3n a lo que sucede dentro de ti y menos a lo externo, te percatar\u00e1s de detalles que antes pasaban desapercibidos. Te dejamos una gu\u00eda de la especialista en\u00a0<a href=\"https:\/\/lamenteesmaravillosa.com\/ejercicios-mindfulness-principiantes\/\"><em>mindfulness<\/em><\/a>\u00a0Hermina Gisbert.<\/p>\n\n\n\n<figure class=\"wp-block-embed is-type-video is-provider-youtube wp-block-embed-youtube wp-embed-aspect-16-9 wp-has-aspect-ratio\"><div class=\"wp-block-embed__wrapper\">\n<iframe title=\"Meditaci\u00f3n Guiada del esc\u00e1ner corporal o Body scan (corto)\" width=\"800\" height=\"450\" src=\"https:\/\/www.youtube.com\/embed\/ja2c7ntuo5c?feature=oembed\" frameborder=\"0\" allow=\"accelerometer; autoplay; clipboard-write; encrypted-media; gyroscope; picture-in-picture; web-share\" allowfullscreen><\/iframe>\n<\/div><\/figure>\n\n\n\n<h3 class=\"wp-block-heading\" id=\"3-amplia-tu-vocabulario-emocional\">3. Ampl\u00eda tu vocabulario emocional<\/h3>\n\n\n\n<p class=\"wp-block-paragraph\">El rango de emociones humanas es amplio, no obstante utilizamos un n\u00famero reducido de palabras para describirlas.&nbsp;<strong>Un&nbsp;<a href=\"https:\/\/lamenteesmaravillosa.com\/la-necesidad-de-fortalecer-nuestro-vocabulario-emocional\/\">vocabulario emocional<\/a>&nbsp;empobrecido resta la capacidad de definir y comunicar con exactitud qu\u00e9 sentimos.<\/strong><\/p>\n\n\n\n<p class=\"wp-block-paragraph\">Por ejemplo, no es lo mismo sentir tristeza que cansancio, o experimentar&nbsp;<a href=\"https:\/\/lamenteesmaravillosa.com\/apatia-y-aburrimiento-dos-dimensiones-muy-distintas\/\">aburrimiento<\/a>&nbsp;en comparaci\u00f3n con la apat\u00eda.&nbsp;<strong>Cada sensaci\u00f3n tiene su propio nombre,<\/strong>&nbsp;y asignarles etiquetas de manera adecuada constituye un gran paso para actuar sobre ellas.<\/p>\n\n\n\n<h3 class=\"wp-block-heading\" id=\"4-busca-ayuda-de-un-profesional\">4. Busca ayuda de un profesional<\/h3>\n\n\n\n<p class=\"wp-block-paragraph\">Cuando la apat\u00eda llega al punto en que incluso lo cotidiano te resulta abrumador, es el momento de&nbsp;<a href=\"https:\/\/lamenteesmaravillosa.com\/cuando-debo-acudir-al-psicologo\/\">acudir con un psic\u00f3logo<\/a>. Estas sensaciones y emociones no son normales ni temporales. Si esperas a que se disipen por s\u00ed solas, solo contribuir\u00e1s a que empeoren y prolongar\u00e1s el tiempo necesario para el tratamiento.<\/p>\n\n\n\n<p class=\"wp-block-paragraph\"><strong>No siempre es posible hacer frente a todo y es comprensible que haya situaciones que nos desborden.<\/strong>&nbsp;En esos casos, conf\u00eda en la experiencia y conocimientos de los profesionales de la&nbsp;<a href=\"https:\/\/lamenteesmaravillosa.com\/proteger-nuestra-salud-mental-una-prioridad\/\">salud mental<\/a>&nbsp;para recibir la ayuda necesaria y&nbsp;<a href=\"https:\/\/lamenteesmaravillosa.com\/vencer-la-pereza-y-la-apatia-algo-mas-que-cuestion-de-voluntad\/\">vencer la apat\u00eda<\/a>.<\/p>\n\n\n\n<h3 class=\"wp-block-heading\" id=\"5-invierte-el-tiempo-en-las-cosas-que-te-hacen-feliz\">5. Invierte el tiempo en las cosas que te hacen feliz<\/h3>\n\n\n\n<p class=\"wp-block-paragraph\">Un factor de riesgo para desarrollar la apat\u00eda emocional es dedicarles poco tiempo a las cosas que uno disfruta. En este sentido,&nbsp;<strong>aumentar los ratos dedicados a las aficiones es una idea muy positiva para&nbsp;<a href=\"https:\/\/lamenteesmaravillosa.com\/como-subir-el-animo\/\">subir el \u00e1nimo<\/a><\/strong>&nbsp;y contrarrestar el mal humor acumulado cada d\u00eda.<\/p>\n\n\n\n<h2 class=\"wp-block-heading\" id=\"no-dejes-que-la-apatia-se-convierta-en-tu-condena\">No dejes que la apat\u00eda se convierta en tu condena<\/h2>\n\n\n\n<p class=\"wp-block-paragraph\">Es com\u00fan atravesar momentos emocionales dif\u00edciles, pero ello no implica permitir que la apat\u00eda nos arrastre. No debemos sentirnos indefensos ni pasivos, ya que es posible combatir y superar la adversidad.<\/p>\n\n\n\n<p class=\"wp-block-paragraph\">Para lograrlo, sigue una estructura s\u00f3lida:&nbsp;<strong>dedica tiempo a&nbsp;<a href=\"https:\/\/lamenteesmaravillosa.com\/autorreflexion-clave-crecimiento-personal-libertad-emocional\/\">la autorreflexi\u00f3n<\/a>, identifica los s\u00edntomas y pon en marcha estrategias previamente mencionadas.<\/strong>&nbsp;Por \u00faltimo, reiteramos el mensaje de que siempre hay esperanza; muchas personas se preocupan por ti y est\u00e1n dispuestas a brindarte apoyo.<\/p>\n\n\n\n<hr class=\"wp-block-separator has-alpha-channel-opacity\"\/>\n\n\n\n<p class=\"wp-block-paragraph\">Bibliograf\u00eda<\/p>\n\n\n\n<p class=\"wp-block-paragraph\">Todas las fuentes citadas fueron revisadas a profundidad por nuestro equipo, para asegurar su calidad, confiabilidad, vigencia y validez.&nbsp;<strong>La bibliograf\u00eda de este art\u00edculo fue considerada confiable y de precisi\u00f3n acad\u00e9mica o cient\u00edfica.<\/strong><\/p>\n\n\n\n<hr class=\"wp-block-separator has-alpha-channel-opacity\"\/>\n\n\n\n<ul class=\"wp-block-list\">\n<li>Fundaci\u00f3n Sophia. (10 de mayo de 2018).\u00a0<em>Meditaci\u00f3n guiada del esc\u00e1ner corporal o body scan<\/em>\u00a0(corto). YouTube.\u00a0<a href=\"https:\/\/www.youtube.com\/watch?v=ja2c7ntuo5c\">https:\/\/www.youtube.com\/watch?v=ja2c7ntuo5c<\/a>&amp;ab_channel=Fundaci%C3%B3nSophia<\/li>\n\n\n\n<li>Matos, A., &amp; Manzano, G. (2021). Bases neurol\u00f3gicas de la depresi\u00f3n.\u00a0<em>Analog\u00edas Del Comportamiento<\/em>, (19), 1-16.\u00a0\u00a0<a href=\"https:\/\/revistasenlinea.saber.ucab.edu.ve\/index.php\/analogias\/article\/view\/5165\">https:\/\/revistasenlinea.saber.ucab.edu.ve\/index.php\/analogias\/article\/view\/5165<\/a><\/li>\n\n\n\n<li>Organizaci\u00f3n Mundial de la Salud. (2023).\u00a0<em>Trastorno de adaptaci\u00f3n<\/em>.\u00a0<a href=\"https:\/\/icd.who.int\/browse\/2024-01\/mms\/es#264310751\">https:\/\/icd.who.int\/browse\/2024-01\/mms\/es#264310751<\/a><\/li>\n<\/ul>\n\n\n\n<p class=\"wp-block-paragraph\">Fuente: <a href=\"https:\/\/lamenteesmaravillosa.com\/apatia-emocional-caracteristicas-y-como-vencerla\/\" data-type=\"link\" data-id=\"https:\/\/lamenteesmaravillosa.com\/apatia-emocional-caracteristicas-y-como-vencerla\/\" target=\"_blank\" rel=\"noreferrer noopener\">La Mente es Maravillosa<\/a><\/p>\n","protected":false},"excerpt":{"rendered":"<p>Perder las ganas de hacer las cosas no es algo natural. Conoce de qu\u00e9 se trata y c\u00f3mo combatir este s\u00edntoma tan parecido a la pereza. Uno de los s\u00edntomas m\u00e1s comunes de la esfera an\u00edmica es la apat\u00eda emocional. Esto se refiere a las pocas ganas de hacer cosas en el contexto del \u00e1nimo [&hellip;]<\/p>\n","protected":false},"author":1,"featured_media":1379,"comment_status":"open","ping_status":"open","sticky":false,"template":"","format":"standard","meta":{"_crdt_document":"","footnotes":""},"categories":[30],"tags":[],"class_list":["post-1377","post","type-post","status-publish","format-standard","has-post-thumbnail","hentry","category-noticias"],"_links":{"self":[{"href":"https:\/\/fundinah.org\/index.php\/wp-json\/wp\/v2\/posts\/1377","targetHints":{"allow":["GET"]}}],"collection":[{"href":"https:\/\/fundinah.org\/index.php\/wp-json\/wp\/v2\/posts"}],"about":[{"href":"https:\/\/fundinah.org\/index.php\/wp-json\/wp\/v2\/types\/post"}],"author":[{"embeddable":true,"href":"https:\/\/fundinah.org\/index.php\/wp-json\/wp\/v2\/users\/1"}],"replies":[{"embeddable":true,"href":"https:\/\/fundinah.org\/index.php\/wp-json\/wp\/v2\/comments?post=1377"}],"version-history":[{"count":1,"href":"https:\/\/fundinah.org\/index.php\/wp-json\/wp\/v2\/posts\/1377\/revisions"}],"predecessor-version":[{"id":1380,"href":"https:\/\/fundinah.org\/index.php\/wp-json\/wp\/v2\/posts\/1377\/revisions\/1380"}],"wp:featuredmedia":[{"embeddable":true,"href":"https:\/\/fundinah.org\/index.php\/wp-json\/wp\/v2\/media\/1379"}],"wp:attachment":[{"href":"https:\/\/fundinah.org\/index.php\/wp-json\/wp\/v2\/media?parent=1377"}],"wp:term":[{"taxonomy":"category","embeddable":true,"href":"https:\/\/fundinah.org\/index.php\/wp-json\/wp\/v2\/categories?post=1377"},{"taxonomy":"post_tag","embeddable":true,"href":"https:\/\/fundinah.org\/index.php\/wp-json\/wp\/v2\/tags?post=1377"}],"curies":[{"name":"wp","href":"https:\/\/api.w.org\/{rel}","templated":true}]}}