{"id":1353,"date":"2024-02-20T20:13:56","date_gmt":"2024-02-21T00:13:56","guid":{"rendered":"https:\/\/fundinah.org\/?p=1353"},"modified":"2024-02-20T20:13:57","modified_gmt":"2024-02-21T00:13:57","slug":"en-que-condiciones-se-vuelven-violentas-las-personas-con-un-trastorno-mental","status":"publish","type":"post","link":"https:\/\/fundinah.org\/index.php\/2024\/02\/20\/en-que-condiciones-se-vuelven-violentas-las-personas-con-un-trastorno-mental\/","title":{"rendered":"\u00bfEn qu\u00e9 condiciones se vuelven violentas las personas con un trastorno mental?"},"content":{"rendered":"\n<p class=\"wp-block-paragraph\">Considerar enfermas mentales a las personas violentas como supone una premisa que condena a inocentes con problemas psicopatol\u00f3gicos e indulta a culpables que est\u00e1n mentalmente sanas.<\/p>\n\n\n\n<p class=\"wp-block-paragraph\">La violencia constituye actualmente&nbsp;<a href=\"https:\/\/elpais.com\/diario\/2006\/04\/11\/salud\/1144706401_850215.html\" target=\"_blank\" rel=\"noreferrer noopener\">un problema de salud p\u00fablica<\/a>&nbsp;y recae adem\u00e1s con frecuencia sobre los miembros m\u00e1s vulnerables de la comunidad,&nbsp;<a href=\"https:\/\/elpais.com\/salud-y-bienestar\/2022-11-23\/por-que-la-violencia-contra-las-mujeres-es-un-problema-de-salud-mental-publica.html\" target=\"_blank\" rel=\"noreferrer noopener\">como los menores y las mujeres<\/a>. Una sociedad bien organizada otorga a las personas, mediante la socializaci\u00f3n familiar y escolar y la adquisici\u00f3n de una conciencia moral, mecanismos de integraci\u00f3n y lazos afectivos con los dem\u00e1s seres humanos que los protegen de implicarse en relaciones destructivas.<\/p>\n\n\n\n<p class=\"wp-block-paragraph\">La empat\u00eda, a modo de mandamiento biol\u00f3gico natural, es el inhibidor m\u00e1s potente contra la violencia y la crueldad. Por desgracia, hay algunos seres humanos que&nbsp;<a href=\"https:\/\/elpais.com\/salud-y-bienestar\/2023-10-08\/giacomo-rizzolatti-neurocientifico-la-empatia-no-es-algo-que-se-entienda-es-algo-que-se-siente.html\" target=\"_blank\" rel=\"noreferrer noopener\">carecen de esta capacidad emp\u00e1tica<\/a>&nbsp;para reaccionar positivamente ante las expresiones de miedo o de dolor expresadas por otras personas y no cuentan con un freno de mano para regular sus tendencias destructivas, sin que tampoco expresen un malestar emocional (la culpa) por el da\u00f1o infligido.<\/p>\n\n\n\n<p class=\"wp-block-paragraph\">La conducta violenta es el resultado de la interacci\u00f3n concreta de variables individuales y de factores situacionales. Los autores de comportamientos destructivos tienen habitualmente&nbsp;<a href=\"https:\/\/elpais.com\/elpais\/2018\/11\/14\/album\/1542210028_254932.html\" target=\"_blank\" rel=\"noreferrer noopener\">personalidades antisociales<\/a>, han sufrido la humillaci\u00f3n del&nbsp;<a href=\"https:\/\/elpais.com\/sociedad\/2023-12-28\/benjamin-ballesteros-debemos-eliminar-esa-dureza-emocional-con-la-que-se-educa-a-los-hombres.html\" target=\"_blank\" rel=\"noreferrer noopener\">maltrato f\u00edsico<\/a>&nbsp;y han estado expuestos a la glorificaci\u00f3n de la violencia. En concreto, la ausencia de una figura paterna o de unas relaciones de apego seguras propicia la adquisici\u00f3n de&nbsp;<a href=\"https:\/\/elpais.com\/economia\/2016\/02\/23\/actualidad\/1456266634_217188.html\" target=\"_blank\" rel=\"noreferrer noopener\">una baja autoestima<\/a>&nbsp;y dificulta la capacidad de autocontrol para aprender a modular los impulsos agresivos. Las personas que han tenido estos problemas en la infancia no desarrollan una empat\u00eda hacia el sufrimiento humano, pueden mostrarse emocionalmente insensibles con los dem\u00e1s y tienden a cometer actos violentos, especialmente si recurren al alcohol y a las drogas.M\u00c1S INFORMACI\u00d3N<\/p>\n\n\n\n<p class=\"wp-block-paragraph\">La influencia de compa\u00f1eros violentos o el visionado habitual de&nbsp;<a href=\"https:\/\/elpais.com\/tecnologia\/2020-03-29\/historia-de-la-no-tanta-violencia-en-los-videojuegos.html\" target=\"_blank\" rel=\"noreferrer noopener\">videojuegos violentos<\/a>&nbsp;es importante, sobre todo cuando el nivel intelectual es bajo, los sujetos tienen una personalidad dependiente y han interiorizado deficientemente los valores normativos en la familia y en la escuela. En suma, los j\u00f3venes violentos han desarrollado a partir de su entorno familiar, o pr\u00f3ximo, una estrategia de control de la conducta de los dem\u00e1s basada en el recurso a la violencia; y han aprendido, tambi\u00e9n, a volverse emocionalmente insensibles a sus efectos.<\/p>\n\n\n\n<p class=\"wp-block-paragraph\">Hay veces en que la conducta violenta se expresa de una forma impulsiva, modulada por la ira, y otras en que esa violencia es planificada con frialdad emocional y obedece a la consecuci\u00f3n de un objetivo concreto (robo, sexo o venganza). Considerar a las personas violentas como enfermos mentales supone una premisa que condena a inocentes e indulta a culpables, porque se&nbsp;<a href=\"https:\/\/elpais.com\/salud-y-bienestar\/2023-02-24\/las-personas-con-trastorno-mental-grave-pierden-de-media-mas-de-10-anos-de-vida-laboral-la-gente-sigue-sintiendo-una-desconfianza-atroz.html\" target=\"_blank\" rel=\"noreferrer noopener\">estigmatiza a personas con un trastorno mental<\/a>&nbsp;que no han hecho, ni har\u00e1n, ning\u00fan mal; y se considera irresponsables a personas sanas mentalmente que s\u00ed lo hicieron. Confundir maldad con enfermedad es un error. La psiquiatrizaci\u00f3n del mal ni es ni debe ser la respuesta.<\/p>\n\n\n\n<p class=\"wp-block-paragraph\">A pesar de la alarma social suscitada, la mayor\u00eda de&nbsp;<a href=\"https:\/\/elpais.com\/opinion\/2021-10-12\/la-criminalizacion-de-la-enfermedad-mental.html\" target=\"_blank\" rel=\"noreferrer noopener\">las personas afectadas por un trastorno mental no son violentas<\/a>. Sin embargo, hay pacientes que no est\u00e1n en tratamiento (o lo han abandonado) y que pueden adoptar conductas violentas. Cuando la interpretaci\u00f3n del entorno es defectuosa como consecuencia de ideas delirantes o de alucinaciones, la realidad externa puede ser percibida como una amenaza y se puede reaccionar de manera desproporcionada, con miedo intenso o con violencia extrema.<\/p>\n\n\n\n<h3 class=\"wp-block-heading\">Delirios, alucinaciones, alcohol y drogas<\/h3>\n\n\n\n<p class=\"wp-block-paragraph\">Algunas personas con un trastorno psic\u00f3tico llegan a perder el contacto con la realidad y pueden atribuir a los dem\u00e1s actitudes o intenciones hostiles. En estos casos, los pacientes viven bajo el yugo de una realidad imaginaria en la que las ideas delirantes (persecutorias o de celos), o las alucinaciones auditivas amenazantes, dominan la voluntad de quienes las padecen y coartan su libertad. El mayor riesgo, en estas personas, se da en el momento de producirse&nbsp;<a href=\"https:\/\/elpais.com\/elpais\/2018\/04\/19\/ciencia\/1524130696_063623.html\" target=\"_blank\" rel=\"noreferrer noopener\">el episodio psic\u00f3tico<\/a>&nbsp;o cuando el trastorno no est\u00e1 diagnosticado. Si los pacientes no reconocen el trastorno, abandonan la medicaci\u00f3n, consumen alcohol o drogas y carecen de un apoyo familiar, social o comunitario (la marginaci\u00f3n social es un riesgo en s\u00ed mismo), la probabilidad de conductas violentas aumenta considerablemente. Pero son estas circunstancias, m\u00e1s que el trastorno en s\u00ed mismo, las que facilitan su implicaci\u00f3n en comportamientos destructivos.<\/p>\n\n\n\n<p class=\"wp-block-paragraph\">Si las personas que padecen un trastorno mental grave se descompensan, pueden recurrir a la violencia cuando se sienten amenazadas f\u00edsicamente (violencia como defensa), despreciadas (violencia como autoafirmaci\u00f3n) o tratadas de forma injusta (violencia como venganza). En estos casos, la conducta violenta&nbsp;<a href=\"https:\/\/elpais.com\/diario\/2009\/03\/10\/salud\/1236639602_850215.html\" target=\"_blank\" rel=\"noreferrer noopener\">es un intento de regular estados emocionales internos muy negativos<\/a>&nbsp;(la humillaci\u00f3n, por ejemplo) y constituye una forma de hacer frente a unas alucinaciones o ideas delirantes que pueden resultar abrumadoras. No obstante, las personas con un trastorno psic\u00f3tico no son especialmente violentas. En todo caso, es m\u00e1s probable que tiendan a hacerse da\u00f1o a s\u00ed mismas o a suicidarse, sobre todo si abandonan el tratamiento.<\/p>\n\n\n\n<p class=\"wp-block-paragraph\">A su vez, las adicciones \u2014especialmente el abuso y la dependencia de alcohol y de drogas\u2014 constituyen un factor de riesgo para la violencia, pero hay muchas circunstancias mediadoras.<a href=\"https:\/\/elpais.com\/salud-y-bienestar\/2022-06-17\/cuando-beber-alcohol-deja-de-ser-divertido-y-se-convierte-en-un-problema.html\" target=\"_blank\" rel=\"noreferrer noopener\">&nbsp;Ni todos los que beben mucho son violentos<\/a>, ni la violencia se ejerce de forma indiscriminada, sino solo sobre las v\u00edctimas m\u00e1s vulnerables. El abuso de alcohol es peligroso en aquellos sujetos que ya tienen el \u00e1nimo predispuesto para agredir. Las actitudes previas de hostilidad y el efecto predisponente de una personalidad impulsiva o con otro trastorno mental modulan la respuesta violenta inducida por las sustancias psicoactivas, que puede surgir de forma brusca, imprevista y sin relaci\u00f3n con la v\u00edctima. En realidad, los trastornos mentales y el abuso de drogas constituyen un c\u00f3ctel explosivo.<\/p>\n\n\n\n<h3 class=\"wp-block-heading\">Factores de riesgo y anticipaci\u00f3n<\/h3>\n\n\n\n<p class=\"wp-block-paragraph\">El riesgo se acent\u00faa si hay un consumo conjunto de alcohol y drogas estimulantes, como la coca\u00edna,&nbsp;<a href=\"https:\/\/elpais.com\/salud-y-bienestar\/2023-12-19\/emilio-salgado-toxicologo-clinico-la-metanfetamina-es-realmente-peligrosa-mas-que-la-cocaina.html\" target=\"_blank\" rel=\"noreferrer noopener\">las anfetaminas<\/a>&nbsp;o el \u00e9xtasis. En estos casos se facilita la implicaci\u00f3n en conductas violentas porque pueden desencadenarse en los sujetos actitudes de desconfianza extrema, o ideas persecutorias o amenazantes, que generan un profundo malestar emocional contra quienes los rodean.<\/p>\n\n\n\n<p class=\"wp-block-paragraph\">Muchas personas violentas no presentan un trastorno mental \u2014es decir, no tienen disfunciones cognitivas ni volitivas relevantes\u2014, pero muestran alteraciones de la personalidad (de tipo psicop\u00e1tico, paranoide o narcisista), carecen de empat\u00eda y de tolerancia a la frustraci\u00f3n, no se sienten valoradas por los dem\u00e1s, les fascina la violencia, son impulsivas y necesitan implicarse en experiencias excitantes.<\/p>\n\n\n\n<p class=\"wp-block-paragraph\">Las conductas violentas, como los cambios atmosf\u00e9ricos, no son f\u00e1ciles de predecir. Una vez que ha surgido el primer episodio de violencia, la probabilidad de nuevos episodios aumenta considerablemente. Por tanto, cuanto mayor y m\u00e1s reciente es el historial de agresiones, mayor es la probabilidad de utilizar la violencia como una forma de relaci\u00f3n interpersonal.\u00a0<a href=\"https:\/\/www.edicionespiramide.es\/libro\/psicologia\/violencia-y-trastornos-mentales-enrique-echeburua-odriozola-9788436839654\/\" target=\"_blank\" rel=\"noreferrer noopener\">En general, lo que mejor predice la violencia futura es<\/a>\u00a0haber desarrollado conductas violentas anteriores, abusar del alcohol o de las drogas, contar con armas y tener problemas psicopatol\u00f3gicos, como psicopat\u00eda, esquizofrenia o trastorno delirante, sobre todo cuando no se ha establecido (o se ha abandonado) un tratamiento m\u00e9dico o psicol\u00f3gico.<\/p>\n\n\n\n<hr class=\"wp-block-separator has-alpha-channel-opacity\"\/>\n\n\n\n<p class=\"wp-block-paragraph\">Fuente: <a href=\"https:\/\/elpais.com\/salud-y-bienestar\/2024-02-17\/en-que-condiciones-se-vuelven-violentas-las-personas-con-un-trastorno-mental.html\" target=\"_blank\" rel=\"noreferrer noopener\">El Pa\u00eds<\/a><\/p>\n","protected":false},"excerpt":{"rendered":"<p>Considerar enfermas mentales a las personas violentas como supone una premisa que condena a inocentes con problemas psicopatol\u00f3gicos e indulta a culpables que est\u00e1n mentalmente sanas. La violencia constituye actualmente&nbsp;un problema de salud p\u00fablica&nbsp;y recae adem\u00e1s con frecuencia sobre los miembros m\u00e1s vulnerables de la comunidad,&nbsp;como los menores y las mujeres. Una sociedad bien organizada [&hellip;]<\/p>\n","protected":false},"author":1,"featured_media":1354,"comment_status":"open","ping_status":"open","sticky":false,"template":"","format":"standard","meta":{"_crdt_document":"","footnotes":""},"categories":[30],"tags":[],"class_list":["post-1353","post","type-post","status-publish","format-standard","has-post-thumbnail","hentry","category-noticias"],"_links":{"self":[{"href":"https:\/\/fundinah.org\/index.php\/wp-json\/wp\/v2\/posts\/1353","targetHints":{"allow":["GET"]}}],"collection":[{"href":"https:\/\/fundinah.org\/index.php\/wp-json\/wp\/v2\/posts"}],"about":[{"href":"https:\/\/fundinah.org\/index.php\/wp-json\/wp\/v2\/types\/post"}],"author":[{"embeddable":true,"href":"https:\/\/fundinah.org\/index.php\/wp-json\/wp\/v2\/users\/1"}],"replies":[{"embeddable":true,"href":"https:\/\/fundinah.org\/index.php\/wp-json\/wp\/v2\/comments?post=1353"}],"version-history":[{"count":1,"href":"https:\/\/fundinah.org\/index.php\/wp-json\/wp\/v2\/posts\/1353\/revisions"}],"predecessor-version":[{"id":1355,"href":"https:\/\/fundinah.org\/index.php\/wp-json\/wp\/v2\/posts\/1353\/revisions\/1355"}],"wp:featuredmedia":[{"embeddable":true,"href":"https:\/\/fundinah.org\/index.php\/wp-json\/wp\/v2\/media\/1354"}],"wp:attachment":[{"href":"https:\/\/fundinah.org\/index.php\/wp-json\/wp\/v2\/media?parent=1353"}],"wp:term":[{"taxonomy":"category","embeddable":true,"href":"https:\/\/fundinah.org\/index.php\/wp-json\/wp\/v2\/categories?post=1353"},{"taxonomy":"post_tag","embeddable":true,"href":"https:\/\/fundinah.org\/index.php\/wp-json\/wp\/v2\/tags?post=1353"}],"curies":[{"name":"wp","href":"https:\/\/api.w.org\/{rel}","templated":true}]}}