{"id":1349,"date":"2024-02-12T09:32:16","date_gmt":"2024-02-12T13:32:16","guid":{"rendered":"https:\/\/fundinah.org\/?p=1349"},"modified":"2024-02-12T09:32:18","modified_gmt":"2024-02-12T13:32:18","slug":"nunca-imaginarias-que-estos-son-7-sintomas-de-depresion","status":"publish","type":"post","link":"https:\/\/fundinah.org\/index.php\/2024\/02\/12\/nunca-imaginarias-que-estos-son-7-sintomas-de-depresion\/","title":{"rendered":"Nunca imaginar\u00edas que estos son 7 s\u00edntomas de depresi\u00f3n"},"content":{"rendered":"\n<p class=\"wp-block-paragraph\">La depresi\u00f3n es un estado complejo, que se manifiesta de una manera diferente en cada persona. Aunque hay unos patrones b\u00e1sicos, tambi\u00e9n existen algunos s\u00edntomas de depresi\u00f3n que generalmente pasan desapercibidos. Es importante conocerlos y reconocerlos.<\/p>\n\n\n\n<figure class=\"wp-block-image is-resized\"><img decoding=\"async\" src=\"https:\/\/lamenteesmaravillosa.com\/wp-content\/uploads\/2018\/10\/chica-con-monstruo-de-la-mano.jpg?auto=webp&amp;quality=60&amp;width=1920&amp;crop=16:9,smart,safe\" alt=\"Nunca imaginar\u00edas que estos son 7 s\u00edntomas de depresi\u00f3n\" style=\"width:837px;height:auto\" title=\"\"\/><\/figure>\n\n\n\n<p class=\"wp-block-paragraph\"><strong>La mente de cada ser humano tiene una complejidad enorme, por lo que todo esquema al respecto siempre se queda corto<\/strong>. Por eso cuando se habla, por ejemplo, de los s\u00edntomas de depresi\u00f3n, no siempre estos caben en la lista t\u00edpica. Hay actitudes, estados y conductas que aparentemente no tienen nada que ver con este problema, pero que en el fondo s\u00ed est\u00e1n relacionados.<\/p>\n\n\n\n<p class=\"wp-block-paragraph\"><strong>La depresi\u00f3n tiene diferentes formas de manifestarse, intensidades<\/strong>&nbsp;<strong>distintas y din\u00e1micas diversas<\/strong>. No todo el que deja caer una l\u00e1grima est\u00e1 deprimido, ni todo el que sonr\u00ede con frecuencia est\u00e1 feliz. Por eso no siempre es un estado evidente.<\/p>\n\n\n\n<blockquote class=\"wp-block-quote is-layout-flow wp-block-quote-is-layout-flow\">\n<p class=\"wp-block-paragraph\">\u201cLa depresi\u00f3n es una prisi\u00f3n en la que eres tanto el prisionero como el cruel carcelero\u201d.<\/p>\n\n\n\n<p class=\"wp-block-paragraph\">-Dorthy Rowe-<\/p>\n<\/blockquote>\n\n\n\n<p class=\"wp-block-paragraph\"><strong>Hay algunos s\u00edntomas de depresi\u00f3n que suelen pasar desapercibidos<\/strong>. No es que quien los presente, necesariamente est\u00e9 deprimido. Simplemente son indicios que sugieren la existencia de este problema, pero que se deben evaluar en conjunto y en contexto. Veamos siete de ellos.<\/p>\n\n\n\n<h2 class=\"wp-block-heading\" id=\"1-molestias-fisicas-no-relacionadas-con-una-enfermedad\"><strong>1. Molestias f\u00edsicas no relacionadas con una enfermedad<\/strong><\/h2>\n\n\n\n<p class=\"wp-block-paragraph\">Tiene que ver con dolores musculares que aparecen de repente sin un motivo espec\u00edfico, migra\u00f1as, indigestiones frecuentes, mareos s\u00fabitos y malestares por el estilo.&nbsp;<strong>Vas al m\u00e9dico y no encuentra nada anormal en tu&nbsp;<a href=\"https:\/\/lamenteesmaravillosa.com\/terapia-somatica-como-liberar-emociones-atrapadas-en-nuestro-cuerpo\/\" target=\"_blank\" rel=\"noreferrer noopener\">cuerpo<\/a><\/strong>&nbsp;<strong>. Pero no dejan de aparecer las molestias<\/strong>.<\/p>\n\n\n\n<figure class=\"wp-block-image is-resized\"><img decoding=\"async\" src=\"https:\/\/lamenteesmaravillosa.com\/wp-content\/uploads\/2018\/06\/mujer-dolor-cuello-espalda.jpg?auto=webp&amp;quality=60&amp;width=1920&amp;crop=16:9,smart,safe\" alt=\"Mujer con dolor en el cuello y la espalda simbolizando los s\u00edntomas de depresi\u00f3n\" style=\"width:839px;height:auto\" title=\"\"\/><\/figure>\n\n\n\n<p class=\"wp-block-paragraph\">Tambi\u00e9n&nbsp;<strong>es posible que no aparezca ninguna molestia f\u00edsica como tal, pero s\u00ed que tengas una cierta sospecha<\/strong>&nbsp;<strong>de que algo anda mal con tu&nbsp;<a href=\"https:\/\/lamenteesmaravillosa.com\/5-claves-una-buena-salud-emocional\/\" target=\"_blank\" rel=\"noreferrer noopener\">salud<\/a><\/strong>. Te sale un afta en la boca y se te pasa por la cabeza que puede ser leucemia. O te late muy fuerte el coraz\u00f3n y algo te dice que podr\u00eda ser el comienzo de un problema card\u00edaco.<\/p>\n\n\n\n<h2 class=\"wp-block-heading\" id=\"2-cancelar-y-postergar-los-encuentros-con-los-demas\"><strong>2. Cancelar y postergar los encuentros con los dem\u00e1s<\/strong><\/h2>\n\n\n\n<p class=\"wp-block-paragraph\">De pronto&nbsp;<strong>miras hacia atr\u00e1s y te das cuenta de que desde hace un tiempo vienes posponiendo todo tipo de actividades sociales<\/strong>. Tal vez sientes que est\u00e1s ocupado o simplemente que no tienes ganas de salir.<\/p>\n\n\n\n<p class=\"wp-block-paragraph\"><strong>Lo cierto es que tus encuentros con los dem\u00e1s se reducen sin que te lo hayas propuesto expl\u00edcitamente<\/strong>. En realidad no sientes que est\u00e9s&nbsp;<a href=\"https:\/\/es.wikipedia.org\/wiki\/Aislamiento_social\" target=\"_blank\" rel=\"noreferrer noopener\">aisl\u00e1ndote<\/a>&nbsp;de los dem\u00e1s, sino que andas muy cansado para salir o, sencillamente, hay otras cosas que capturan tu atenci\u00f3n.<\/p>\n\n\n\n<h2 class=\"wp-block-heading\" id=\"3-moverte-despacio\"><strong>3. Moverte despacio<\/strong><\/h2>\n\n\n\n<p class=\"wp-block-paragraph\">Este es uno de esos s\u00edntomas de depresi\u00f3n que suele pasar desapercibido. El cerebro de una persona deprimida funciona de manera diferente al de una persona que est\u00e1 serena o feliz.&nbsp;<strong>Esto termina incidiendo sobre la motricidad y hace que los movimientos sean m\u00e1s lentos.<\/strong><\/p>\n\n\n\n<figure class=\"wp-block-image is-resized\"><img decoding=\"async\" src=\"https:\/\/lamenteesmaravillosa.com\/wp-content\/uploads\/2018\/10\/hombre-con-nube.jpg?auto=webp&amp;quality=60&amp;width=1920&amp;crop=16:9,smart,safe\" alt=\"hombre con nube simbolizando los s\u00edntomas de depresi\u00f3n\" style=\"width:835px;height:auto\" title=\"\"\/><\/figure>\n\n\n\n<p class=\"wp-block-paragraph\">A veces, incluso, parece que una persona estuviera movi\u00e9ndose en c\u00e1mara lenta.&nbsp;<strong>Tambi\u00e9n tarda un poco m\u00e1s en reaccionar a los est\u00edmulos externos<\/strong>. Si le hablas, es como si se quedara meditando en lo que has dicho, antes de contestarte.<\/p>\n\n\n\n<h2 class=\"wp-block-heading\" id=\"4-brotes-de-dermatitis-atopica\"><strong>4. Brotes de dermatitis at\u00f3pica<\/strong><\/h2>\n\n\n\n<p class=\"wp-block-paragraph\">La ciencia a\u00fan no ha establecido claramente cu\u00e1l es la relaci\u00f3n entre la dermatitis at\u00f3pica y la depresi\u00f3n. Sin embargo,&nbsp;<strong>un&nbsp;<a href=\"http:\/\/www.redalyc.org\/pdf\/1806\/180618090003.pdf\" target=\"_blank\" rel=\"noreferrer noopener\">estudio<\/a>&nbsp;adelantado en la Universidad de Wisconsin (Estados Unidos) estableci\u00f3 que este problema suele presentarse en las personas deprimidas<\/strong>.<\/p>\n\n\n\n<p class=\"wp-block-paragraph\">La&nbsp;<a href=\"https:\/\/lamenteesmaravillosa.com\/dermatitis-atopica-estres-se-relacionan\/\" target=\"_blank\" rel=\"noreferrer noopener\">dermatitis at\u00f3pic<\/a>a se caracteriza por la aparici\u00f3n de eczemas en la piel que causan picor y dolor. Todav\u00eda no se conoce con exactitud lo que causa este problema. Pese a ello,&nbsp;<strong>se asocia frecuentemente con el estado an\u00edmico de las personas<\/strong>.<\/p>\n\n\n\n<h2 class=\"wp-block-heading\" id=\"5-ver-demasiada-television-uno-de-los-sintomas-de-depresion\"><strong>5. Ver demasiada televisi\u00f3n, uno de los s\u00edntomas de depresi\u00f3n<\/strong><\/h2>\n\n\n\n<p class=\"wp-block-paragraph\">Ver demasiada televisi\u00f3n, o pasar demasiado tiempo en el ordenador o con los ojos en el tel\u00e9fono m\u00f3vil pueden ser s\u00edntomas de depresi\u00f3n. En \u00faltimas,&nbsp;<strong>terminas teniendo una relaci\u00f3n constante y m\u00e1s o menos obsesiva con una pantalla. Esto es tambi\u00e9n una manera de aislarte<\/strong>.<\/p>\n\n\n\n<figure class=\"wp-block-image is-resized\"><img decoding=\"async\" src=\"https:\/\/lamenteesmaravillosa.com\/wp-content\/uploads\/2018\/07\/hombre-cabeza-television.jpg?auto=webp&amp;quality=60&amp;width=1920&amp;crop=16:9,smart,safe\" alt=\"hombre con tele en la cabeza simbolizando los s\u00edntomas de depresi\u00f3n\" style=\"width:834px;height:auto\" title=\"\"\/><\/figure>\n\n\n\n<p class=\"wp-block-paragraph\">Las personas que ven demasiada televisi\u00f3n frecuentemente desean \u201cno pensar\u201d. Pretenden distraerse, o alejarse de su realidad.&nbsp;<strong>Cuando se pasa demasiado tiempo frente a una pantalla uno puede volverse alguien muy ensimismado<\/strong>, que no conecta con lo que le rodea.<\/p>\n\n\n\n<h2 class=\"wp-block-heading\" id=\"6-no-tener-deseo-sexual\"><strong>6. No tener deseo sexual<\/strong><\/h2>\n\n\n\n<p class=\"wp-block-paragraph\"><strong>Cuando hay falta de&nbsp;<a href=\"https:\/\/lamenteesmaravillosa.com\/la-falta-deseo-sexual-problema\/\" target=\"_blank\" rel=\"noreferrer noopener\">deseo sexual<\/a>&nbsp;y esto se prolonga por un buen tiempo, es posible pensar que hay una depresi\u00f3n en ciernes<\/strong>. Este dato, de todos modos, debe ser evaluado con cuidado. Una cosa no implica autom\u00e1ticamente la otra.<\/p>\n\n\n\n<p class=\"wp-block-paragraph\">El factor a tener en cuenta es el nivel normal, o habitual, del deseo sexual. Si desciende por debajo de ese l\u00edmite y se mantiene as\u00ed, necesariamente est\u00e1 pasando algo.&nbsp;<strong>Para las personas deprimidas suele resultar muy dif\u00edcil adoptar actitudes y conductas er\u00f3ticas<\/strong>.<\/p>\n\n\n\n<h2 class=\"wp-block-heading\" id=\"7-cometer-equivocaciones-con-frecuencia\"><strong>7. Cometer equivocaciones con frecuencia<\/strong><\/h2>\n\n\n\n<p class=\"wp-block-paragraph\"><strong>Cuando hay depresi\u00f3n, la mente trabaja m\u00e1s lentamente<\/strong>. Tambi\u00e9n es muy com\u00fan que haya dificultad para concentrarte, o para ordenar ideas y planificar actividades. Por eso las personas deprimidas usualmente cometen muchos peque\u00f1os errores en el d\u00eda a d\u00eda.<\/p>\n\n\n\n<figure class=\"wp-block-image is-resized\"><img decoding=\"async\" src=\"https:\/\/lamenteesmaravillosa.com\/wp-content\/uploads\/2018\/10\/mujer-entre-ramas.jpg?auto=webp&amp;quality=60&amp;width=1920&amp;crop=16:9,smart,safe\" alt=\"chica entre ramas simbolizando los s\u00edntomas de depresi\u00f3n\" style=\"width:842px;height:auto\" title=\"\"\/><\/figure>\n\n\n\n<p class=\"wp-block-paragraph\">Esas equivocaciones tienen que ver con olvidos, con confusiones respecto a asuntos simples, con distracciones y con dificultad para aprender, entre otros.&nbsp;<strong>Es como si esa persona no terminara de estar totalmente presente en el aqu\u00ed y ahora<\/strong>.<\/p>\n\n\n\n<p class=\"wp-block-paragraph\"><strong>Todos estos s\u00edntomas de depresi\u00f3n, generalmente no son muy notorios para quien los padece<\/strong>, ni para quienes forman parte de su entorno. Si aparecen, especialmente cuando son varios y simult\u00e1neos, quiz\u00e1s sea hora de hacer un alto y mirar qu\u00e9 est\u00e1 pasando.<\/p>\n\n\n\n<hr class=\"wp-block-separator has-alpha-channel-opacity\"\/>\n\n\n\n<p class=\"wp-block-paragraph\">Bibliograf\u00eda<\/p>\n\n\n\n<p class=\"wp-block-paragraph\">Todas las fuentes citadas fueron revisadas a profundidad por nuestro equipo, para asegurar su calidad, confiabilidad, vigencia y validez.&nbsp;<strong>La bibliograf\u00eda de este art\u00edculo fue considerada confiable y de precisi\u00f3n acad\u00e9mica o cient\u00edfica.<\/strong><\/p>\n\n\n\n<hr class=\"wp-block-separator has-alpha-channel-opacity\"\/>\n\n\n\n<ul class=\"wp-block-list\">\n<li>Est\u00e9vez, A., &amp;amp; Calvete, E. (2009). Mediaci\u00f3n a trav\u00e9s de pensamientos autom\u00e1ticos de la relaci\u00f3n entre esquemas y s\u00edntomas de depresi\u00f3n. Anales de psicolog\u00eda, 25(1).<\/li>\n<\/ul>\n\n\n\n<hr class=\"wp-block-separator has-alpha-channel-opacity\"\/>\n\n\n\n<p class=\"wp-block-paragraph\">Este texto se ofrece \u00fanicamente con prop\u00f3sitos informativos y no reemplaza la consulta con un profesional. Ante dudas, consulta a tu especialista.<\/p>\n\n\n\n<p class=\"wp-block-paragraph\">Fuente: <a href=\"https:\/\/lamenteesmaravillosa.com\/nunca-imaginarias-que-estos-son-7-sintomas-de-depresion\/\" target=\"_blank\" rel=\"noreferrer noopener\">La Mente Es Maravillosa<\/a><\/p>\n","protected":false},"excerpt":{"rendered":"<p>La depresi\u00f3n es un estado complejo, que se manifiesta de una manera diferente en cada persona. Aunque hay unos patrones b\u00e1sicos, tambi\u00e9n existen algunos s\u00edntomas de depresi\u00f3n que generalmente pasan desapercibidos. Es importante conocerlos y reconocerlos. La mente de cada ser humano tiene una complejidad enorme, por lo que todo esquema al respecto siempre se [&hellip;]<\/p>\n","protected":false},"author":1,"featured_media":1350,"comment_status":"open","ping_status":"open","sticky":false,"template":"","format":"standard","meta":{"_crdt_document":"","footnotes":""},"categories":[30],"tags":[],"class_list":["post-1349","post","type-post","status-publish","format-standard","has-post-thumbnail","hentry","category-noticias"],"_links":{"self":[{"href":"https:\/\/fundinah.org\/index.php\/wp-json\/wp\/v2\/posts\/1349","targetHints":{"allow":["GET"]}}],"collection":[{"href":"https:\/\/fundinah.org\/index.php\/wp-json\/wp\/v2\/posts"}],"about":[{"href":"https:\/\/fundinah.org\/index.php\/wp-json\/wp\/v2\/types\/post"}],"author":[{"embeddable":true,"href":"https:\/\/fundinah.org\/index.php\/wp-json\/wp\/v2\/users\/1"}],"replies":[{"embeddable":true,"href":"https:\/\/fundinah.org\/index.php\/wp-json\/wp\/v2\/comments?post=1349"}],"version-history":[{"count":1,"href":"https:\/\/fundinah.org\/index.php\/wp-json\/wp\/v2\/posts\/1349\/revisions"}],"predecessor-version":[{"id":1351,"href":"https:\/\/fundinah.org\/index.php\/wp-json\/wp\/v2\/posts\/1349\/revisions\/1351"}],"wp:featuredmedia":[{"embeddable":true,"href":"https:\/\/fundinah.org\/index.php\/wp-json\/wp\/v2\/media\/1350"}],"wp:attachment":[{"href":"https:\/\/fundinah.org\/index.php\/wp-json\/wp\/v2\/media?parent=1349"}],"wp:term":[{"taxonomy":"category","embeddable":true,"href":"https:\/\/fundinah.org\/index.php\/wp-json\/wp\/v2\/categories?post=1349"},{"taxonomy":"post_tag","embeddable":true,"href":"https:\/\/fundinah.org\/index.php\/wp-json\/wp\/v2\/tags?post=1349"}],"curies":[{"name":"wp","href":"https:\/\/api.w.org\/{rel}","templated":true}]}}