{"id":1319,"date":"2024-01-15T11:24:29","date_gmt":"2024-01-15T15:24:29","guid":{"rendered":"https:\/\/fundinah.org\/?p=1319"},"modified":"2024-01-15T11:24:31","modified_gmt":"2024-01-15T15:24:31","slug":"los-consejos-que-un-psicologo-seguiria-para-no-obsesionarse-con-los-complejos-2","status":"publish","type":"post","link":"https:\/\/fundinah.org\/index.php\/2024\/01\/15\/los-consejos-que-un-psicologo-seguiria-para-no-obsesionarse-con-los-complejos-2\/","title":{"rendered":"Los consejos que un psic\u00f3logo seguir\u00eda para no obsesionarse con los complejos"},"content":{"rendered":"\n<p class=\"wp-block-paragraph\">Desde preocupaciones sobre el peso y la forma corporal, hasta la piel, el cabello, el pecho, la nariz o los labios. Estas inseguridades en ocasiones se reflejan en las mujeres, que pueden desencadenar en un problema de autoestima.<\/p>\n\n\n\n<p class=\"wp-block-paragraph\">En Espa\u00f1a, el 40% de la poblaci\u00f3n ha utilizado los&nbsp;<strong><a href=\"https:\/\/www.20minutos.es\/mujer\/estar-bien\/cinco-operaciones-mujeres-cirugia-estetica-mas-realizadas-espana-5140744\/\">servicios de medicina est\u00e9tica<\/a><\/strong>&nbsp;en alguna ocasi\u00f3n, de los cuales el 71,8% son mujeres y el 28,2% son hombres, seg\u00fan cifras presentadas por la Sociedad Espa\u00f1ola de Medicina Est\u00e9tica (SEME). M\u00e1s all\u00e1 del aspecto puntual que queramos mejorar o de ese retoque sin importancia, \u00bfestamos en general a gusto con nuestra apariencia f\u00edsica?<\/p>\n\n\n\n<p class=\"wp-block-paragraph\">Desde preocupaciones sobre el peso y la forma corporal, hasta la piel, el cabello, el pecho, la nariz o los labios, entre otros; estas inseguridades en ocasiones se reflejan en las mujeres, que pueden desencadenar una serie de<strong>\u00a0complejos f\u00edsicos y emocionales<\/strong>.\u00a0\u00a0<\/p>\n\n\n\n<h2 class=\"wp-block-heading\">\u00bfC\u00f3mo afectan los complejos f\u00edsicos a nuestra autoestima?<\/h2>\n\n\n\n<p class=\"wp-block-paragraph\">\"Si bien la mayor\u00eda de las personas suele lidiar con normalidad con los complejos, es cierto que en algunos casos pueden tener un impacto importante en<strong>&nbsp;c\u00f3mo nos autopercibimos y valoramos<\/strong>\", explica&nbsp;<strong>Unai Aso, psic\u00f3logo de Buencoco<\/strong>.<\/p>\n\n\n\n<p class=\"wp-block-paragraph\">Multitud de estudios asocian la percepci\u00f3n negativa de la propia imagen corporal con una<strong>&nbsp;baja autoestima<\/strong>. Esta relaci\u00f3n se ve influenciada por factores culturales y sociales, donde los est\u00e1ndares de belleza inalcanzables pueden exacerbar la&nbsp;<strong>insatisfacci\u00f3n corporal<\/strong>&nbsp;y afectar negativamente a nuestra autoestima: \"En los casos m\u00e1s extremos, esa preocupaci\u00f3n e<strong>&nbsp;insatisfacci\u00f3n con el propio cuerpo<\/strong>&nbsp;puede derivar en trastornos como la dismorfofobia o&nbsp;<a href=\"https:\/\/www.20minutos.es\/mujer\/estar-bien\/que-es-dismorfia-corporal-enfermedad-sufre-megan-fox-5129225\/\">trastorno dism\u00f3rfico corporal<\/a>, un problema psicol\u00f3gico caracterizado por una preocupaci\u00f3n obsesiva con un&nbsp;<strong>defecto percibido o exagerado en la apariencia f\u00edsica<\/strong>, que suele ser imperceptible o f\u00fatil para los dem\u00e1s\", explica el experto.<\/p>\n\n\n\n<h2 class=\"wp-block-heading\">\u00bfC\u00f3mo vencer un complejo f\u00edsico?<\/h2>\n\n\n\n<figure class=\"wp-block-image\"><img decoding=\"async\" src=\"https:\/\/imagenes.20minutos.es\/files\/image_640_auto\/uploads\/imagenes\/2023\/10\/12\/mujer-terapia-psicologo.jpeg\" alt=\"Mujer acude a terapia de psicolog\u00eda.\"\/><figcaption class=\"wp-element-caption\">Mujer acude a terapia de psicolog\u00eda.<\/figcaption><\/figure>\n\n\n\n<p class=\"wp-block-paragraph\">\"No existe una sola forma de enfrentar estos complejos, ya que cada persona y su contexto son diferentes \u2014explica\u2014 en algunos casos es necesario acudir a psicoterapia para que un profesional ayude a la persona a modificar esa percepci\u00f3n negativa y exagerada de esos supuestos defectos para&nbsp;<strong>fomentar una imagen corporal m\u00e1s positiva<\/strong>&nbsp;y realista\".&nbsp;<\/p>\n\n\n\n<p class=\"wp-block-paragraph\">En otros casos, como en supervivientes de c\u00e1ncer o en personas con obesidad sin trastornos alimentarios, \"a veces es necesario intervenir m\u00e9dicamente o realizar cambios en el estilo de vida y los h\u00e1bitos para mejorar tanto f\u00edsica como psicol\u00f3gicamente (por ej. cambiar los h\u00e1bitos alimentarios, empezar una rutina de ejercicio, etc.)\", matiza.&nbsp;<\/p>\n\n\n\n<p class=\"wp-block-paragraph\">En general, el objetivo es lograr una<strong>&nbsp;aceptaci\u00f3n integral del cuerpo&nbsp;<\/strong>y mejorar el bienestar general, no solo la apariencia f\u00edsica; que la persona valore sus aspectos positivos, reduzca la evitaci\u00f3n y el chequeo corporal constante y, si es posible y saludable, mejore aquellos otros aspectos que le generan malestar.<\/p>\n\n\n\n<p class=\"wp-block-paragraph\">Si el objetivo es aceptarnos y querernos a nosotros mismos, trabajando desde dentro,<strong>&nbsp;\u00bfcu\u00e1l es el origen del complejo?<\/strong>&nbsp;\u00bfComienza por uno f\u00edsico o m\u00e1s bien es el proceso mental el que hace que no saquemos complejos?<\/p>\n\n\n\n<p class=\"wp-block-paragraph\">\"La relaci\u00f3n suele ser bidireccional \u2014responde\u2014. Por un lado, la insatisfacci\u00f3n con la apariencia f\u00edsica puede ser el catalizador de problemas psicol\u00f3gicos, incluyendo&nbsp;<a href=\"https:\/\/www.20minutos.es\/noticia\/1504405\/0\/ansiedad-obliga\/cerebro-mujer\/trabajar-mas-que-hombre\/\">ansiedad, depresi\u00f3n<\/a>&nbsp;y trastornos relacionados con la imagen corporal. Por otro lado, patrones de pensamiento negativos, como la rumiaci\u00f3n y la autocr\u00edtica excesiva, pueden no solo exacerbar los complejos f\u00edsicos existentes, sino tambi\u00e9n dar origen a una percepci\u00f3n distorsionada del cuerpo\".&nbsp;<\/p>\n\n\n\n<h2 class=\"wp-block-heading\">\u00bfQu\u00e9 consejos nos dar\u00edas para no obsesionarnos?<\/h2>\n\n\n\n<figure class=\"wp-block-image\"><img decoding=\"async\" src=\"https:\/\/imagenes.20minutos.es\/files\/image_640_auto\/uploads\/imagenes\/2023\/03\/29\/pedir-ayuda-psicologo.jpeg\" alt=\"Pedir ayuda cuando el proceso psicol\u00f3gico te paraliza es fundamental.\"\/><figcaption class=\"wp-element-caption\">Pedir ayuda cuando el proceso psicol\u00f3gico te paraliza es fundamental.<\/figcaption><\/figure>\n\n\n\n<p class=\"wp-block-paragraph\">\"Lo m\u00e1s importante es desarrollar una&nbsp;<strong>relaci\u00f3n saludable con uno mismo<\/strong>&nbsp;y con el propio cuerpo, con una mirada compasiva. Esto implica entender y&nbsp;<strong>aceptar nuestras imperfecciones&nbsp;<\/strong>como parte de la condici\u00f3n humana (nadie es perfecto en ning\u00fan sentido, incluida la apariencia f\u00edsica)\", mantiene.<\/p>\n\n\n\n<p class=\"wp-block-paragraph\">Es importante tambi\u00e9n diversificar las fuentes de autoestima, no limit\u00e1ndolas \u00fanicamente a la apariencia f\u00edsica, sino&nbsp;<strong>valorando otros aspectos como nuestras habilidades, logros<\/strong>&nbsp;y relaciones personales: \"Ser conscientes de que nuestra val\u00eda como personas va m\u00e1s all\u00e1 de nuestra apariencia f\u00edsica es fundamental para tener una perspectiva m\u00e1s positiva y realista\", sostiene.&nbsp;<\/p>\n\n\n\n<p class=\"wp-block-paragraph\">El experto recomienda, en los casos en los que el complejo se convierte en algo bloqueante en nuestra vida diaria, limitar la\u00a0<a href=\"https:\/\/www.20minutos.es\/noticia\/4344411\/0\/el-body-positive-e-instagram-es-compatible-promover-el-amor-propio-en-la-red-social-del-culto-al-cuerpo\/\">exposici\u00f3n a redes sociales\u00a0<\/a>que, muchas veces, solo promueven est\u00e1ndares de belleza que generan presi\u00f3n y comparaciones da\u00f1inas. Adem\u00e1s, insiste en\u00a0acudir a terapia psicol\u00f3gica si la obsesi\u00f3n se vuelve persistente e incontrolable.<\/p>\n\n\n\n<p class=\"wp-block-paragraph\">Fuente: <a href=\"https:\/\/www.20minutos.es\/mujer\/estar-bien\/consejos-psicologo-para-evitar-obsesionarse-complejos-5194825\/\" target=\"_blank\" rel=\"noreferrer noopener\">20minuto.es<\/a><\/p>\n","protected":false},"excerpt":{"rendered":"<p>Desde preocupaciones sobre el peso y la forma corporal, hasta la piel, el cabello, el pecho, la nariz o los labios. Estas inseguridades en ocasiones se reflejan en las mujeres, que pueden desencadenar en un problema de autoestima. En Espa\u00f1a, el 40% de la poblaci\u00f3n ha utilizado los&nbsp;servicios de medicina est\u00e9tica&nbsp;en alguna ocasi\u00f3n, de los [&hellip;]<\/p>\n","protected":false},"author":1,"featured_media":1320,"comment_status":"open","ping_status":"open","sticky":false,"template":"","format":"standard","meta":{"_crdt_document":"","footnotes":""},"categories":[30],"tags":[],"class_list":["post-1319","post","type-post","status-publish","format-standard","has-post-thumbnail","hentry","category-noticias"],"_links":{"self":[{"href":"https:\/\/fundinah.org\/index.php\/wp-json\/wp\/v2\/posts\/1319","targetHints":{"allow":["GET"]}}],"collection":[{"href":"https:\/\/fundinah.org\/index.php\/wp-json\/wp\/v2\/posts"}],"about":[{"href":"https:\/\/fundinah.org\/index.php\/wp-json\/wp\/v2\/types\/post"}],"author":[{"embeddable":true,"href":"https:\/\/fundinah.org\/index.php\/wp-json\/wp\/v2\/users\/1"}],"replies":[{"embeddable":true,"href":"https:\/\/fundinah.org\/index.php\/wp-json\/wp\/v2\/comments?post=1319"}],"version-history":[{"count":1,"href":"https:\/\/fundinah.org\/index.php\/wp-json\/wp\/v2\/posts\/1319\/revisions"}],"predecessor-version":[{"id":1321,"href":"https:\/\/fundinah.org\/index.php\/wp-json\/wp\/v2\/posts\/1319\/revisions\/1321"}],"wp:featuredmedia":[{"embeddable":true,"href":"https:\/\/fundinah.org\/index.php\/wp-json\/wp\/v2\/media\/1320"}],"wp:attachment":[{"href":"https:\/\/fundinah.org\/index.php\/wp-json\/wp\/v2\/media?parent=1319"}],"wp:term":[{"taxonomy":"category","embeddable":true,"href":"https:\/\/fundinah.org\/index.php\/wp-json\/wp\/v2\/categories?post=1319"},{"taxonomy":"post_tag","embeddable":true,"href":"https:\/\/fundinah.org\/index.php\/wp-json\/wp\/v2\/tags?post=1319"}],"curies":[{"name":"wp","href":"https:\/\/api.w.org\/{rel}","templated":true}]}}