{"id":1292,"date":"2023-12-26T15:48:35","date_gmt":"2023-12-26T19:48:35","guid":{"rendered":"https:\/\/fundinah.org\/?p=1292"},"modified":"2023-12-26T15:54:18","modified_gmt":"2023-12-26T19:54:18","slug":"que-es-la-distimia-sintomas-y-tratamientos-de-trastorno-depresivo-persistente","status":"publish","type":"post","link":"https:\/\/fundinah.org\/index.php\/2023\/12\/26\/que-es-la-distimia-sintomas-y-tratamientos-de-trastorno-depresivo-persistente\/","title":{"rendered":"Qu\u00e9 es la distimia: s\u00edntomas y tratamientos de trastorno depresivo persistente"},"content":{"rendered":"\n<p class=\"wp-block-paragraph\"><em>Su nombre cl\u00ednico es Trastorno Depresivo Recurrente. Es m\u00e1s leve y duradera que la depresi\u00f3n mayor, pero puede ser igual de incapacitante. Te contamos m\u00e1s&#8230;<\/em><\/p>\n\n\n\n<p class=\"wp-block-paragraph\">De la misma manera que un resfriado se diagnostica con la existencia de s\u00edntomas como la tos seca, dolor de cabeza, goteo nasal y\/o fiebre,&nbsp;<strong>existen indicios concretos<\/strong>&nbsp;para que un m\u00e9dico sepa que su paciente se encuentra ante una depresi\u00f3n. Y la distimia es uno de sus subtipos. \"Para diagnoticar una&nbsp;<a href=\"https:\/\/www.cosmopolitan.com\/es\/salud-fitness\/salud\/a33580549\/depresion-sintomas\/\">depresi\u00f3n mayor<\/a>&nbsp;(la m\u00e1s tipificada) tiene que haber&nbsp;<strong>un m\u00ednimo de estos cinco s\u00edntomas durante al menos dos semanas<\/strong>&nbsp;(sobreesfuerzo para realizar actividades cotidianas, ausencia o exceso de apetito, baja energ\u00eda,&nbsp;<a href=\"https:\/\/www.cosmopolitan.com\/es\/salud-fitness\/salud\/a36966444\/autoestima-baja-10-trucos-para-mejorarla\/\">problemas de autoestima<\/a>,&nbsp;<strong>tristeza<\/strong>, falta de concentraci\u00f3n o dificultad para tomar decisiones,&nbsp;<a href=\"https:\/\/www.cosmopolitan.com\/es\/consejos-planes\/familia-amigos\/a1100\/10-cosas-que-hacer-en-una-noche-de-insomnio\/\">insomnio<\/a>&nbsp;o hipersomnia, sentimientos de desesperanza, tendencia a pasar m\u00e1s tiempo solo que con amigos o familiares, y&nbsp;<strong>ausencia de placer ante actividades que antes hac\u00edan disfrutar<\/strong>)\", explica Mar\u00eda Orosan, psic\u00f3loga sanitaria, colaboradora de&nbsp;<a href=\"https:\/\/www.psicopartner.com\/\" target=\"_blank\" rel=\"noreferrer noopener\">Psicopartner<\/a>.<\/p>\n\n\n\n<p class=\"wp-block-paragraph\">En cuanto a la distimia (afecta a entre el 5% y el 6% de la poblaci\u00f3n), aunque el cat\u00e1logo de s\u00edntomas es el mismo, para ser diagnosticada tienen que darse&nbsp;<strong>dos de los s\u00edntomas antes enumerados,<\/strong>&nbsp;y mantenerse al menos&nbsp;<strong>durante dos meses<\/strong>. En el \u00faltimo cambio del Manual Diagn\u00f3stico Estad\u00edstico de los Trastornos Mentales, la distimia pas\u00f3 a llamarse&nbsp;<strong>Trastorno Depresivo Persistente<\/strong>. Y aunque sus s\u00edntomas pueden interferir en las tareas diarias, no impiden cumplir con las responsabilidades.<\/p>\n\n\n\n<p class=\"wp-block-paragraph\">\"M\u00e1s que un trastorno de la personalidad, los profesionales coincidimos en que es&nbsp;<strong>un estilo de personalidad<\/strong>&nbsp;que te acompa\u00f1a casi desde el momento en que naces, con una&nbsp;<strong>tendencia al pensamiento victimista<\/strong>, atenci\u00f3n al 'locus' externo sin tomar una perspectiva realista de lo que pasa, acabando por desarrollar una&nbsp;<strong>indefensi\u00f3n aprendida<\/strong>&nbsp;(\"haga lo que haga, saldr\u00e1 mal\")\", dice Cristina Mart\u00ednez, del&nbsp;<a href=\"https:\/\/gabinetpsicologicmataro.com\/\" target=\"_blank\" rel=\"noreferrer noopener\">Gabinete Psicol\u00f3gico Matar\u00f3<\/a>.<\/p>\n\n\n\n<p class=\"wp-block-paragraph\">Para Elizabeth Clap\u00e9s, psic\u00f3loga de&nbsp;<a href=\"https:\/\/www.esmipsicologa.com\/\" target=\"_blank\" rel=\"noreferrer noopener\">Esmipsicologa<\/a>, \"la distimia es un trastorno mental bastante invisibilizado, porque&nbsp;<strong>se confunde con una persona triste<\/strong>. En ausencia de formaci\u00f3n cl\u00ednica, no cualquier persona sabr\u00eda diferenciarla\", detalla.<\/p>\n\n\n\n<h2 class=\"wp-block-heading\">\u00bfC\u00f3mo se comporta una persona dist\u00e9mica? S\u00edntomas de la distimia<\/h2>\n\n\n\n<p class=\"wp-block-paragraph\">Una persona con distimia repite esa&nbsp;<strong>tendencia al aislamiento, a la incomprensi\u00f3n, vac\u00edo, soledad, baja autoestima<\/strong>&#8230; Y a su vez, con el propio comportamiento que generan con su nula implicaci\u00f3n con todo, se encuentran bajos de energ\u00eda, malhumorados y tristes, aisl\u00e1ndose a\u00fan m\u00e1s.<\/p>\n\n\n\n<p class=\"wp-block-paragraph\"><img decoding=\"async\" src=\"https:\/\/www.cosmopolitan.com\/_assets\/design-tokens\/fre\/static\/icons\/social\/instagram.f282b14.svg?primary=currentColor&amp;id=link-out-embed\" height=\"auto\" width=\"auto\" alt=\"instagram\"><a target=\"_blank\" rel=\"noreferrer noopener\" href=\"https:\/\/www.instagram.com\/p\/CZsL_QGhuvv\/\">View full post on Instagram<\/a><\/p>\n\n\n\n<p class=\"wp-block-paragraph\">Elizabeth Clap\u00e9s nos da algunos detalles con los que podr\u00edas sentirte identificada: \"son personas que&nbsp;<strong>han ido a terapia en muchas ocasiones en su vida<\/strong>&nbsp;porque su estado an\u00edmico basal es un poco m\u00e1s bajito. Cuando les preguntas c\u00f3mo se encuentran en el d\u00eda a d\u00eda, la respuesta no es negativa, pero afirman creer que&nbsp;<strong>&#8217;lo normal' es ser m\u00e1s feliz de lo que son<\/strong>, y refieren no saber qu\u00e9 hacer. Yo me he dado cuenta de que, a pesar de los ejercicios que intentas trabajar en terapia, les cuesta encontrar la satisfacci\u00f3n porque casi nada les llena,&nbsp;<a href=\"https:\/\/www.cosmopolitan.com\/es\/consejos-planes\/familia-amigos\/a40954374\/superar-timidez\/\">son retra\u00eddas<\/a>, se sienten incomprendidas&#8230;&nbsp;<strong>Es algo cr\u00f3nico.<\/strong>&nbsp;Y adem\u00e1s, al compararse con los dem\u00e1s, se incomodan m\u00e1s, por eso a ellos especialmente no les ayuda nada las redes sociales.&nbsp;<strong>Tienen momentos de felicidad, pero estos son bastante planos.<\/strong>&nbsp;Por eso en muchas ocasiones, la soluci\u00f3n pasa por una medicaci\u00f3n que les ayude\", describe.<\/p>\n\n\n\n<h2 class=\"wp-block-heading\">\u00bfC\u00f3mo salir de ah\u00ed? Tratamientos contra la distimia<\/h2>\n\n\n\n<p class=\"wp-block-paragraph\">Desde luego, el primer paso ha de ser&nbsp;<a href=\"https:\/\/www.cosmopolitan.com\/es\/salud-fitness\/salud\/a33229273\/terapia-psicologo-salud-mental\/\">acudir a la consulta de un profesional<\/a>&nbsp;para que, hecho el diagn\u00f3stico,&nbsp;<strong>paute una terapia cognitiva-conductual.<\/strong>&nbsp;Adem\u00e1s, es importante escucharse a uno mismo, hacerse preguntas valientes y necesarias acerca del trabajo, el estilo de vida y las personas por las que estamos apostando como: \"<strong>\u00bfte hace tu entorno realmente feliz?\".<\/strong>&nbsp;\"Hay que hacer los ajustes necesarios en la vida; a veces es simplemente un cambio de aficiones.&nbsp;<strong>Hacer un movimiento en esa tuerca,<\/strong>&nbsp;aunque sea peque\u00f1o, puede desencadenar una mejor\u00eda\", explica Cristina Mart\u00ednez.<\/p>\n\n\n\n<p class=\"wp-block-paragraph\">\"La psicoterapia con t\u00e9cnicas cognitivo conductuales consiste en&nbsp;<strong>modificar patrones del pensamiento,<\/strong>&nbsp;reestructurando los posibles pensamientos disfuncionales. Las herramientas de las que nos valemos son la&nbsp;<strong>determinaci\u00f3n de objetivos<\/strong>&nbsp;que el paciente va cumpliendo para obtener refuerzos y salir del bucle de la depresi\u00f3n. Tambi\u00e9n utilizamos&nbsp;<a href=\"https:\/\/www.cosmopolitan.com\/es\/salud-fitness\/salud\/a2703\/relajacion-expres-en-7-pasos\/\">t\u00e9cnicas de relajaci\u00f3n muscular<\/a>&nbsp;y de visualizaci\u00f3n\", prosigue Mar\u00eda Orosan.<\/p>\n\n\n\n<p class=\"wp-block-paragraph\">En los casos en que la psicoterapia no funciona, es muy importante no culparse. \"A veces tiene que ver simplemente con una&nbsp;<strong>alteraci\u00f3n de neurotransmisores como la serotonina o la noradrenalina<\/strong>&nbsp;y hay que echar mano de los f\u00e1rmacos, pero ah\u00ed s\u00f3lo puede intervenir la psiquiatr\u00eda, as\u00ed que en muchos casos es a este especialista al que derivamos al paciente\", concluye Orosan.<\/p>\n\n\n\n<p class=\"wp-block-paragraph\">Lo importante es\u00a0<strong>que\u00a0<\/strong><strong>no te juzgues y que \"tomes la temperatura de tu \u00e1nimo\"<\/strong>, Si sientes que, a pesar de tener todo lo que deseas, no te sientes satisfecha con tu vida, no dudes en consultar a un profesional. De la misma manera que cuando no te sientes en forma f\u00edsicamente porque est\u00e1s cansada, tienes malestar estomacal, una contractura en la espalda o te ha salido una mancha en la piel acudes a un profesional,\u00a0<strong>el mismo respeto se merece tu estado an\u00edmico<\/strong>. Y esto es extensible tambi\u00e9n si crees que\u00a0<a href=\"https:\/\/www.cosmopolitan.com\/es\/salud-fitness\/salud\/a13033228\/asi-debes-ayudar-a-una-amiga-con-depresion\/\">alguien cercano lo pueda estar pasando<\/a>. No dudes y&#8230; \u00a1sal de dudas!<\/p>\n\n\n\n<p class=\"wp-block-paragraph\">Fuente: <a href=\"https:\/\/www.cosmopolitan.com\/es\/consejos-planes\/familia-amigos\/a41812745\/distimia-depresion-sintomas-tratamientos\/\" target=\"_blank\" rel=\"noreferrer noopener\">cosmopolitan.com<\/a><\/p>\n\n\n\n<p class=\"wp-block-paragraph\"><\/p>\n","protected":false},"excerpt":{"rendered":"<p>Su nombre cl\u00ednico es Trastorno Depresivo Recurrente. Es m\u00e1s leve y duradera que la depresi\u00f3n mayor, pero puede ser igual de incapacitante. Te contamos m\u00e1s&#8230; De la misma manera que un resfriado se diagnostica con la existencia de s\u00edntomas como la tos seca, dolor de cabeza, goteo nasal y\/o fiebre,&nbsp;existen indicios concretos&nbsp;para que un m\u00e9dico [&hellip;]<\/p>\n","protected":false},"author":1,"featured_media":1294,"comment_status":"open","ping_status":"open","sticky":false,"template":"","format":"standard","meta":{"_crdt_document":"","footnotes":""},"categories":[30],"tags":[],"class_list":["post-1292","post","type-post","status-publish","format-standard","has-post-thumbnail","hentry","category-noticias"],"_links":{"self":[{"href":"https:\/\/fundinah.org\/index.php\/wp-json\/wp\/v2\/posts\/1292","targetHints":{"allow":["GET"]}}],"collection":[{"href":"https:\/\/fundinah.org\/index.php\/wp-json\/wp\/v2\/posts"}],"about":[{"href":"https:\/\/fundinah.org\/index.php\/wp-json\/wp\/v2\/types\/post"}],"author":[{"embeddable":true,"href":"https:\/\/fundinah.org\/index.php\/wp-json\/wp\/v2\/users\/1"}],"replies":[{"embeddable":true,"href":"https:\/\/fundinah.org\/index.php\/wp-json\/wp\/v2\/comments?post=1292"}],"version-history":[{"count":2,"href":"https:\/\/fundinah.org\/index.php\/wp-json\/wp\/v2\/posts\/1292\/revisions"}],"predecessor-version":[{"id":1297,"href":"https:\/\/fundinah.org\/index.php\/wp-json\/wp\/v2\/posts\/1292\/revisions\/1297"}],"wp:featuredmedia":[{"embeddable":true,"href":"https:\/\/fundinah.org\/index.php\/wp-json\/wp\/v2\/media\/1294"}],"wp:attachment":[{"href":"https:\/\/fundinah.org\/index.php\/wp-json\/wp\/v2\/media?parent=1292"}],"wp:term":[{"taxonomy":"category","embeddable":true,"href":"https:\/\/fundinah.org\/index.php\/wp-json\/wp\/v2\/categories?post=1292"},{"taxonomy":"post_tag","embeddable":true,"href":"https:\/\/fundinah.org\/index.php\/wp-json\/wp\/v2\/tags?post=1292"}],"curies":[{"name":"wp","href":"https:\/\/api.w.org\/{rel}","templated":true}]}}