{"id":1255,"date":"2023-11-27T19:12:32","date_gmt":"2023-11-27T23:12:32","guid":{"rendered":"https:\/\/fundinah.org\/?p=1255"},"modified":"2023-11-27T19:12:34","modified_gmt":"2023-11-27T23:12:34","slug":"conociendo-el-espectro-de-la-esquizofrenia","status":"publish","type":"post","link":"https:\/\/fundinah.org\/index.php\/2023\/11\/27\/conociendo-el-espectro-de-la-esquizofrenia\/","title":{"rendered":"Conociendo el espectro de la esquizofrenia"},"content":{"rendered":"\n<p class=\"wp-block-paragraph\">La esquizofrenia pas\u00f3 de entenderse como un trastorno a considerarse un espectro cuyos s\u00edntomas var\u00edan en intensidad. Te explicamos c\u00f3mo evolucion\u00f3 la clasificaci\u00f3n de esta enfermedad.<\/p>\n\n\n\n<p class=\"wp-block-paragraph\">A lo largo del tiempo,&nbsp;<strong>la esquizofrenia experiment\u00f3 notables transformaciones,&nbsp;<\/strong>abandonando los subtipos, hasta definirse como un espectro. Esta compleja afecci\u00f3n de la salud mental se distingue por una amplia variedad de s\u00edntomas que influyen en el comportamiento de quienes la padecen.<\/p>\n\n\n\n<p class=\"wp-block-paragraph\">El diagn\u00f3stico, en su esencia, involucra la psicosis,&nbsp;<strong>un estado en el cual la persona se desconecta de la realidad de una manera desafiante,<\/strong>&nbsp;manifestando delirios, alucinaciones y patrones de pensamiento inusuales.<\/p>\n\n\n\n<p class=\"wp-block-paragraph\">En un esfuerzo por comprender mejor esta enfermedad en constante evoluci\u00f3n, este art\u00edculo aborda los ajustes en su clasificaci\u00f3n y el tratamiento. Te invitamos a continuar la lectura y prestar atenci\u00f3n a las caracter\u00edsticas distintivas.<\/p>\n\n\n\n<h2 class=\"wp-block-heading\" id=\"esquizofrenia-ya-no-son-subtipos-sino-un-espectro-en-constante-variacion\">Esquizofrenia: ya no son subtipos, sino un espectro en constante variaci\u00f3n<\/h2>\n\n\n\n<p class=\"wp-block-paragraph\">Con la actualizaci\u00f3n del&nbsp;<em>Manual Diagn\u00f3stico y Estad\u00edstico de Trastornos Mentales<\/em>&nbsp;(DSM) en su quinta versi\u00f3n, hubo cambios significativos en la clasificaci\u00f3n de la esquizofrenia. Aqu\u00ed<strong>&nbsp;se reemplazaron los subtipos tradicionales por un enfoque m\u00e1s dimensional.<\/strong>&nbsp;Esto se decidi\u00f3 por las siguientes razones:<\/p>\n\n\n\n<ul class=\"wp-block-list\">\n<li>Falta de fiabilidad en las descripciones.<\/li>\n\n\n\n<li>Falta de utilidad en las decisiones de tratamiento.<\/li>\n\n\n\n<li>Variabilidad de s\u00edntomas entre las personas con esquizofrenia.<\/li>\n\n\n\n<li>Falta de diferencias en el funcionamiento cerebral entre los subtipos.<\/li>\n<\/ul>\n\n\n\n<p class=\"wp-block-paragraph\">En su lugar, el&nbsp;<a href=\"https:\/\/www.msdmanuals.com\/es-mx\/professional\/trastornos-psiqui%C3%A1tricos\/esquizofrenia-y-trastornos-relacionados\/esquizofrenia\" target=\"_blank\" rel=\"noreferrer noopener\">DSM-5<\/a>&nbsp;describe la esquizofrenia como un espectro, reconociendo que&nbsp;<strong>las personas pueden experimentar diferentes s\u00edntomas en diferentes momentos<\/strong>&nbsp;y que no todos los individuos con esta condici\u00f3n presentan las mismas variantes.<\/p>\n\n\n\n<p class=\"wp-block-paragraph\"><strong>La evoluci\u00f3n llev\u00f3 a que se denomine \u00abespectro de la esquizofrenia y otros trastornos\u00bb,<\/strong>\u00a0en contraste con la designaci\u00f3n anterior en el DSM-4 de \u00abesquizofrenia y otros trastornos\u00bb, englobada dentro de la categor\u00eda de\u00a0<a href=\"https:\/\/lamenteesmaravillosa.com\/mas-alla-de-la-esquizofrenia-los-trastornos-psicoticos\/\">trastornos psic\u00f3ticos<\/a>.<\/p>\n\n\n\n<h2 class=\"wp-block-heading\" id=\"variantes-de-este-trastorno\">Variantes de este trastorno<\/h2>\n\n\n\n<p class=\"wp-block-paragraph\"><strong>Una&nbsp;<a href=\"https:\/\/lamenteesmaravillosa.com\/como-es-una-persona-con-esquizofrenia\/\">persona diagnosticada con esquizofrenia<\/a>&nbsp;experimenta diferentes patrones de pensamientos y comportamientos.<\/strong>&nbsp;Con anterioridad, estos se calificaban como subtipos, seg\u00fan las principales&nbsp;<a href=\"https:\/\/www.ncbi.nlm.nih.gov\/pmc\/articles\/PMC4393695\/\">revisiones del DSM-4 al DSM-5<\/a>. Ahora, los mismos se desplazaron a la dimensi\u00f3n de s\u00edntomas, cuya gravedad var\u00eda entre pacientes, de acuerdo con el curso de la enfermedad. Veamos c\u00f3mo se manifiestan.<\/p>\n\n\n\n<h3 class=\"wp-block-heading\" id=\"1-paranoia\">1. Paranoia<\/h3>\n\n\n\n<p class=\"wp-block-paragraph\">El paciente con este cuadro presenta uno o m\u00e1s\u00a0<strong><a href=\"https:\/\/lamenteesmaravillosa.com\/cuales-son-los-principales-tipos-de-delirios\/\">delirios<\/a>\u00a0o alucinaciones auditivas centradas en un tema persecutorio o de conspiraci\u00f3n.<\/strong>\u00a0Estas experiencias, a menudo, se desarrollan en una narrativa coherente y constante.<\/p>\n\n\n\n<p class=\"wp-block-paragraph\">La persona se caracteriza por su marcada desconfianza y suspicacia hacia los dem\u00e1s, pues cree que es objeto de conspiraciones. Es posible que sus emociones y comportamientos conduzcan a reacciones agresivas o a un aislamiento social significativo.<\/p>\n\n\n\n<p class=\"wp-block-paragraph\">Es relevante subrayar que la&nbsp;<a href=\"https:\/\/lamenteesmaravillosa.com\/esquizofrenia-paranoide-definicion-causas-tratamiento\/\">esquizofrenia paranoide<\/a>&nbsp;<strong>no se caracteriza por la prominencia de otros s\u00edntomas.&nbsp;<\/strong>Y quiz\u00e1s las se\u00f1ales se presenten m\u00e1s adelante en la vida, por lo que es posible que estas personas alcancen un nivel de funcionamiento alto, antes de que aparezca la enfermedad.<\/p>\n\n\n\n<h3 class=\"wp-block-heading\" id=\"2-comportamiento-desorganizado\">2. Comportamiento desorganizado<\/h3>\n\n\n\n<p class=\"wp-block-paragraph\"><strong>El paciente se caracteriza por la incoherencia del pensamiento y el discurso,<\/strong>\u00a0as\u00ed como la falta de emociones apropiadas. El predominio de los siguientes s\u00edntomas determina los criterios de diagn\u00f3stico:<\/p>\n\n\n\n<ul class=\"wp-block-list\">\n<li>Discurso desorganizado<\/li>\n\n\n\n<li>Comportamiento desorganizado<\/li>\n\n\n\n<li><a href=\"https:\/\/lamenteesmaravillosa.com\/aplanamiento-afectivo-la-indeferencia-hacia-las-emociones\/\">Aplanamiento afectivo<\/a>&nbsp;o expresi\u00f3n inapropiada de las emociones<\/li>\n<\/ul>\n\n\n\n<p class=\"wp-block-paragraph\">A diferencia de otras variantes,&nbsp;<strong>las alucinaciones y los delirios pueden ser menos notables y no forman una narrativa coherente,<\/strong>&nbsp;aunque puede haber algunas se\u00f1ales de tales s\u00edntomas. No se presentan manifestaciones catat\u00f3nicas.<\/p>\n\n\n\n<p class=\"wp-block-paragraph\"><strong>Las personas que experimentan estos estados, con frecuencia, tienen\u00a0<a href=\"https:\/\/lamenteesmaravillosa.com\/dificultades-cotidianas-de-las-personas-con-esquizofrenia\/\">dificultades cotidianas<\/a>\u00a0que les impiden llevar una vida normal,<\/strong>\u00a0lo que incide en su capacidad de conservar empleos o relaciones sociales. Incluso, tareas rutinarias como vestirse, ba\u00f1arse o cepillarse los dientes resultan problem\u00e1ticas.<\/p>\n\n\n\n<h3 class=\"wp-block-heading\" id=\"3-catatonia\">3. Catatonia<\/h3>\n\n\n\n<p class=\"wp-block-paragraph\"><strong>En la esquizofrenia, el estado catat\u00f3nico se caracteriza por perturbaciones en el movimiento,<\/strong>&nbsp;abarcando desde rigidez muscular e inmovilidad, hasta la adopci\u00f3n de posturas inusuales o movimientos repetitivos.<\/p>\n\n\n\n<p class=\"wp-block-paragraph\">Es posible que, en ocasiones, el paciente evidencie un estado de estupor o experimente desconexi\u00f3n del entorno y agitaci\u00f3n extrema. Los rasgos cl\u00ednicos m\u00e1s prominentes se centran en lo siguiente:<\/p>\n\n\n\n<ul class=\"wp-block-list\">\n<li>S\u00edntomas de mutismo o p\u00e9rdida del habla.<\/li>\n\n\n\n<li>Repetici\u00f3n del habla ajena o eco de palabras (<a href=\"https:\/\/mejorconsalud.as.com\/ecolalia-tipos-causas-tratamientos\/\" target=\"_blank\" rel=\"noreferrer noopener\">ecolalia<\/a>).<\/li>\n\n\n\n<li>Imitaci\u00f3n de acciones, habla o movimientos (ecopraxia).<\/li>\n\n\n\n<li>Falta de movimiento, como en un estado de estupor catat\u00f3nico o inmovilidad.<\/li>\n\n\n\n<li>Comportamientos estereotipados o acciones repetidas que parecen carecer de prop\u00f3sito.<\/li>\n<\/ul>\n\n\n\n<p class=\"wp-block-paragraph\">Quienes conviven con tales s\u00edntomas pueden alternar entre una inmovilidad aparente y momentos de alta excitaci\u00f3n.&nbsp;<strong>Estos comportamientos tambi\u00e9n se manifiestan en otros trastornos neuropsiqui\u00e1tricos y neurol\u00f3gicos,<\/strong>&nbsp;como el&nbsp;<a href=\"https:\/\/lamenteesmaravillosa.com\/trastorno-bipolar-vivir-una-montana-rusa\/\">trastorno bipolar<\/a>, la&nbsp;<a href=\"https:\/\/lamenteesmaravillosa.com\/los-7-tipos-de-depresion\/\">depresi\u00f3n<\/a>&nbsp;grave,&nbsp;<a href=\"https:\/\/lamenteesmaravillosa.com\/7-cosas-del-sindrome-de-down-que-necesitamos-conocer\/\">s\u00edndrome de Down<\/a>&nbsp;o algunos&nbsp;<a href=\"https:\/\/lamenteesmaravillosa.com\/el-trastorno-del-espectro-autista-un-abanico-de-realidades-complejas\/\">trastornos del espectro autista<\/a>.<\/p>\n\n\n\n<h3 class=\"wp-block-heading\" id=\"4-fase-residual\">4. Fase residual<\/h3>\n\n\n\n<p class=\"wp-block-paragraph\">Se le llama&nbsp;<a href=\"https:\/\/lamenteesmaravillosa.com\/esquizofrenia-residual-definicion-sintomas-y-tratamiento\/\">esquizofrenia residual<\/a>&nbsp;<strong>cuando una persona tuvo episodios previos de este trastorno,<\/strong>&nbsp;pero en el momento del diagn\u00f3stico presenta manifestaciones m\u00e1s leves o solo de forma remanente. Los s\u00edntomas incluyen lo siguiente:<\/p>\n\n\n\n<ul class=\"wp-block-list\">\n<li>Evidencia continua de la alteraci\u00f3n, como la presencia de&nbsp;<a href=\"https:\/\/lamenteesmaravillosa.com\/sintomas-positivos-y-negativos-de-la-esquizofrenia\/\">s\u00edntomas negativos<\/a>.<\/li>\n\n\n\n<li>Ausencia de delirios prominentes, alucinaciones, habla desorganizada y comportamiento catat\u00f3nico o desorganizado en extremo.<\/li>\n<\/ul>\n\n\n\n<p class=\"wp-block-paragraph\">Es importante destacar que&nbsp;<strong>la variante residual no se diagnostica con frecuencia,<\/strong>&nbsp;ya que la esquizofrenia tiende a mostrar&nbsp;<a href=\"https:\/\/lamenteesmaravillosa.com\/fases-de-la-esquizofrenia\/\">distintas fases<\/a>, con fluctuaciones en los s\u00edntomas, durante el curso de la enfermedad, lo que dificulta la identificaci\u00f3n de una etapa residual clara y constante.<\/p>\n\n\n\n<h3 class=\"wp-block-heading\" id=\"5-esquizofrenia-no-diferenciada\">5. Esquizofrenia no diferenciada<\/h3>\n\n\n\n<p class=\"wp-block-paragraph\"><strong>Se compone de s\u00edntomas caracter\u00edsticos de la esquizofrenia en general,<\/strong>&nbsp;como&nbsp;<a href=\"https:\/\/lamenteesmaravillosa.com\/que-son-las-alucinaciones-tipos-existen\/\">alucinaciones<\/a>, delirios,&nbsp;<a href=\"https:\/\/lamenteesmaravillosa.com\/que-es-el-pensamiento-desorganizado\/\">pensamiento desorganizado<\/a>&nbsp;y alteraciones emocionales que, por su aparici\u00f3n, no se consideran dentro de un cuadro espec\u00edfico. El reconocimiento de este espectro refleja una comprensi\u00f3n m\u00e1s amplia y flexible de la enfermedad en la pr\u00e1ctica cl\u00ednica actual.<\/p>\n\n\n\n<p class=\"wp-block-paragraph\">Antes de los cambios en el DSM-5, se hablaba de esquizofrenia no diferenciada cuando los s\u00edntomas no encajaban en ninguna de las\u00a0<a href=\"https:\/\/lamenteesmaravillosa.com\/tipos-de-esquizofrenia\/\">categorizaciones existentes<\/a>, pues no eran tan espec\u00edficos; adem\u00e1s variaban con el tiempo o la persona mostraba s\u00edntomas asociables con otras variantes.<\/p>\n\n\n\n<h3 class=\"wp-block-heading\" id=\"6-simple\">6. Simple<\/h3>\n\n\n\n<p class=\"wp-block-paragraph\">Dentro del espectro de la enfermedad, algunos organismos como la Clasificaci\u00f3n Internacional de Enfermedades (CIE) contemplan otra variante llamada&nbsp;<a href=\"https:\/\/lamenteesmaravillosa.com\/esquizofrenia-simple-que-es\/\">esquizofrenia simple<\/a>. En ella&nbsp;<strong>los pacientes presentan solo s\u00edntomas negativos, pero no cognitivos ni positivos.<\/strong>&nbsp;Esto quiere decir que no se presentan delirios o alucinaciones pero s\u00ed se percibe un comportamiento irregular o alterado.<\/p>\n\n\n\n<blockquote class=\"wp-block-quote is-layout-flow wp-block-quote-is-layout-flow\">\n<p class=\"wp-block-paragraph\">Cuando la persona tiene s\u00edntomas que pertenecen a este cuadro o al anterior, puede ser muy dif\u00edcil de diagnosticar.<\/p>\n<\/blockquote>\n\n\n\n<h2 class=\"wp-block-heading\" id=\"tratamiento-de-la-esquizofrenia-como-espectro\">Tratamiento de la esquizofrenia como espectro<\/h2>\n\n\n\n<p class=\"wp-block-paragraph\">Al considerar la enfermedad como un espectro, se busca que el tratamiento&nbsp;<strong>se individualice seg\u00fan la gravedad de los s\u00edntomas y las necesidades de la persona.<\/strong>&nbsp;Los objetivos son los listados a continuaci\u00f3n:<\/p>\n\n\n\n<ul class=\"wp-block-list\">\n<li>Abordar y aliviar las expresiones sintomatol\u00f3gicas del trastorno.<\/li>\n\n\n\n<li>Prevenir las reca\u00eddas y episodios recurrentes de s\u00edntomas activos.<\/li>\n\n\n\n<li>Mejorar el funcionamiento adaptativo del paciente para reintegrarse en la comunidad de manera efectiva.<\/li>\n<\/ul>\n\n\n\n<blockquote class=\"wp-block-quote is-layout-flow wp-block-quote-is-layout-flow\">\n<p class=\"wp-block-paragraph\">El enfoque terap\u00e9utico integral, que incluye tanto la farmacoterapia como la psicoterapia, es esencial para proporcionar una atenci\u00f3n completa y efectiva a las personas que padecen esquizofrenia.<\/p>\n<\/blockquote>\n\n\n\n<h3 class=\"wp-block-heading\" id=\"terapia-psicologica\">Terapia psicol\u00f3gica<\/h3>\n\n\n\n<p class=\"wp-block-paragraph\"><strong>En el \u00e1mbito de la psicoterapia, se han desarrollado enfoques prometedores.<\/strong>&nbsp;De acuerdo con un estudio de la revista<em>&nbsp;<a href=\"https:\/\/www.ncbi.nlm.nih.gov\/pmc\/articles\/PMC4159061\/\" target=\"_blank\" rel=\"noreferrer noopener\">Pharmacy and Therapeutics<\/a>,<\/em>&nbsp;estos contemplan el entrenamiento metacognitivo, las&nbsp;<a href=\"https:\/\/lamenteesmaravillosa.com\/sabes-consiste-la-terapia-narrativa\/\">terapias narrativas<\/a>&nbsp;y la terapia de atenci\u00f3n plena.<\/p>\n\n\n\n<p class=\"wp-block-paragraph\">Tales enfoques se centran en aspectos como la autorreflexi\u00f3n, la construcci\u00f3n de narrativas personales y la atenci\u00f3n plena, contribuyendo as\u00ed a una mejor calidad de vida para los pacientes. Generalmente el tratamiento es individual, sin embargo tambi\u00e9n existen sesiones grupales como la&nbsp;<a href=\"https:\/\/lamenteesmaravillosa.com\/la-terapia-psicologica-integrada-para-la-esquizofrenia\/\">terapia psicol\u00f3gica integrada<\/a>.<\/p>\n\n\n\n<p class=\"wp-block-paragraph\">Es fundamental subrayar que los tratamientos no farmacol\u00f3gicos, como la psicoterapia, deben considerarse como complementos a los medicamentos y no como sustitutos.<\/p>\n\n\n\n<h3 class=\"wp-block-heading\" id=\"farmacoterapia\">Farmacoterapia<\/h3>\n\n\n\n<p class=\"wp-block-paragraph\">El&nbsp;<a href=\"https:\/\/lamenteesmaravillosa.com\/una-explicacion-farmacologica-de-la-esquizofrenia-y-su-tratamiento\/\">tratamiento a trav\u00e9s de los f\u00e1rmacos<\/a>&nbsp;se centra en los&nbsp;<a href=\"https:\/\/lamenteesmaravillosa.com\/antipsicoticos-funcionamiento-tipos\/\">antipsic\u00f3ticos<\/a>, tambi\u00e9n conocidos como neurol\u00e9pticos. Estos&nbsp;<strong>son la base para controlar los s\u00edntomas positivos de la esquizofrenia,<\/strong>&nbsp;como las alucinaciones y los delirios. Funcionan al afectar los neurotransmisores en el cerebro, en especial la&nbsp;<a href=\"https:\/\/lamenteesmaravillosa.com\/dopamina-esquizofrenia-descubierto-nuevo-vinculo-causal\/\">dopamina<\/a>, neurotransmisor relacionado con la enfermedad; en otras palabras, act\u00faan sobre el sistema dopamin\u00e9rgico.<\/p>\n\n\n\n<p class=\"wp-block-paragraph\">Adem\u00e1s de los antipsic\u00f3ticos, es posible que los pacientes requieran otros medicamentos para abordar los efectos secundarios o trastornos coexistentes, como la depresi\u00f3n o la ansiedad.<\/p>\n\n\n\n<h2 class=\"wp-block-heading\" id=\"como-influyen-las-variaciones-del-espectro-en-la-concepcion-actual-de-la-enfermedad\">\u00bfC\u00f3mo influyen las variaciones del espectro en la concepci\u00f3n actual de la enfermedad?<\/h2>\n\n\n\n<p class=\"wp-block-paragraph\">A pesar de que los subtipos espec\u00edficos ya no se utilizan en el diagn\u00f3stico cl\u00ednico, los m\u00e9dicos de la salud mental pueden<strong>\u00a0recurrir a esta clasificaci\u00f3n como herramientas adicionales para informar y planificar un tratamiento adecuado.<\/strong><\/p>\n\n\n\n<p class=\"wp-block-paragraph\">La elecci\u00f3n de medicamentos, dosis y ajustes terap\u00e9uticos debe supervisarla un profesional experimentado, sustent\u00e1ndose en una evaluaci\u00f3n minuciosa del paciente. La combinaci\u00f3n de tratamientos farmacol\u00f3gicos y no farmacol\u00f3gicos, como la psicoterapia, es esencial para brindar un enfoque integral y efectivo en el manejo de esta compleja enfermedad.<\/p>\n\n\n\n<p class=\"wp-block-paragraph\">Fuente: <a href=\"https:\/\/lamenteesmaravillosa.com\/esquizofrenia-espectro-y-sintomas\/\" data-type=\"link\" data-id=\"https:\/\/lamenteesmaravillosa.com\/esquizofrenia-espectro-y-sintomas\/\" target=\"_blank\" rel=\"noreferrer noopener\">La Mente Maravillosa<\/a><\/p>\n","protected":false},"excerpt":{"rendered":"<p>La esquizofrenia pas\u00f3 de entenderse como un trastorno a considerarse un espectro cuyos s\u00edntomas var\u00edan en intensidad. Te explicamos c\u00f3mo evolucion\u00f3 la clasificaci\u00f3n de esta enfermedad. A lo largo del tiempo,&nbsp;la esquizofrenia experiment\u00f3 notables transformaciones,&nbsp;abandonando los subtipos, hasta definirse como un espectro. Esta compleja afecci\u00f3n de la salud mental se distingue por una amplia variedad [&hellip;]<\/p>\n","protected":false},"author":1,"featured_media":1256,"comment_status":"open","ping_status":"open","sticky":false,"template":"","format":"standard","meta":{"_crdt_document":"","footnotes":""},"categories":[30],"tags":[],"class_list":["post-1255","post","type-post","status-publish","format-standard","has-post-thumbnail","hentry","category-noticias"],"_links":{"self":[{"href":"https:\/\/fundinah.org\/index.php\/wp-json\/wp\/v2\/posts\/1255","targetHints":{"allow":["GET"]}}],"collection":[{"href":"https:\/\/fundinah.org\/index.php\/wp-json\/wp\/v2\/posts"}],"about":[{"href":"https:\/\/fundinah.org\/index.php\/wp-json\/wp\/v2\/types\/post"}],"author":[{"embeddable":true,"href":"https:\/\/fundinah.org\/index.php\/wp-json\/wp\/v2\/users\/1"}],"replies":[{"embeddable":true,"href":"https:\/\/fundinah.org\/index.php\/wp-json\/wp\/v2\/comments?post=1255"}],"version-history":[{"count":1,"href":"https:\/\/fundinah.org\/index.php\/wp-json\/wp\/v2\/posts\/1255\/revisions"}],"predecessor-version":[{"id":1257,"href":"https:\/\/fundinah.org\/index.php\/wp-json\/wp\/v2\/posts\/1255\/revisions\/1257"}],"wp:featuredmedia":[{"embeddable":true,"href":"https:\/\/fundinah.org\/index.php\/wp-json\/wp\/v2\/media\/1256"}],"wp:attachment":[{"href":"https:\/\/fundinah.org\/index.php\/wp-json\/wp\/v2\/media?parent=1255"}],"wp:term":[{"taxonomy":"category","embeddable":true,"href":"https:\/\/fundinah.org\/index.php\/wp-json\/wp\/v2\/categories?post=1255"},{"taxonomy":"post_tag","embeddable":true,"href":"https:\/\/fundinah.org\/index.php\/wp-json\/wp\/v2\/tags?post=1255"}],"curies":[{"name":"wp","href":"https:\/\/api.w.org\/{rel}","templated":true}]}}