{"id":1241,"date":"2023-11-13T11:27:24","date_gmt":"2023-11-13T15:27:24","guid":{"rendered":"https:\/\/fundinah.org\/?p=1241"},"modified":"2023-11-13T11:27:26","modified_gmt":"2023-11-13T15:27:26","slug":"que-es-la-baja-autoestima","status":"publish","type":"post","link":"https:\/\/fundinah.org\/index.php\/2023\/11\/13\/que-es-la-baja-autoestima\/","title":{"rendered":"\u00bfQu\u00e9 es la baja autoestima?"},"content":{"rendered":"\n<p class=\"wp-block-paragraph\">Afecta al 13% de mujeres y 9% hombres<\/p>\n\n\n\n<p class=\"wp-block-paragraph\">(Fuente \u201cKantar\u201d 9 marzo 2021)<br>Al hablar de baja autoestima nos referimos a la pobre percepci\u00f3n de c\u00f3mo se califica una persona como no valiosas, sin ning\u00fan talento, su conducta, su apariencia, habilidades, autonom\u00eda, teniendo un juicio distorsionado de qui\u00e9nes son.<\/p>\n\n\n\n<p class=\"wp-block-paragraph\"><strong>TRATAMIENTO PROFESIONAL:&nbsp;<\/strong>PSICOLOG\u00cdA.<\/p>\n\n\n\n<p class=\"wp-block-paragraph\">La autoconfianza proviene de nuestras propias percepciones, del reconocimiento de los dem\u00e1s, del amor propio, etc.<\/p>\n\n\n\n<p class=\"wp-block-paragraph\">La percepci\u00f3n de la autoestima inicia durante la infancia y adolescencia siendo en esas etapas donde se fortalecer\u00e1 o se afectar\u00e1. Inicialmente guarda relaci\u00f3n con el trato de los padres y las pocas muestras de afecto y cari\u00f1o. Tambi\u00e9n influye el entorno social que califica su conducta, su aspecto f\u00edsico, pensamientos, logros y fracasos<\/p>\n\n\n\n<p class=\"wp-block-paragraph\">Ante este panorama, las personas con problemas de autoaceptaci\u00f3n se transforman en jueces muy severos de s\u00ed mismos, cr\u00edticos, llegando incluso a una extrema autocompasi\u00f3n; que trasciende al sometimiento y apreciaci\u00f3n de ser inferiores.<\/p>\n\n\n\n<p class=\"wp-block-paragraph\"><strong>La baja autoestima facilita la aparici\u00f3n de trastornos y problemas psicol\u00f3gicos, ejem:<\/strong><\/p>\n\n\n\n<p class=\"wp-block-paragraph\">\u00b7 Indecisi\u00f3n, timidez e inseguridad<br>\u00b7 No prestan atenci\u00f3n a sus cualidades<br>\u00b7 Sumisos, retra\u00eddos, no aceptan alg\u00fan motivo de cr\u00edtica<br>\u00b7 Desvalorizaci\u00f3n de pensamientos<br>\u00b7 Miedo a los retos y posibles fracasos<br>\u00b7 Se rinden antes de tiempo<br>\u00b7 Desconfianza de su vida y magnifican sus defectos<br>\u00b7 Autodescalificaci\u00f3n de sus logros y personalidad<br>\u00b7 Culpan a otros de sus fracasos<br>\u00b7 Pocos objetivos y pesimistas<\/p>\n\n\n\n<p class=\"wp-block-paragraph\"><strong>ORIGEN DE UNA BAJA AUTOESTIMA:<\/strong><br>1. CRIANZA: Una ni\u00f1ez y juventud desvalorada por los padres.<br>2. TEMORES: Generalmente irracionales que no aceptan su personalidad.<br>3. CAPACIDADES INDIVIDUALES: Recursos y aptitudes para sus logros.<br>4. FACTORES SOCIALES: Aislamiento social, descalificaci\u00f3n ante los dem\u00e1s<\/p>\n\n\n\n<p class=\"wp-block-paragraph\"><strong>TRATAMIENTO:<\/strong><br>La autoestima es uno de los aspectos m\u00e1s relevantes e importantes para un sano bienestar emocional y del desarrollo personal de los individuos, de ah\u00ed su importancia.<\/p>\n\n\n\n<p class=\"wp-block-paragraph\">Cuando la autoestima est\u00e1 siendo causa de un da\u00f1o mayor en la salud emocional de la persona, debe ser valorada y tratada por un profesional de la salud mental como: psicolog\u00eda o psiquiatr\u00eda seg\u00fan sea el caso<\/p>\n\n\n\n<p class=\"wp-block-paragraph\">Para mantener una sana autoestima debemos, sobre todo, evitar los pensamientos negativos y descalificaciones a nuestras cualidades. Debemos ser realistas de nuestras virtudes y defectos, sin autoexigirse metas por el momento no posibles de alcanzar, pero s\u00ed ser autocr\u00edticos, no autocomplacientes, aprender y corregir aquello que no hacemos bien.<\/p>\n\n\n\n<p class=\"wp-block-paragraph\">Dentro de las medidas personales a tomar son el no compararnos con nadie que nos lleve a sentimientos de fracaso. \u201cNi lo intentes, t\u00fa no sabes nada de eso\u201d.<\/p>\n\n\n\n<p class=\"wp-block-paragraph\">Es muy importante tomar en cuenta que la autoestima no la define otras personas, sean quienes sen, tampoco los prototipos \u201cexigidos\u201d por una sociedad, somos nosotros los \u00fanicos responsables de definirla y fortalecerla, nadie m\u00e1s. Es por eso que la persona con baja autoestima debe establecer sus propios objetivos, sus proyectos, deseos, sus ideales y buscar un entorno social favorable, no destructivo.<\/p>\n\n\n\n<p class=\"wp-block-paragraph\">El dialogo interno de alguien con baja autoestima debe estar enfocado en confiar en s\u00ed mismo, atreverse, reconocer que existe la capacidad de lograr los objetivos deseados; as\u00ed como, el rodearse de gente entusiastas, con metas comunes y emp\u00e1ticas.<\/p>\n\n\n\n<p class=\"wp-block-paragraph\"><strong>DR. RODOLFO G\u00c1LVEZ ESTRADA C\u00c9DULA PROFESIONAL 787391 UNAM<\/strong><\/p>\n\n\n\n<p class=\"wp-block-paragraph\"><em>Fuente: <a href=\"https:\/\/www.eluniversal.com.mx\/opinion\/rodolfo-galvez-estrada\/que-es-la-baja-autoestima\/\" target=\"_blank\" rel=\"noreferrer noopener\">El Universal<\/a><\/em><\/p>\n","protected":false},"excerpt":{"rendered":"<p>Afecta al 13% de mujeres y 9% hombres (Fuente \u201cKantar\u201d 9 marzo 2021)Al hablar de baja autoestima nos referimos a la pobre percepci\u00f3n de c\u00f3mo se califica una persona como no valiosas, sin ning\u00fan talento, su conducta, su apariencia, habilidades, autonom\u00eda, teniendo un juicio distorsionado de qui\u00e9nes son. TRATAMIENTO PROFESIONAL:&nbsp;PSICOLOG\u00cdA. La autoconfianza proviene de nuestras [&hellip;]<\/p>\n","protected":false},"author":1,"featured_media":1242,"comment_status":"open","ping_status":"open","sticky":false,"template":"","format":"standard","meta":{"_crdt_document":"","footnotes":""},"categories":[30],"tags":[],"class_list":["post-1241","post","type-post","status-publish","format-standard","has-post-thumbnail","hentry","category-noticias"],"_links":{"self":[{"href":"https:\/\/fundinah.org\/index.php\/wp-json\/wp\/v2\/posts\/1241","targetHints":{"allow":["GET"]}}],"collection":[{"href":"https:\/\/fundinah.org\/index.php\/wp-json\/wp\/v2\/posts"}],"about":[{"href":"https:\/\/fundinah.org\/index.php\/wp-json\/wp\/v2\/types\/post"}],"author":[{"embeddable":true,"href":"https:\/\/fundinah.org\/index.php\/wp-json\/wp\/v2\/users\/1"}],"replies":[{"embeddable":true,"href":"https:\/\/fundinah.org\/index.php\/wp-json\/wp\/v2\/comments?post=1241"}],"version-history":[{"count":1,"href":"https:\/\/fundinah.org\/index.php\/wp-json\/wp\/v2\/posts\/1241\/revisions"}],"predecessor-version":[{"id":1243,"href":"https:\/\/fundinah.org\/index.php\/wp-json\/wp\/v2\/posts\/1241\/revisions\/1243"}],"wp:featuredmedia":[{"embeddable":true,"href":"https:\/\/fundinah.org\/index.php\/wp-json\/wp\/v2\/media\/1242"}],"wp:attachment":[{"href":"https:\/\/fundinah.org\/index.php\/wp-json\/wp\/v2\/media?parent=1241"}],"wp:term":[{"taxonomy":"category","embeddable":true,"href":"https:\/\/fundinah.org\/index.php\/wp-json\/wp\/v2\/categories?post=1241"},{"taxonomy":"post_tag","embeddable":true,"href":"https:\/\/fundinah.org\/index.php\/wp-json\/wp\/v2\/tags?post=1241"}],"curies":[{"name":"wp","href":"https:\/\/api.w.org\/{rel}","templated":true}]}}