{"id":1230,"date":"2023-11-07T00:16:37","date_gmt":"2023-11-07T04:16:37","guid":{"rendered":"https:\/\/fundinah.org\/?p=1230"},"modified":"2023-11-07T00:16:38","modified_gmt":"2023-11-07T04:16:38","slug":"cuando-nos-disociamos","status":"publish","type":"post","link":"https:\/\/fundinah.org\/index.php\/2023\/11\/07\/cuando-nos-disociamos\/","title":{"rendered":"\u00bfCu\u00e1ndo nos disociamos?"},"content":{"rendered":"\n<p class=\"wp-block-paragraph\">Est\u00e1s en medio de una conversaci\u00f3n que parece interesante, pero tu mente est\u00e1 lejos de estar presente. Miras, asientes y sonr\u00edes, pero cuando llega el turno de intervenir, no tienes idea de qu\u00e9 est\u00e1n hablando. \u00bfTe ha pasado? Aunque se trata de una experiencia com\u00fan, \u00e9ste es un ejemplo sencillo de un fen\u00f3meno estudiado ampliamente por la psicolog\u00eda y que, en t\u00e9rminos sociales, se ha vuelto popular en el \u00faltimo tiempo: la disociaci\u00f3n.<\/p>\n\n\n\n<p class=\"wp-block-paragraph\">Dicho en t\u00e9rminos simples,\u00a0<strong>la disociaci\u00f3n consiste en una desconexi\u00f3n moment\u00e1nea entre la mente de una persona y la realidad que la rodea<\/strong>, ya sea en el entorno, en el cuerpo o consigo misma (a nivel de sentimientos y pensamientos).<\/p>\n\n\n\n<p class=\"wp-block-paragraph\">\u201cEn estricto rigor, todos vivimos as\u00ed de alguna manera\u201d, dice la psic\u00f3loga cl\u00ednica Natalia Ulloa (<a href=\"https:\/\/www.instagram.com\/soysensible.com_\/?hl=es\">@soysensible.com_<\/a>), especialista en atender a personas altamente sensibles (PAS) e informada en trauma y neurodivergencias.\u00a0<strong>\u201cY es que para ir haciendo frente a un mundo con tanta exigencia, nuestro sistema nervioso necesita disociarse de ciertos aspectos para ser funcional.\u00a0<\/strong>Por poner un ejemplo, las personas tienden a disociarse de las emociones para rendir en el trabajo; se vuelven m\u00e1s racionales aun cuando est\u00e9n pasando por momentos complejos en su vida personal\u201d.<\/p>\n\n\n\n<p class=\"wp-block-paragraph\">La disociaci\u00f3n, como proceso mental, puede resultarnos \u00fatil para enfrentar momentos de alta tensi\u00f3n. En ese sentido, la psic\u00f3loga estadounidense\u00a0<a href=\"https:\/\/www.instagram.com\/drjjfisher\/?hl=es-la\">Janina Fisher<\/a>, experta en tratamiento del trauma;\u00a0<a href=\"https:\/\/www.nytimes.com\/2023\/10\/05\/well\/mind\/dissociative-disorders.html\">en The New York Times<\/a>, expone el caso de los atletas que, antes de una competencia, necesitan de concentraci\u00f3n, sin interferencias mentales. Ah\u00ed este mecanismo parece ser pr\u00e1ctico. \u201cSi tu pareja te fue infiel y tienes que seguir trabajando, no queda mucho m\u00e1s que disociar esa emoci\u00f3n para poder seguir. Y despu\u00e9s, cuando tengas tiempo, te vas a poder hacer cargo de eso\u201d, agrega el psiquiatra de la Red de Salud Uc Christus, Pablo Toro (<a href=\"https:\/\/www.instagram.com\/dr.pablotoro\/?hl=es-la\">@dr.pablotoro<\/a>).<\/p>\n\n\n\n<p class=\"wp-block-paragraph\">Sin embargo, desconectarse de la realidad y activar el piloto autom\u00e1tico de manera recurrente tambi\u00e9n puede ser un indicador de un problema mayor, sobre todo cuando la disociaci\u00f3n aparece despu\u00e9s de un trauma o una situaci\u00f3n estresante. Y es que, en esos casos, el<a href=\"https:\/\/www.abc.es\/bienestar\/psicologia-sexo\/psicologia\/abci-disociacion-202210060906_noticia.html?ref=https%3A%2F%2Fwww.google.com%2F\">\u00a0cerebro utiliza este atajo a modo de defensa para afrontar aquello que lo sobrepasa<\/a>. As\u00ed,\u00a0<strong>de manera adaptativa, la mente busca aislar las emociones para evitar el dolor, la tensi\u00f3n o el miedo.\u00a0<\/strong>\u201cEl hecho de que actuemos de esta manera se basa en experiencias tempranas que podr\u00edan haber ocurrido en la infancia o adolescencia. Aprendimos a disociar en ese momento y en la vida adulta continuamos utilizando este mecanismo de manera inconsciente\u201d, manifiesta el jefe del departamento de Psicolog\u00eda de la Cl\u00ednica Las Condes, Felipe Pinto.<\/p>\n\n\n\n<p class=\"wp-block-paragraph\">Ah\u00ed es cuando aparecen&nbsp;<a href=\"https:\/\/www.mayoclinic.org\/es\/diseases-conditions\/dissociative-disorders\/symptoms-causes\/syc-20355215\"><strong>s\u00edntomas m\u00e1s complejos<\/strong><\/a><strong>&nbsp;como la p\u00e9rdida de memoria, la sensaci\u00f3n de vivir fuera del cuerpo (despersonalizaci\u00f3n), la desconexi\u00f3n con las emociones, la percepci\u00f3n de una realidad distorsionada (desrealizaci\u00f3n), y\/o los cambios en el sentido de la identidad<\/strong>. \u201cEsto se da mucho, por ejemplo, en los casos de estr\u00e9s post traum\u00e1tico\u201d, dice el dr. Toro y contin\u00faa: \u201cPensemos en alguien a quien le hacen un portonazo. Ah\u00ed las personas quedan h\u00edper alertas, tienen pesadillas o flashbacks del episodio, y muchas enso\u00f1aciones que generan s\u00edntomas disociativos\u201d.<\/p>\n\n\n\n<p class=\"wp-block-paragraph\">Justamente, la psic\u00f3loga Natalia Ulloa, cuenta que durante la pandemia se dieron con mayor frecuencia este tipo de casos, personas con s\u00edntomas de desrealizaci\u00f3n a causa del shock provocado por el COVID-19. \u201cFue tan fuerte el impacto, que se distanciaron de la realidad. Sent\u00edan que lo que pasaba era como estar en una pel\u00edcula\u201d.<\/p>\n\n\n\n<figure class=\"wp-block-image\"><img decoding=\"async\" src=\"https:\/\/www.latercera.com\/resizer\/82ungiGfxImalTUA-uJA2gyTwJU=\/800x0\/smart\/cloudfront-us-east-1.images.arcpublishing.com\/copesa\/HWCDTZEIRZEMNHEQAQ7FSBCPTA.jpg\" alt=\"\"\/><\/figure>\n\n\n\n<p class=\"wp-block-paragraph\"><strong>Aunque depende del caso y la intensidad de estos eventos, la disociaci\u00f3n puede ser un signo que indica que la salud mental no anda del todo bien<\/strong>. Es por eso que los especialistas recomiendan prestar atenci\u00f3n a estos episodios, especialmente si son persistentes y alteran la capacidad de funcionar en el d\u00eda a d\u00eda. Sin embargo, eso no siempre es tarea f\u00e1cil. \u201cLa verdad es que muchas veces los pacientes no se dan cuenta de su disociaci\u00f3n porque esto es un proceso inconsciente\u201d, dice Ulloa.<\/p>\n\n\n\n<p class=\"wp-block-paragraph\">As\u00ed, como primer paso para volver a conectarse a nivel emocional, dice el Dr. Toro, es recomendable comenzar a practicar ejercicios de conciencia plena. \u201cTodo lo que engloba hoy en d\u00eda el concepto del mindfulness es de gran ayuda. Entrenarse en estas t\u00e9cnicas y practicarlas a diario es una forma de volver a estar en contacto con la realidad\u201d.<\/p>\n\n\n\n<p class=\"wp-block-paragraph\">No obstante, para poder tener un tratamiento especializado y un acompa\u00f1amiento uno a uno, es esencial acudir a un especialista. En esas sesiones, explica Felipe Pinto, lo que se busca<strong>\u00a0es que las personas puedan integrar aquellos elementos que fueron disociados para volver a hacerlos parte de su historia de vida.<\/strong>\u00a0\u201cSe busca que el paciente pueda elaborar aquello con lo que no est\u00e1 pudiendo lidiar. Que pueda tramitarlo. Eso es clave y es la raz\u00f3n por la que muchos necesitan terapia\u201d, finaliza.<\/p>\n\n\n\n<p class=\"wp-block-paragraph\"><em>Fuente: <a href=\"https:\/\/www.latercera.com\/paula\/cuando-nos-disociamos\/\" target=\"_blank\" rel=\"noreferrer noopener\">La Tercera<\/a><\/em><\/p>\n","protected":false},"excerpt":{"rendered":"<p>Est\u00e1s en medio de una conversaci\u00f3n que parece interesante, pero tu mente est\u00e1 lejos de estar presente. Miras, asientes y sonr\u00edes, pero cuando llega el turno de intervenir, no tienes idea de qu\u00e9 est\u00e1n hablando. \u00bfTe ha pasado? Aunque se trata de una experiencia com\u00fan, \u00e9ste es un ejemplo sencillo de un fen\u00f3meno estudiado ampliamente [&hellip;]<\/p>\n","protected":false},"author":1,"featured_media":1231,"comment_status":"open","ping_status":"open","sticky":false,"template":"","format":"standard","meta":{"_crdt_document":"","footnotes":""},"categories":[30],"tags":[],"class_list":["post-1230","post","type-post","status-publish","format-standard","has-post-thumbnail","hentry","category-noticias"],"_links":{"self":[{"href":"https:\/\/fundinah.org\/index.php\/wp-json\/wp\/v2\/posts\/1230","targetHints":{"allow":["GET"]}}],"collection":[{"href":"https:\/\/fundinah.org\/index.php\/wp-json\/wp\/v2\/posts"}],"about":[{"href":"https:\/\/fundinah.org\/index.php\/wp-json\/wp\/v2\/types\/post"}],"author":[{"embeddable":true,"href":"https:\/\/fundinah.org\/index.php\/wp-json\/wp\/v2\/users\/1"}],"replies":[{"embeddable":true,"href":"https:\/\/fundinah.org\/index.php\/wp-json\/wp\/v2\/comments?post=1230"}],"version-history":[{"count":1,"href":"https:\/\/fundinah.org\/index.php\/wp-json\/wp\/v2\/posts\/1230\/revisions"}],"predecessor-version":[{"id":1232,"href":"https:\/\/fundinah.org\/index.php\/wp-json\/wp\/v2\/posts\/1230\/revisions\/1232"}],"wp:featuredmedia":[{"embeddable":true,"href":"https:\/\/fundinah.org\/index.php\/wp-json\/wp\/v2\/media\/1231"}],"wp:attachment":[{"href":"https:\/\/fundinah.org\/index.php\/wp-json\/wp\/v2\/media?parent=1230"}],"wp:term":[{"taxonomy":"category","embeddable":true,"href":"https:\/\/fundinah.org\/index.php\/wp-json\/wp\/v2\/categories?post=1230"},{"taxonomy":"post_tag","embeddable":true,"href":"https:\/\/fundinah.org\/index.php\/wp-json\/wp\/v2\/tags?post=1230"}],"curies":[{"name":"wp","href":"https:\/\/api.w.org\/{rel}","templated":true}]}}