{"id":1214,"date":"2023-10-23T12:34:31","date_gmt":"2023-10-23T16:34:31","guid":{"rendered":"https:\/\/fundinah.org\/?p=1214"},"modified":"2023-10-23T12:34:32","modified_gmt":"2023-10-23T16:34:32","slug":"estos-son-los-factores-que-afectan-la-salud-mental-de-las-mujeres","status":"publish","type":"post","link":"https:\/\/fundinah.org\/index.php\/2023\/10\/23\/estos-son-los-factores-que-afectan-la-salud-mental-de-las-mujeres\/","title":{"rendered":"Estos son los factores que afectan la salud mental de las mujeres"},"content":{"rendered":"\n<p class=\"wp-block-paragraph\"><strong>Por :\u00a0<a href=\"https:\/\/www.elmostrador.cl\/autor\/lmartinez\/\">Lorena Mart\u00ednez<\/a><\/strong><small> &#8211; <\/small><small>Estudiante de periodismo de la Universidad Adolfo Ib\u00e1\u00f1ez, colaboradora en El Mostrador<\/small><\/p>\n\n\n\n<p class=\"wp-block-paragraph\">Labores de cuidado, presiones sociales, estereotipos y violencia de g\u00e9nero son algunos de los factores que inciden en que las mujeres sean m\u00e1s propensas a tener enfermedades de&nbsp;salud&nbsp;mental.<\/p>\n\n\n\n<hr class=\"wp-block-separator has-alpha-channel-opacity\"\/>\n\n\n\n<p class=\"wp-block-paragraph\">El g\u00e9nero es uno de los tantos factores que puede afectar la salud mental, as\u00ed como tambi\u00e9n la gen\u00e9tica, aspectos sociales, culturales o econ\u00f3micos. Las mujeres viven circunstancias determinadas por su g\u00e9nero que condicionan la forma en la que se desenvuelven en su d\u00eda a d\u00eda.<\/p>\n\n\n\n<p class=\"wp-block-paragraph\">Una de ellas es el trabajo. Hist\u00f3ricamente, las mujeres han asumido las&nbsp;<strong>labores de cuidado<\/strong>, no solo en el hogar o la familia, sino tambi\u00e9n en el espacio p\u00fablico. \u201cSi uno piensa en qui\u00e9nes ejercen en los hospitales, un 75% son mujeres\u201d, manifest\u00f3 la<strong>&nbsp;directora de Investigaci\u00f3n de la Facultad de Psicolog\u00eda UDP, Elisa Ansoleaga.<\/strong><\/p>\n\n\n\n<p class=\"wp-block-paragraph\">\u201cOtro tipo de empleo que conlleva riesgos para la salud mental es el de ense\u00f1anza. La mayor\u00eda de las profesoras, especialmente en espacios vulnerables, son mujeres. Asimismo, en el sector de servicios, la atenci\u00f3n al p\u00fablico suele estar a cargo de mujeres, lo que implica una relaci\u00f3n estresante con los clientes. Todos estos espacios demandan mucho a nivel emocional\u201d, a\u00f1adi\u00f3.<\/p>\n\n\n\n<p class=\"wp-block-paragraph\">Esto respecto al \u00e1mbito laboral productivo. Pero, \u00bfqu\u00e9 ocurre con el&nbsp;<strong>trabajo en el hogar<\/strong>? Esta problem\u00e1tica ha generado discusiones recientes y ha incentivado la creaci\u00f3n de un&nbsp;<a href=\"https:\/\/www.gob.cl\/noticias\/asi-funcionara-el-sistema-nacional-de-cuidados-anunciado-por-el-presidente-boric\/\">Sistema Nacional de Cuidados.<\/a><\/p>\n\n\n\n<p class=\"wp-block-paragraph\">Seg\u00fan informaci\u00f3n del<a href=\"https:\/\/observatorio.ministeriodesarrollosocial.gob.cl\/storage\/docs\/covid19\/Resultados_TDCNR_COVID_IV.pdf\">&nbsp;Ministerio de Desarrollo Social<\/a>,<strong>&nbsp;el trabajo dom\u00e9stico y de cuidados no remunerado en el hogar est\u00e1 mayormente asociado a las mujeres, incluso representan el 68,4%<\/strong>&nbsp;de quienes realizan este trabajo. Es decir, adem\u00e1s de cumplir dichas labores en el hogar, tambi\u00e9n participan en el mercado laboral.<\/p>\n\n\n\n<p class=\"wp-block-paragraph\">\u201cEl a\u00f1o pasado, un 67% de las enfermedades profesionales fueron enfermedades de salud mental. Dentro de ese porcentaje, un 67% correspondi\u00f3 a mujeres y un 33% a hombres. Esto no se explica por diferencias biol\u00f3gicas, sino por el tipo de ocupaciones entre hombres y mujeres\u201d, declar\u00f3 Ansoleaga.<\/p>\n\n\n\n<h3 class=\"wp-block-heading\">Desaf\u00edos persistentes de la violencia de g\u00e9nero<\/h3>\n\n\n\n<p class=\"wp-block-paragraph\">Seg\u00fan la&nbsp;<a href=\"https:\/\/www.who.int\/es\/news-room\/fact-sheets\/detail\/depression\">Organizaci\u00f3n Mundial de la Salud (OMS),<\/a>&nbsp;la&nbsp;<strong>depresi\u00f3n<\/strong>&nbsp;es la primera causa mundial de discapacidad y afecta aproximadamente un&nbsp;<strong>50% m\u00e1s a las mujeres<\/strong>&nbsp;que a los hombres. Adem\u00e1s, las mujeres son dos veces m\u00e1s propensas a desarrollar trastorno de estr\u00e9s postraum\u00e1tico (TEPT).<\/p>\n\n\n\n<p class=\"wp-block-paragraph\">Esto se relaciona claramente con las tasas de violencia contra la mujer en todo el mundo. Solo en&nbsp;<a href=\"https:\/\/www.nsvrc.org\/es\/node\/4737#footnote-m\">Estados Unidos<\/a>&nbsp;representan el&nbsp;<strong>91% de las v\u00edctimas de abuso sexual y otros asaltos sexuales<\/strong>, sin considerar la violencia psicol\u00f3gica, el ciberacoso y otros tipos de agresi\u00f3n.<\/p>\n\n\n\n<p class=\"wp-block-paragraph\">\u201cEl abuso, sin duda, puede afectar la salud mental de las mujeres\u201d, confirm\u00f3<strong>&nbsp;la directora del Centro de Psicolog\u00eda Aplicada de la Universidad de Talca,&nbsp;Nadia Ramos<\/strong>. \u201cCuando ocurre un caso, no necesariamente hay testigos. Entonces, cuando las personas denuncian, puede ocurrir que no les crean porque nadie lo vio, lo que genera una doble traumatizaci\u00f3n\u201d, agreg\u00f3.<\/p>\n\n\n\n<h3 class=\"wp-block-heading\">Presiones sociales y trastornos alimenticios<\/h3>\n\n\n\n<p class=\"wp-block-paragraph\">Los&nbsp;<strong>estereotipos y roles de g\u00e9nero<\/strong>&nbsp;son factores que no pueden dejarse de lado al hablar de salud mental. En este sentido, los&nbsp;<strong>trastornos de la conducta alimentaria<\/strong>&nbsp;(TCA) tambi\u00e9n son especialmente probables entre las mujeres. Seg\u00fan datos de la&nbsp;<a href=\"https:\/\/www.europapress.es\/catalunya\/noticia-acab-afirma-mujeres-sufren-90-casos-trastornos-conducta-alimentaria-20210308131538.html\"><strong>Asociaci\u00f3n Contra la Anorexia y la Bulimia (ACAB)<\/strong><\/a>, ellas representan el<strong>&nbsp;90% de las personas que sufren un TCA.<\/strong><\/p>\n\n\n\n<p class=\"wp-block-paragraph\">\u201cLa&nbsp;<strong>presi\u00f3n social<\/strong>&nbsp;ejercida sobre las mujeres y las ni\u00f1as es un factor de riesgo con una influencia evidente en el desarrollo y mantenimiento de los trastornos de la conducta alimentaria. Es necesario y&nbsp;<strong>urgente cambiar el modelo de belleza femenino actual,<\/strong>&nbsp;excesivamente delgado, por un modelo que fomente la salud y el respeto por la diversidad corporal\u201d, se\u00f1al\u00f3 la asociaci\u00f3n.<\/p>\n\n\n\n<p class=\"wp-block-paragraph\">La<strong>&nbsp;presi\u00f3n<\/strong>&nbsp;constante para cumplir con est\u00e1ndares de belleza y comportamiento puede generar un entorno estresante que impacta negativamente en la autoestima e identidad de las mujeres. Las&nbsp;<strong>expectativas sociales y restricciones sobre el rol de la mujer<\/strong>, tanto en el \u00e1mbito personal como profesional, pueden provocar sentimientos de ansiedad, adem\u00e1s de una lucha constante por alcanzar una imagen idealizada y cumplir con expectativas poco realistas.<\/p>\n\n\n\n<p class=\"wp-block-paragraph\">Por su parte, la acad\u00e9mica de la Universidad de Talca agreg\u00f3: \u201cLos estereotipos afectan, pero no de manera directa, a la salud mental. M\u00e1s bien, es a trav\u00e9s de estos mandatos o im\u00e1genes de lo que deber\u00eda ser una mujer y c\u00f3mo deber\u00eda comportarse, lo que genera una opresi\u00f3n respecto a c\u00f3mo la persona se identifica o se ve y c\u00f3mo deber\u00eda cumplir ese est\u00e1ndar\u201d.<\/p>\n\n\n\n<p class=\"wp-block-paragraph\">La creciente conciencia sobre los factores que impactan la salud mental de las mujeres evidencian la necesidad de un\u00a0<strong>enfoque colaborativo para abordar estos desaf\u00edos<\/strong>. Si bien las mujeres son m\u00e1s propensas a vivir con enfermedades de salud mental, cada vez m\u00e1s organizaciones y entidades est\u00e1n abordando esta problem\u00e1tica a trav\u00e9s de la implementaci\u00f3n de diferentes iniciativas que buscan crear un entorno propicio que promueva el bienestar emocional y psicol\u00f3gico de las mujeres.<\/p>\n\n\n\n<p class=\"wp-block-paragraph\">&#8212;<\/p>\n\n\n\n<p class=\"wp-block-paragraph\"><em>Fuente: <a href=\"https:\/\/www.elmostrador.cl\/braga\/2023\/10\/14\/estos-son-los-factores-que-afectan-la-salud-mental-de-las-mujeres\/\" target=\"_blank\" rel=\"noreferrer noopener\">El Mostrador<\/a><\/em><a href=\"https:\/\/web.whatsapp.com\/send?text=https:\/\/www.elmostrador.cl\/braga\/2023\/10\/14\/estos-son-los-factores-que-afectan-la-salud-mental-de-las-mujeres\/\" target=\"_blank\" rel=\"noreferrer noopener\"><\/a><\/p>\n","protected":false},"excerpt":{"rendered":"<p>Por :\u00a0Lorena Mart\u00ednez &#8211; Estudiante de periodismo de la Universidad Adolfo Ib\u00e1\u00f1ez, colaboradora en El Mostrador Labores de cuidado, presiones sociales, estereotipos y violencia de g\u00e9nero son algunos de los factores que inciden en que las mujeres sean m\u00e1s propensas a tener enfermedades de&nbsp;salud&nbsp;mental. El g\u00e9nero es uno de los tantos factores que puede afectar [&hellip;]<\/p>\n","protected":false},"author":1,"featured_media":1215,"comment_status":"open","ping_status":"open","sticky":false,"template":"","format":"standard","meta":{"_crdt_document":"","footnotes":""},"categories":[30],"tags":[],"class_list":["post-1214","post","type-post","status-publish","format-standard","has-post-thumbnail","hentry","category-noticias"],"_links":{"self":[{"href":"https:\/\/fundinah.org\/index.php\/wp-json\/wp\/v2\/posts\/1214","targetHints":{"allow":["GET"]}}],"collection":[{"href":"https:\/\/fundinah.org\/index.php\/wp-json\/wp\/v2\/posts"}],"about":[{"href":"https:\/\/fundinah.org\/index.php\/wp-json\/wp\/v2\/types\/post"}],"author":[{"embeddable":true,"href":"https:\/\/fundinah.org\/index.php\/wp-json\/wp\/v2\/users\/1"}],"replies":[{"embeddable":true,"href":"https:\/\/fundinah.org\/index.php\/wp-json\/wp\/v2\/comments?post=1214"}],"version-history":[{"count":1,"href":"https:\/\/fundinah.org\/index.php\/wp-json\/wp\/v2\/posts\/1214\/revisions"}],"predecessor-version":[{"id":1216,"href":"https:\/\/fundinah.org\/index.php\/wp-json\/wp\/v2\/posts\/1214\/revisions\/1216"}],"wp:featuredmedia":[{"embeddable":true,"href":"https:\/\/fundinah.org\/index.php\/wp-json\/wp\/v2\/media\/1215"}],"wp:attachment":[{"href":"https:\/\/fundinah.org\/index.php\/wp-json\/wp\/v2\/media?parent=1214"}],"wp:term":[{"taxonomy":"category","embeddable":true,"href":"https:\/\/fundinah.org\/index.php\/wp-json\/wp\/v2\/categories?post=1214"},{"taxonomy":"post_tag","embeddable":true,"href":"https:\/\/fundinah.org\/index.php\/wp-json\/wp\/v2\/tags?post=1214"}],"curies":[{"name":"wp","href":"https:\/\/api.w.org\/{rel}","templated":true}]}}