{"id":1205,"date":"2023-10-16T14:18:19","date_gmt":"2023-10-16T18:18:19","guid":{"rendered":"https:\/\/fundinah.org\/?p=1205"},"modified":"2023-10-16T14:18:22","modified_gmt":"2023-10-16T18:18:22","slug":"sindrome-de-ulises-que-es-y-cuales-son-sus-sintomas","status":"publish","type":"post","link":"https:\/\/fundinah.org\/index.php\/2023\/10\/16\/sindrome-de-ulises-que-es-y-cuales-son-sus-sintomas\/","title":{"rendered":"S\u00edndrome de Ulises: qu\u00e9 es y cu\u00e1les son sus s\u00edntomas"},"content":{"rendered":"\n<p class=\"wp-block-paragraph\">El termino surgi\u00f3 por un psiquiatra espa\u00f1ol que estudia las diferentes reacciones que experimentan los migrantes al abandonar su pa\u00eds de origen.<\/p>\n\n\n\n<p class=\"wp-block-paragraph\">Con el objetivo de tener una mejor calidad de vida o con la intenci\u00f3n de buscar oportunidades laborales, son muchas las personas que optan por emigrar de su pa\u00eds de origen.<\/p>\n\n\n\n<figure class=\"wp-block-image\"><img decoding=\"async\" src=\"https:\/\/tn.com.ar\/resizer\/dphE0U4bDgM2gNSu-XnJKHprpAQ=\/767x0\/smart\/filters:format(webp)\/cloudfront-us-east-1.images.arcpublishing.com\/artear\/A37YV2VFWJDIZOIBHVWM77C6AA.jpg\" alt=\"Emigrar trae varios cambios significativos en la vida de las personas. Foto: Adobe Stock\"\/><figcaption class=\"wp-element-caption\">Emigrar trae varios cambios significativos en la vida de las personas. Foto: Adobe Stock<\/figcaption><\/figure>\n\n\n\n<p class=\"wp-block-paragraph\">Este cambio radical puede afectar de diferentes formas a las personas. En algunas casos, trae consigo un impacto emocional. De esta manera, surge el&nbsp;<strong>s\u00edndrome de Ulises<\/strong>, una manifestaci\u00f3n de las complejidades psicol\u00f3gicas que acompa\u00f1an a la vida de aquellos que han emigrado.<\/p>\n\n\n\n<h2 class=\"wp-block-heading\">\u00bfQu\u00e9 es el s\u00edndrome de Ulises?<\/h2>\n\n\n\n<p class=\"wp-block-paragraph\">Este<strong>&nbsp;cuadro psicol\u00f3gico<\/strong>&nbsp;puede ser conocido como el&nbsp;<strong>s\u00edndrome del inmigrante que padece de estr\u00e9s cr\u00f3nico y m\u00faltiple<\/strong>.<\/p>\n\n\n\n<h3 class=\"wp-block-heading\">\u00bfC\u00f3mo surgi\u00f3 el termino del s\u00edndrome de Ulises?<\/h3>\n\n\n\n<p class=\"wp-block-paragraph\">El t\u00e9rmino surgi\u00f3 por un psiquiatra espa\u00f1ol llamado Joseba Achotegui en el a\u00f1o 2002, lo destacaba como un&nbsp;<strong>cuadro psicol\u00f3gico&nbsp;<\/strong>que se daba en<strong>&nbsp;personas que emigraban.<\/strong><\/p>\n\n\n\n<p class=\"wp-block-paragraph\">Lo llam\u00f3 as\u00ed porque tom\u00f3 como referencia al h\u00e9roe mitol\u00f3gico Ulises que Homero describe en la Odisea. Ulises era una persona que tuvo una vida expuesta a muchas adversidades, compleja y tuvo que enfrentarse a situaciones extremas sufriendo mucho.<\/p>\n\n\n\n<h2 class=\"wp-block-heading\">Causas del s\u00edndrome de Ulises<\/h2>\n\n\n\n<p class=\"wp-block-paragraph\">Las causas derivan en un&nbsp;<strong>cuadro de estr\u00e9s severo<\/strong>. Pero se genera por el&nbsp;<strong>choque cultural y socioecon\u00f3mico<\/strong>&nbsp;que puede tener una persona al cambiar por completo su vida.<\/p>\n\n\n\n<p class=\"wp-block-paragraph\">Otra de las razones es por la&nbsp;<strong>nostalgia de extra\u00f1ar la familia<\/strong>, la vida en su pa\u00eds natal, sentirse&nbsp;<strong>indefensos<\/strong>&nbsp;en un pa\u00eds distinto.<\/p>\n\n\n\n<p class=\"wp-block-paragraph\">Tener que&nbsp;<strong>adaptarse a un nueva realidad&nbsp;<\/strong>dejando atr\u00e1s todo el pasado y vida en su pa\u00eds natal, en una b\u00fasqueda de generar una&nbsp;<strong>nueva identidad<\/strong>&nbsp;y poder asentarse en otro parte del mundo distinta.<\/p>\n\n\n\n<h2 class=\"wp-block-heading\">S\u00edntomas del s\u00edndrome de Ulises<\/h2>\n\n\n\n<p class=\"wp-block-paragraph\">Est\u00e1n los s\u00edntomas psicol\u00f3gicos y los s\u00edntomas o signos f\u00edsicos, aunque c<strong>ada persona lo transita de una manera distinta<\/strong>&nbsp;y pueden aparecer m\u00e1s manifestaciones emocionales.<\/p>\n\n\n\n<ul class=\"wp-block-list\">\n<li><strong>S\u00edntomas psicol\u00f3gicos<\/strong>, ac\u00e1 se destaca la nostalgia y la tristeza que se dan por cambiar de pa\u00eds y alejarse del entorno familiar. Tambi\u00e9n surge la soledad y el aislamiento social por el desarraigo de los v\u00ednculos cercanos.<\/li>\n\n\n\n<li><strong>S\u00edntomas f\u00edsicos<\/strong>, la gran mayor\u00eda de las personas desarrollan irritabilidad, nerviosismo, dolor de cabeza, cansancio, insomnio, dolores en el cuerpo, miedo y pueden llegar a perder el apetito.<\/li>\n<\/ul>\n\n\n\n<p class=\"wp-block-paragraph\">En casos extremos estos<strong>&nbsp;s\u00edntomas<\/strong>&nbsp;se pueden&nbsp;<strong>intensificar&nbsp;<\/strong>y terminar desarrollando un posible&nbsp;<strong>cuadro depresivo.<\/strong><\/p>\n\n\n\n<h2 class=\"wp-block-heading\">C\u00f3mo prevenir o afrontar este s\u00edndrome<\/h2>\n\n\n\n<p class=\"wp-block-paragraph\">El&nbsp;<strong>acompa\u00f1amiento psicol\u00f3gico<\/strong>&nbsp;es vital, ya que ayuda a expresar emociones, y poder crear estrategias de afrontamiento a situaciones dif\u00edciles, esto ayuda a poder insertarse en la nueva vida.<\/p>\n\n\n\n<p class=\"wp-block-paragraph\">Otra alternativa, que es indispensable es&nbsp;<strong>intentar crear nuevos c\u00edrculos de amistades<\/strong>, realizar&nbsp;<strong>actividades&nbsp;<\/strong>que hagan bien y fortalezcan el autoestima, proponer objetivos de desarrollo profesional y personal.<\/p>\n\n\n\n<h2 class=\"wp-block-heading\">Duraci\u00f3n del s\u00edndrome de Ulises<\/h2>\n\n\n\n<p class=\"wp-block-paragraph\">El diagn\u00f3stico de este s\u00edndrome se puede dar cuando los s\u00edntomas&nbsp;<strong>duran m\u00e1s de tres meses<\/strong>, ya que al principio es dif\u00edcil cambiar de vida y cultura por completo y es normal estar mal.<\/p>\n\n\n\n<p class=\"wp-block-paragraph\">Los&nbsp;<strong>casos diagnosticados<\/strong>&nbsp;si son&nbsp;<strong>tratados&nbsp;<\/strong>a tiempo, con compa\u00f1\u00eda psicol\u00f3gica, y actividades para despejar la mente y sentirse mejor&nbsp;<strong>disminuyen con el tiempo<\/strong>&nbsp;ya que se puede encontrar una adaptaci\u00f3n y estabilidad mayor.<\/p>\n\n\n\n<p class=\"wp-block-paragraph\">Si este s\u00edndrome\u00a0<strong>no se detecta ni se trata<\/strong>, puede derivar a otros p<strong>roblemas de salud mental m\u00e1s graves<\/strong>\u00a0como la depresi\u00f3n y la ansiedad.<\/p>\n\n\n\n<p class=\"wp-block-paragraph\">Fuente: <a href=\"https:\/\/tn.com.ar\/salud\/bienestar\/2023\/10\/03\/sindrome-de-ulises-que-es-y-cuales-son-sus-sintomas\/\" target=\"_blank\" rel=\"noreferrer noopener\">TN<\/a><\/p>\n","protected":false},"excerpt":{"rendered":"<p>El termino surgi\u00f3 por un psiquiatra espa\u00f1ol que estudia las diferentes reacciones que experimentan los migrantes al abandonar su pa\u00eds de origen. Con el objetivo de tener una mejor calidad de vida o con la intenci\u00f3n de buscar oportunidades laborales, son muchas las personas que optan por emigrar de su pa\u00eds de origen. Este cambio [&hellip;]<\/p>\n","protected":false},"author":1,"featured_media":1206,"comment_status":"open","ping_status":"open","sticky":false,"template":"","format":"standard","meta":{"_crdt_document":"","footnotes":""},"categories":[30],"tags":[],"class_list":["post-1205","post","type-post","status-publish","format-standard","has-post-thumbnail","hentry","category-noticias"],"_links":{"self":[{"href":"https:\/\/fundinah.org\/index.php\/wp-json\/wp\/v2\/posts\/1205","targetHints":{"allow":["GET"]}}],"collection":[{"href":"https:\/\/fundinah.org\/index.php\/wp-json\/wp\/v2\/posts"}],"about":[{"href":"https:\/\/fundinah.org\/index.php\/wp-json\/wp\/v2\/types\/post"}],"author":[{"embeddable":true,"href":"https:\/\/fundinah.org\/index.php\/wp-json\/wp\/v2\/users\/1"}],"replies":[{"embeddable":true,"href":"https:\/\/fundinah.org\/index.php\/wp-json\/wp\/v2\/comments?post=1205"}],"version-history":[{"count":1,"href":"https:\/\/fundinah.org\/index.php\/wp-json\/wp\/v2\/posts\/1205\/revisions"}],"predecessor-version":[{"id":1207,"href":"https:\/\/fundinah.org\/index.php\/wp-json\/wp\/v2\/posts\/1205\/revisions\/1207"}],"wp:featuredmedia":[{"embeddable":true,"href":"https:\/\/fundinah.org\/index.php\/wp-json\/wp\/v2\/media\/1206"}],"wp:attachment":[{"href":"https:\/\/fundinah.org\/index.php\/wp-json\/wp\/v2\/media?parent=1205"}],"wp:term":[{"taxonomy":"category","embeddable":true,"href":"https:\/\/fundinah.org\/index.php\/wp-json\/wp\/v2\/categories?post=1205"},{"taxonomy":"post_tag","embeddable":true,"href":"https:\/\/fundinah.org\/index.php\/wp-json\/wp\/v2\/tags?post=1205"}],"curies":[{"name":"wp","href":"https:\/\/api.w.org\/{rel}","templated":true}]}}