{"id":1201,"date":"2023-10-09T10:15:52","date_gmt":"2023-10-09T14:15:52","guid":{"rendered":"https:\/\/fundinah.org\/?p=1201"},"modified":"2023-10-09T10:18:50","modified_gmt":"2023-10-09T14:18:50","slug":"como-evitar-el-estres-y-prevenir-enfermedades-mentales","status":"publish","type":"post","link":"https:\/\/fundinah.org\/index.php\/2023\/10\/09\/como-evitar-el-estres-y-prevenir-enfermedades-mentales\/","title":{"rendered":"C\u00f3mo evitar el estr\u00e9s y prevenir enfermedades mentales"},"content":{"rendered":"\n<p class=\"wp-block-paragraph\">Saber gestionar las emociones ante las situaciones tensionantes y tener una vida social activa son claves fundamentales para evitar la depresi\u00f3n y la ansiedad. Cu\u00e1ndo consultar al m\u00e9dico.<\/p>\n\n\n\n<p class=\"wp-block-paragraph\">Las enfermedades mentales son cada vez m\u00e1s prevalentes en nuestra sociedad, pero algunos de estos trastornos brindan se\u00f1ales para estar atentos.<a href=\"https:\/\/www.infobae.com\/espana\/2023\/10\/06\/la-importancia-de-no-perder-la-sonrisa-como-afecta-la-risa-a-la-salud-mental\/\" rel=\"noreferrer noopener\" target=\"_blank\"><\/a><\/p>\n\n\n\n<p class=\"wp-block-paragraph\">Me han preguntado varias veces si se pueden prevenir las enfermedades mentales. Claro que s\u00ed. Igual que se puede prevenir la diabetes, la hipertensi\u00f3n, existen varias cosas que todos podemos hacer.<\/p>\n\n\n\n<p class=\"wp-block-paragraph\">Primero debemos prestar atenci\u00f3n al&nbsp;<strong>estr\u00e9s<\/strong>, que est\u00e1 estrechamente relacionado con nuestras emociones y nuestra percepci\u00f3n de las circunstancias que vivimos cada d\u00eda. El estr\u00e9s no significa necesariamente que estemos sobrecargados o cansados, sino que se produce cuando uno sufre lo cotidiano, se manifiesta como una relaci\u00f3n directa entre las&nbsp;<strong>amenazas&nbsp;<\/strong>de nuestro entorno (incertidumbre laboral, un discusi\u00f3n con un familiar, la p\u00e9rdida de un ser querido) y nuestra capacidad de&nbsp;<strong>resistencia&nbsp;<\/strong>ante esa situaci\u00f3n.<\/p>\n\n\n\n<p class=\"wp-block-paragraph\">El&nbsp;<strong>estr\u00e9s cr\u00f3nico puede desencadenar trastornos como la ansiedad y la depresi\u00f3n<\/strong>. Una correcta alimentaci\u00f3n y seguir las recomendaciones de la Organizaci\u00f3n Mundial de la Salud (OMS), que sugiere realizar actividad f\u00edsica aer\u00f3bica, como caminar a paso r\u00e1pido, al menos 150 minutos por semana, son algunas de sus recomendaciones.<\/p>\n\n\n\n<p class=\"wp-block-paragraph\"><img fetchpriority=\"high\" decoding=\"async\" alt=\"Lo que da\u00f1a realmente es el estr\u00e9s cr\u00f3nico, el sufrimiento, la gota que horada la piedra, esa gota que cae continuamente, y termina siendo un agujero en el piso aunque se trate de una losa o un m\u00e1rmol, no importa (Cr\u00e9dito: Getty Images).\" height=\"1080\" width=\"1920\" src=\"https:\/\/www.infobae.com\/new-resizer\/y371dW8RGbGkRjfNWKErNQmPdmI=\/arc-anglerfish-arc2-prod-infobae\/public\/HDYZMP45SZGWJA6S6KMNJ5CRUU.jpg\" srcset=\"https:\/\/www.infobae.com\/new-resizer\/OJNkTIvYkh9eMk07A_3r-rJpK3E=\/420x236\/filters:format(webp):quality(85)\/cloudfront-us-east-1.images.arcpublishing.com\/infobae\/HDYZMP45SZGWJA6S6KMNJ5CRUU.jpg 420w,https:\/\/www.infobae.com\/new-resizer\/QL2LxzFIRSFiX05tbzIN21e-Mr4=\/768x432\/filters:format(webp):quality(85)\/cloudfront-us-east-1.images.arcpublishing.com\/infobae\/HDYZMP45SZGWJA6S6KMNJ5CRUU.jpg 768w,https:\/\/www.infobae.com\/new-resizer\/1pCyhotiSrudKq_pRXno5Gp0HhA=\/992x558\/filters:format(webp):quality(85)\/cloudfront-us-east-1.images.arcpublishing.com\/infobae\/HDYZMP45SZGWJA6S6KMNJ5CRUU.jpg 992w,https:\/\/www.infobae.com\/new-resizer\/YCiVsL76sQiUdXKNbOelBoOo0t4=\/1200x675\/filters:format(webp):quality(85)\/cloudfront-us-east-1.images.arcpublishing.com\/infobae\/HDYZMP45SZGWJA6S6KMNJ5CRUU.jpg 1200w,https:\/\/www.infobae.com\/new-resizer\/a49Fwj4YhT3PvG7zEpW-Me4IHDM=\/1440x810\/filters:format(webp):quality(85)\/cloudfront-us-east-1.images.arcpublishing.com\/infobae\/HDYZMP45SZGWJA6S6KMNJ5CRUU.jpg 1440w\">Lo que da\u00f1a realmente es el estr\u00e9s cr\u00f3nico, el sufrimiento, la gota que horada la piedra, esa gota que cae continuamente, y termina siendo un agujero en el piso aunque se trate de una losa o un m\u00e1rmol, no importa (Cr\u00e9dito: Getty Images).<\/p>\n\n\n\n<p class=\"wp-block-paragraph\">Las relaciones sociales tambi\u00e9n juegan un papel crucial en la prevenci\u00f3n de los problemas de salud mental. Le digo algo m\u00e1s, los v\u00ednculos personales son important\u00edsimos para no enfermar mentalmente. Tener una vida social activa con su familia y su grupo de amigos.<a href=\"https:\/\/www.infobae.com\/espana\/2023\/10\/06\/los-efectos-secundarios-de-la-vortioxetina-el-medicamento-utilizado-para-tratar-la-depresion-mayor-en-adultos\/\" rel=\"noreferrer noopener\" target=\"_blank\"><\/a><\/p>\n\n\n\n<p class=\"wp-block-paragraph\">Pero hay un mensaje a\u00fan m\u00e1s crucial: la importancia de<strong>&nbsp;no naturalizar s\u00edntomas<\/strong>. Si se siente tristeza, ansiedad o se cree tener depresi\u00f3n, es fundamental consultar a tiempo a un especialista que pueda orientarnos e indicarnos qu\u00e9 tratamiento es el adecuado.<\/p>\n\n\n\n<h2 class=\"wp-block-heading\">La capacidad de control reduce el estr\u00e9s<\/h2>\n\n\n\n<p class=\"wp-block-paragraph\">En cuanto al estr\u00e9s, otro concepto clave es la capacidad de control. Imagine una situaci\u00f3n en la que dos personas cambian roles mientras conducen un auto. Aunque uno de ellos pueda manejar peor que el otro, el estr\u00e9s disminuye cuando siente que tiene control del volante. Este ejemplo sirve para ilustrar la relaci\u00f3n inversa entre la&nbsp;<strong>sensaci\u00f3n de controlar la vida y sentir que otros lo hacen por uno.<\/strong><\/p>\n\n\n\n<p class=\"wp-block-paragraph\"><img decoding=\"async\" alt=\"Transformar el padecimiento en bienestar es algo que puede ejercitarse, gracias al autoconocimiento y a buscar recursos para gestionar el estr\u00e9s \n (Imagen ilustrativa Infobae)\" height=\"816\" width=\"1456\" src=\"https:\/\/www.infobae.com\/new-resizer\/BmxO-TGc3Pu68vp-FQn9r88Xuko=\/arc-anglerfish-arc2-prod-infobae\/public\/2B4QHLXUQJAIPAF7TKYMHGT3IU.png\" srcset=\"https:\/\/www.infobae.com\/new-resizer\/hEOeLln7-cM7XA1OtDEkEPdD_Bs=\/420x236\/filters:format(webp):quality(85)\/cloudfront-us-east-1.images.arcpublishing.com\/infobae\/2B4QHLXUQJAIPAF7TKYMHGT3IU.png 420w,https:\/\/www.infobae.com\/new-resizer\/WQG4dNEj_eNPtnNClc-QFcEXgSc=\/768x432\/filters:format(webp):quality(85)\/cloudfront-us-east-1.images.arcpublishing.com\/infobae\/2B4QHLXUQJAIPAF7TKYMHGT3IU.png 768w,https:\/\/www.infobae.com\/new-resizer\/uQY35fzv7WrSiTJzWnkMTldoVJ0=\/992x558\/filters:format(webp):quality(85)\/cloudfront-us-east-1.images.arcpublishing.com\/infobae\/2B4QHLXUQJAIPAF7TKYMHGT3IU.png 992w,https:\/\/www.infobae.com\/new-resizer\/ziWyyUV40JfmAdCSaiqmdEyig98=\/1200x675\/filters:format(webp):quality(85)\/cloudfront-us-east-1.images.arcpublishing.com\/infobae\/2B4QHLXUQJAIPAF7TKYMHGT3IU.png 1200w,https:\/\/www.infobae.com\/new-resizer\/usrC_9fFcCuMXSpxzpld6uZqqh0=\/1440x810\/filters:format(webp):quality(85)\/cloudfront-us-east-1.images.arcpublishing.com\/infobae\/2B4QHLXUQJAIPAF7TKYMHGT3IU.png 1440w\">Transformar el padecimiento en bienestar es algo que puede ejercitarse, gracias al autoconocimiento y a buscar recursos para gestionar el estr\u00e9s (Imagen ilustrativa Infobae)<\/p>\n\n\n\n<p class=\"wp-block-paragraph\">Cuando yo tengo la capacidad de controlar mi vida, encuentro el equilibro. Pero tenga en cuenta que la percepci\u00f3n no es la realidad. La realidad son hechos interpretados desde nuestros propios procesos ps\u00edquicos. \u201cLo que es estresante para Juan no lo es para Pedro\u201d, y as\u00ed es la subjetividad en la vida. E<a href=\"https:\/\/www.infobae.com\/salud\/2023\/10\/05\/salud-mental-de-los-adultos-mayores-por-que-es-clave-capacitar-a-los-medicos-de-atencion-primaria\/\" rel=\"noreferrer noopener\" target=\"_blank\"><\/a><\/p>\n\n\n\n<p class=\"wp-block-paragraph\">Si una persona siente que no tiene control sobre su vida, su nivel de estr\u00e9s ser\u00e1 m\u00e1s alto.<\/p>\n\n\n\n<p class=\"wp-block-paragraph\">Por todo esto, queda claro que la percepci\u00f3n, el control y la actividad f\u00edsica y social son herramientas fundamentales para prevenir enfermedades mentales y mantener el bienestar.<\/p>\n\n\n\n<p class=\"wp-block-paragraph\">*<em>El doctor Daniel L\u00f3pez Rosetti es m\u00e9dico (MN 62540) de la Facultad de Medicina de la Universidad de Buenos Aires (UBA). Presidente de la Secci\u00f3n de Estr\u00e9s de la World Federation for Mental Health (WFMH). Y es autor de libros como: \u201cEmoci\u00f3n y sentimientos\u201d (Ed. Planeta, 2017), \u201cEquilibrio. C\u00f3mo pensamos, c\u00f3mo sentimos, c\u00f3mo decidimos. Manual del usuario.\u201d (Ed. Planeta, 2019), entre otros.<\/em><\/p>\n\n\n\n<p class=\"wp-block-paragraph\">Fuente: <a href=\"https:\/\/www.infobae.com\/tendencias\/2023\/10\/09\/como-evitar-el-estres-y-prevenir-enfermedades-mentales\/\" data-type=\"link\" data-id=\"https:\/\/www.infobae.com\/tendencias\/2023\/10\/09\/como-evitar-el-estres-y-prevenir-enfermedades-mentales\/\" target=\"_blank\" rel=\"noreferrer noopener\">infobae<\/a><\/p>\n","protected":false},"excerpt":{"rendered":"<p>Saber gestionar las emociones ante las situaciones tensionantes y tener una vida social activa son claves fundamentales para evitar la depresi\u00f3n y la ansiedad. Cu\u00e1ndo consultar al m\u00e9dico. Las enfermedades mentales son cada vez m\u00e1s prevalentes en nuestra sociedad, pero algunos de estos trastornos brindan se\u00f1ales para estar atentos. Me han preguntado varias veces si [&hellip;]<\/p>\n","protected":false},"author":1,"featured_media":1203,"comment_status":"open","ping_status":"open","sticky":false,"template":"","format":"standard","meta":{"_crdt_document":"","footnotes":""},"categories":[30],"tags":[],"class_list":["post-1201","post","type-post","status-publish","format-standard","has-post-thumbnail","hentry","category-noticias"],"_links":{"self":[{"href":"https:\/\/fundinah.org\/index.php\/wp-json\/wp\/v2\/posts\/1201","targetHints":{"allow":["GET"]}}],"collection":[{"href":"https:\/\/fundinah.org\/index.php\/wp-json\/wp\/v2\/posts"}],"about":[{"href":"https:\/\/fundinah.org\/index.php\/wp-json\/wp\/v2\/types\/post"}],"author":[{"embeddable":true,"href":"https:\/\/fundinah.org\/index.php\/wp-json\/wp\/v2\/users\/1"}],"replies":[{"embeddable":true,"href":"https:\/\/fundinah.org\/index.php\/wp-json\/wp\/v2\/comments?post=1201"}],"version-history":[{"count":2,"href":"https:\/\/fundinah.org\/index.php\/wp-json\/wp\/v2\/posts\/1201\/revisions"}],"predecessor-version":[{"id":1204,"href":"https:\/\/fundinah.org\/index.php\/wp-json\/wp\/v2\/posts\/1201\/revisions\/1204"}],"wp:featuredmedia":[{"embeddable":true,"href":"https:\/\/fundinah.org\/index.php\/wp-json\/wp\/v2\/media\/1203"}],"wp:attachment":[{"href":"https:\/\/fundinah.org\/index.php\/wp-json\/wp\/v2\/media?parent=1201"}],"wp:term":[{"taxonomy":"category","embeddable":true,"href":"https:\/\/fundinah.org\/index.php\/wp-json\/wp\/v2\/categories?post=1201"},{"taxonomy":"post_tag","embeddable":true,"href":"https:\/\/fundinah.org\/index.php\/wp-json\/wp\/v2\/tags?post=1201"}],"curies":[{"name":"wp","href":"https:\/\/api.w.org\/{rel}","templated":true}]}}