{"id":1198,"date":"2023-10-09T10:06:43","date_gmt":"2023-10-09T14:06:43","guid":{"rendered":"https:\/\/fundinah.org\/?p=1198"},"modified":"2023-10-09T10:06:44","modified_gmt":"2023-10-09T14:06:44","slug":"que-pasa-cuando-dejas-de-tomar-de-repente-los-medicamentos-contra-la-depresion-y-la-ansiedad","status":"publish","type":"post","link":"https:\/\/fundinah.org\/index.php\/2023\/10\/09\/que-pasa-cuando-dejas-de-tomar-de-repente-los-medicamentos-contra-la-depresion-y-la-ansiedad\/","title":{"rendered":"Qu\u00e9 pasa cuando dejas de tomar de repente los medicamentos contra la depresi\u00f3n y la ansiedad"},"content":{"rendered":"\n<p class=\"wp-block-paragraph\"><strong>Una de cada ocho personas en el mundo sufre de alg\u00fan problema de salud mental, seg\u00fan un reporte de la Organizaci\u00f3n Mundial de la Salud (OMS).<\/strong><\/p>\n\n\n\n<p class=\"wp-block-paragraph\">En ese contexto, tambi\u00e9n se ha visto un aumento en la demanda del uso de medicamentos para tratarlos.<\/p>\n\n\n\n<p class=\"wp-block-paragraph\">Pero, parad\u00f3jicamente, as\u00ed como se ha vuelto com\u00fan usar estos medicamentos, tambi\u00e9n es com\u00fan que las personas&nbsp;<strong>dejen de usarlos de un momento a otro,<\/strong>&nbsp;le dijeron expertos a la BBC.<\/p>\n\n\n\n<p class=\"wp-block-paragraph\">Muchas pacientes caen en esta trampa, a menudo porque los medicamentos est\u00e1n surtiendo efecto: como se sienten bien, pueden tener la impresi\u00f3n de que el problema est\u00e1 resuelto.<\/p>\n\n\n\n<p class=\"wp-block-paragraph\">En otros casos, son los efectos adversos del tratamiento los que llevan a algunas personas a suspender el tratamiento de forma abrupta.<\/p>\n\n\n\n<p class=\"wp-block-paragraph\">Sin embargo, seg\u00fan los psiquiatras, cualquiera que decida dejar de usar el medicamento sin consultar a un m\u00e9dico&nbsp;<strong>puede sufrir efectos inmediatos y a largo plazo.<\/strong><\/p>\n\n\n\n<h2 class=\"wp-block-heading\" id=\"Los-efectos-de-la-interrupci\u00f3n-abrupta\">Los efectos de la interrupci\u00f3n abrupta<\/h2>\n\n\n\n<p class=\"wp-block-paragraph\">Suspender medicamentos como los que se usan para tratar la ansiedad y la depresi\u00f3n as\u00ed sea por un d\u00eda&nbsp;<strong>puede alterar las se\u00f1ales qu\u00edmicas del cerebro<\/strong>&nbsp;y provocar s\u00edntomas como n\u00e1useas, cansancio, mareos y sensaci\u00f3n de \"cabeza liviana\".<\/p>\n\n\n\n<p class=\"wp-block-paragraph\">Un estudio reciente se\u00f1ala que m\u00e1s de la mitad (56%) de las personas que intentan dejar de tomar antidepresivos presentan s\u00edntomas adversos, y casi la mitad de ellos (46%) describe los efectos secundarios como graves.<\/p>\n\n\n\n<p class=\"wp-block-paragraph\">Es el llamado&nbsp;<strong>\"s\u00edndrome de abstinencia\"<\/strong>, que puede ser causado por la interrupci\u00f3n del uso no s\u00f3lo de antidepresivos y ansiol\u00edticos, sino tambi\u00e9n de&nbsp;<strong>hipn\u00f3ticos, antipsic\u00f3ticos, estabilizadores del estado de \u00e1nimo y estimulantes&nbsp;<\/strong>(incluidos los f\u00e1rmacos utilizados en el tratamiento del trastorno por d\u00e9ficit de atenci\u00f3n e hiperactividad (TDAH).<\/p>\n\n\n\n<p class=\"wp-block-paragraph\">Elson Asevedo, psiquiatra y director t\u00e9cnico del Centro de Atenci\u00f3n Integral a la Salud Mental de la Universidad Federal de Sao Paulo, a\u00f1ade otro efecto que observa frecuentemente en su pr\u00e1ctica m\u00e9dica.<\/p>\n\n\n\n<p class=\"wp-block-paragraph\">Los pacientes que inicialmente responden bien a un f\u00e1rmaco pueden responder m\u00e1s lentamente o resistirse a retomar el tratamiento que se suspendi\u00f3 abruptamente.<\/p>\n\n\n\n<p class=\"wp-block-paragraph\">\u201cEn algunos casos puede ser necesario aumentar la dosis o cambiar de medicamento, incluso teniendo que combinar varios medicamentos diferentes\u201d, afirma Asevedo.<\/p>\n\n\n\n<figure class=\"wp-block-image\"><img decoding=\"async\" src=\"https:\/\/ichef.bbci.co.uk\/news\/640\/cpsprodpb\/c890\/live\/12b679d0-4792-11ee-9b58-cb80889117a8.jpg\" alt=\"Medicamento. \"\/><figcaption class=\"wp-element-caption\">Pie de foto,Dejar de tomar medicamentos psiqui\u00e1tricos de manera abrupta puede alterar las se\u00f1ales qu\u00edmicas del cerebro.<\/figcaption><\/figure>\n\n\n\n<h2 class=\"wp-block-heading\" id=\"Por-qu\u00e9-paran-de-un-d\u00eda-para-otro\">Por qu\u00e9 paran 'de un d\u00eda para otro'<\/h2>\n\n\n\n<p class=\"wp-block-paragraph\">El principal motivo que lleva a alguien a dejar de tomar un medicamento es que la afecci\u00f3n que se est\u00e1 tratando parece estabilizarse.<\/p>\n\n\n\n<p class=\"wp-block-paragraph\">\u201cCuando se nota una mejor\u00eda en la depresi\u00f3n y la ansiedad, es natural sentir que los medicamentos ya no son necesarios, pues los s\u00edntomas parecen haber remitido\u201d, explica Asevedo.<\/p>\n\n\n\n<p class=\"wp-block-paragraph\">\"Sin embargo, la trampa aqu\u00ed es que esta mejora en los s\u00edntomas a menudo ocurre antes de la mejora f\u00edsica en el cerebro\", agrega.<\/p>\n\n\n\n<p class=\"wp-block-paragraph\">El m\u00e9dico compara el cerebro con una computadora y la enfermedad con un programa instalado en esa m\u00e1quina.<\/p>\n\n\n\n<p class=\"wp-block-paragraph\">El tratamiento elimina el programa, explica, pero para que el cerebro pueda quedar protegido contra futuras reca\u00eddas, se necesita un per\u00edodo considerable de uso de medicamentos para que el cerebro cree nuevas formas de funcionar sin la influencia de la depresi\u00f3n.<\/p>\n\n\n\n<p class=\"wp-block-paragraph\">\"Se recomienda que los antidepresivos se utilicen durante al menos 12 meses despu\u00e9s del alta m\u00e9dica y pueden durar hasta dos a\u00f1os o incluso indefinidamente, si el paciente ha tenido dos o m\u00e1s episodios de depresi\u00f3n a lo largo de la vida\", dice Ant\u00f4nio Geraldo, presidente de la Asociaci\u00f3n Brasile\u00f1a de Psiquiatr\u00eda (ABP).<\/p>\n\n\n\n<p class=\"wp-block-paragraph\">Vanessa Favaro, directora del Servicio Ambulatorio del Instituto de Psiquiatr\u00eda de la Universidad de Sao Paulo, dice que muchos pacientes no ven el tratamiento como parte de una b\u00fasqueda permanente de salud mental.<\/p>\n\n\n\n<p class=\"wp-block-paragraph\">\u201cComprender el enfoque a largo plazo puede resultar un desaf\u00edo para algunos pacientes, especialmente cuando est\u00e1n angustiados. La b\u00fasqueda de un alivio inmediato es natural, pero no todo sufrimiento requiere s\u00f3lo un alivio moment\u00e1neo\u201d, afirma el m\u00e9dico.<\/p>\n\n\n\n<p class=\"wp-block-paragraph\">\"Comprender el trastorno, sus bases biol\u00f3gicas y mantener la salud mental en el tiempo es fundamental. Es importante tener en cuenta no s\u00f3lo el medicamento, sino tambi\u00e9n otras acciones, como la psicoterapia y las t\u00e9cnicas de respiraci\u00f3n\".<\/p>\n\n\n\n<p class=\"wp-block-paragraph\">Otro motivo muy com\u00fan para dejar de tomar medicamentos son los efectos no deseados en el organismo.<\/p>\n\n\n\n<figure class=\"wp-block-image\"><img decoding=\"async\" src=\"https:\/\/ichef.bbci.co.uk\/news\/640\/cpsprodpb\/8557\/live\/401417c0-4792-11ee-9b58-cb80889117a8.jpg\" alt=\"Una persona de espaldas.\"\/><figcaption class=\"wp-element-caption\">Pie de foto,Un solo d\u00eda sin tomar medicamentos como los que se utilizan para tratar la depresi\u00f3n y la ansiedad puede alterar las se\u00f1ales qu\u00edmicas del cerebro.<\/figcaption><\/figure>\n\n\n\n<p class=\"wp-block-paragraph\">\u201cEs relativamente f\u00e1cil tolerar los efectos secundarios de un antibi\u00f3tico que s\u00f3lo tenemos que tomar durante siete d\u00edas\u201d, afirma Asevedo.<\/p>\n\n\n\n<p class=\"wp-block-paragraph\">\"Pero cuando se trata de una condici\u00f3n depresiva que requiere tratamiento continuo durante un a\u00f1o, es mucho m\u00e1s dif\u00edcil de tratar\", agrega.<\/p>\n\n\n\n<p class=\"wp-block-paragraph\">Entre los efectos secundarios m\u00e1s comunes de los medicamentos psiqui\u00e1tricos, el m\u00e9dico cita:<\/p>\n\n\n\n<ul class=\"wp-block-list\">\n<li>Disminuci\u00f3n de la libido;<\/li>\n\n\n\n<li>Somnolencia;<\/li>\n\n\n\n<li>Aumento de peso;<\/li>\n\n\n\n<li>Efectos gastrointestinales;<\/li>\n\n\n\n<li>Mareo;<\/li>\n\n\n\n<li>N\u00e1useas;<\/li>\n\n\n\n<li>Temblores.<\/li>\n<\/ul>\n\n\n\n<p class=\"wp-block-paragraph\">En casos como estos, es importante que el m\u00e9dico y el paciente tengan la suficiente confianza para discutir las posibilidades juntos.<\/p>\n\n\n\n<p class=\"wp-block-paragraph\">\u201cPueden considerar alternativas, como cambiar el medicamento incluso introducir un medicamento adicional para mitigar los efectos secundarios\u201d, afirma Asevedo.<\/p>\n\n\n\n<h2 class=\"wp-block-heading\" id=\"C\u00f3mo-act\u00faan-los-medicamentos-en-el-cerebro\">C\u00f3mo act\u00faan los medicamentos en el cerebro<\/h2>\n\n\n\n<p class=\"wp-block-paragraph\">Los medicamentos utilizados para tratar los trastornos mentales alteran las se\u00f1ales el\u00e9ctricas que se transmiten dentro del cerebro a trav\u00e9s de cambios en la composici\u00f3n qu\u00edmica del \u00f3rgano.<\/p>\n\n\n\n<p class=\"wp-block-paragraph\">\"El cerebro es un ordenador que, en lugar de cables, tiene neuronas. Pero estas neuronas no se conectan directamente. Entre ellas hay un peque\u00f1o espacio, donde se encuentran los neurotransmisores\", explica Asevedo.<\/p>\n\n\n\n<p class=\"wp-block-paragraph\">Los neurotransmisores son sustancias qu\u00edmicas que permiten la transmisi\u00f3n el\u00e9ctrica de una neurona a otra.<\/p>\n\n\n\n<p class=\"wp-block-paragraph\">La serotonina, la noradrenalina y la dopamina son algunos de los neurotransmisores que regulan el paso de se\u00f1ales el\u00e9ctricas entre neuronas.<\/p>\n\n\n\n<p class=\"wp-block-paragraph\">Un trastorno mental suele ocurrir cuando estas&nbsp;<strong>sustancias qu\u00edmicas no est\u00e1n reguladas.<\/strong><\/p>\n\n\n\n<p class=\"wp-block-paragraph\">La depresi\u00f3n, por ejemplo, es causada por un desequilibrio de los transmisores neuronales responsables de la sensaci\u00f3n de placer y bienestar, se\u00f1alan los expertos.<\/p>\n\n\n\n<p class=\"wp-block-paragraph\">Luego, los medicamentos act\u00faan regulando la producci\u00f3n de neurotransmisores y aumentando la transmisi\u00f3n de se\u00f1ales el\u00e9ctricas entre las c\u00e9lulas cerebrales.<\/p>\n\n\n\n<h2 class=\"wp-block-heading\" id=\"C\u00f3mo-dejar-de-tomar-correctamente-un-medicamento-psiqui\u00e1trico-\">C\u00f3mo dejar de tomar correctamente un medicamento psiqui\u00e1trico<\/h2>\n\n\n\n<p class=\"wp-block-paragraph\">Es com\u00fan que una persona en tratamiento psiqui\u00e1trico piense que estar\u00e1 condenada a consumir estos medicamentos para siempre, afirma Vanessa Favaro.<\/p>\n\n\n\n<p class=\"wp-block-paragraph\">\"La mayor\u00eda de las veces esto no sucede.&nbsp;<strong>Los tratamientos suelen tener un principio, un desarrollo y un final<\/strong>\", afirma la m\u00e9dico.<\/p>\n\n\n\n<p class=\"wp-block-paragraph\">El final requiere un proceso que puede durar meses o incluso a\u00f1os.<\/p>\n\n\n\n<p class=\"wp-block-paragraph\">\"La&nbsp;<strong>retirada debe ser gradual<\/strong>&nbsp;para evitar cambios bruscos en el funcionamiento del cerebro\", afirma Favaro.<\/p>\n\n\n\n<p class=\"wp-block-paragraph\">El primer paso, dicen los expertos, es contar con la recomendaci\u00f3n del m\u00e9dico que acompa\u00f1a al paciente para hacerlo.<\/p>\n\n\n\n<p class=\"wp-block-paragraph\">\u201cPrimero necesitamos que los s\u00edntomas hayan mejorado por completo y que hayan pasado entre seis meses y un a\u00f1o de mejor\u00eda\u201d, afirma Asevedo.<\/p>\n\n\n\n<p class=\"wp-block-paragraph\">\"Antes de eso, no ha habido una mejor\u00eda absoluta del cerebro y es posible que los s\u00edntomas vayan a volver\".<\/p>\n\n\n\n<p class=\"wp-block-paragraph\">Entonces se pueden adoptar algunas estrategias, explica el psiquiatra, como empezar a tomar el medicamento cada dos d\u00edas o reducir progresivamente la dosis.<\/p>\n\n\n\n<p class=\"wp-block-paragraph\">\"Es importante consultar a un psiquiatra para valorar el medicamento m\u00e1s adecuada a tu tipo y patolog\u00eda\", concluye Favaro.<\/p>\n\n\n\n<p class=\"wp-block-paragraph\"><em>Fuente: <a href=\"https:\/\/www.bbc.com\/mundo\/articles\/crg5ww9yvl3o\" target=\"_blank\" rel=\"noreferrer noopener\">BBC Mundo<\/a><\/em><\/p>\n","protected":false},"excerpt":{"rendered":"<p>Una de cada ocho personas en el mundo sufre de alg\u00fan problema de salud mental, seg\u00fan un reporte de la Organizaci\u00f3n Mundial de la Salud (OMS). En ese contexto, tambi\u00e9n se ha visto un aumento en la demanda del uso de medicamentos para tratarlos. Pero, parad\u00f3jicamente, as\u00ed como se ha vuelto com\u00fan usar estos medicamentos, [&hellip;]<\/p>\n","protected":false},"author":1,"featured_media":1199,"comment_status":"open","ping_status":"open","sticky":false,"template":"","format":"standard","meta":{"_crdt_document":"","footnotes":""},"categories":[30],"tags":[],"class_list":["post-1198","post","type-post","status-publish","format-standard","has-post-thumbnail","hentry","category-noticias"],"_links":{"self":[{"href":"https:\/\/fundinah.org\/index.php\/wp-json\/wp\/v2\/posts\/1198","targetHints":{"allow":["GET"]}}],"collection":[{"href":"https:\/\/fundinah.org\/index.php\/wp-json\/wp\/v2\/posts"}],"about":[{"href":"https:\/\/fundinah.org\/index.php\/wp-json\/wp\/v2\/types\/post"}],"author":[{"embeddable":true,"href":"https:\/\/fundinah.org\/index.php\/wp-json\/wp\/v2\/users\/1"}],"replies":[{"embeddable":true,"href":"https:\/\/fundinah.org\/index.php\/wp-json\/wp\/v2\/comments?post=1198"}],"version-history":[{"count":1,"href":"https:\/\/fundinah.org\/index.php\/wp-json\/wp\/v2\/posts\/1198\/revisions"}],"predecessor-version":[{"id":1200,"href":"https:\/\/fundinah.org\/index.php\/wp-json\/wp\/v2\/posts\/1198\/revisions\/1200"}],"wp:featuredmedia":[{"embeddable":true,"href":"https:\/\/fundinah.org\/index.php\/wp-json\/wp\/v2\/media\/1199"}],"wp:attachment":[{"href":"https:\/\/fundinah.org\/index.php\/wp-json\/wp\/v2\/media?parent=1198"}],"wp:term":[{"taxonomy":"category","embeddable":true,"href":"https:\/\/fundinah.org\/index.php\/wp-json\/wp\/v2\/categories?post=1198"},{"taxonomy":"post_tag","embeddable":true,"href":"https:\/\/fundinah.org\/index.php\/wp-json\/wp\/v2\/tags?post=1198"}],"curies":[{"name":"wp","href":"https:\/\/api.w.org\/{rel}","templated":true}]}}