{"id":1194,"date":"2023-10-02T11:12:51","date_gmt":"2023-10-02T15:12:51","guid":{"rendered":"https:\/\/fundinah.org\/?p=1194"},"modified":"2023-10-02T11:12:52","modified_gmt":"2023-10-02T15:12:52","slug":"prevencion-del-suicidio-como-ayudar-y-que-herramientas-existen","status":"publish","type":"post","link":"https:\/\/fundinah.org\/index.php\/2023\/10\/02\/prevencion-del-suicidio-como-ayudar-y-que-herramientas-existen\/","title":{"rendered":"Prevenci\u00f3n del suicidio: c\u00f3mo ayudar y qu\u00e9 herramientas existen"},"content":{"rendered":"\n<p class=\"wp-block-paragraph\">El 988 recibe m\u00e1s de 300.000 llamadas al mes pidiendo ayuda y asesor\u00eda&nbsp;1:28<\/p>\n\n\n\n<p class=\"wp-block-paragraph\"><strong>(CNN) &#8212;<\/strong>&nbsp;M\u00e1s de 700.000 personas mueren por suicidio cada a\u00f1o, seg\u00fan la&nbsp;<a href=\"http:\/\/www.who.int\/mental_health\/prevention\/suicide\/suicideprevent\/en\/\">Organizaci\u00f3n Mundial de la Salud.<\/a><\/p>\n\n\n\n<p class=\"wp-block-paragraph\">En otras palabras: cada 40 segundos, alguien en el mundo se quita la vida. Esa es una estad\u00edstica aleccionadora para reflexionar hoy, en el D\u00eda Mundial de Prevenci\u00f3n del Suicidio de 2021.<\/p>\n\n\n\n<p class=\"wp-block-paragraph\">La conciencia de las realidades del suicidio puede ayudar a las personas a ver estas muertes con m\u00e1s comprensi\u00f3n y compasi\u00f3n, darse cuenta de la importancia de ayudar a otros a obtener ayuda y abordar sus propios problemas de salud mental si tienen dificultades, dice la Alianza Nacional sobre Enfermedades Mentales.<\/p>\n\n\n\n<p class=\"wp-block-paragraph\">Las tasas de suicidio han ido aumentando durante a\u00f1os en algunas partes del mundo. Solo en Estados Unidos, las tasas de suicidio aumentaron en un 35% entre 1999 y 2018. Los Centros para el Control y la Prevenci\u00f3n de Enfermedades de EE.UU. (<a href=\"https:\/\/www.cdc.gov\/violenceprevention\/suicide\/fastfact.html\">CDC<\/a>) llaman al suicidio un \"problema de salud p\u00fablica creciente\".<\/p>\n\n\n\n<ul class=\"wp-block-list\">\n<li><strong><a href=\"https:\/\/cnnespanol.cnn.com\/2022\/09\/07\/adultos-jovenes-ee-uu-salud-mental-pandemia-trax\/\">Casi 1 de cada 4 adultos j\u00f3venes de EE.UU. recibi\u00f3 tratamiento por salud mental durante la pandemia, seg\u00fan una encuesta de los CDC<\/a><\/strong><\/li>\n<\/ul>\n\n\n\n<p class=\"wp-block-paragraph\">Un importante grupo de salud p\u00fablica estim\u00f3 en 2020 que hasta 75.000 estadounidenses podr\u00edan morir debido al uso indebido de drogas o alcohol y al suicidio relacionado con la pandemia.<\/p>\n\n\n\n<p class=\"wp-block-paragraph\">El presidente&nbsp;<a href=\"https:\/\/www.whitehouse.gov\/briefing-room\/presidential-actions\/2021\/09\/09\/a-proclamation-on-world-suicide-prevention-day-2021\/\" target=\"_blank\" rel=\"noreferrer noopener\">Joe Biden<\/a>&nbsp;expres\u00f3 su preocupaci\u00f3n en una proclamaci\u00f3n de 2021 en la que anunci\u00f3 que 10 de septiembre es el D\u00eda Mundial para la Prevenci\u00f3n del Suicidio en Estados Unidos.<\/p>\n\n\n\n<p class=\"wp-block-paragraph\">\"En 2019, el suicidio fue la d\u00e9cima causa principal de muerte en Estados Unidos y la segunda causa principal de muerte entre los j\u00f3venes de entre 10 y 34 a\u00f1os\", escribi\u00f3 Biden.<\/p>\n\n\n\n<p class=\"wp-block-paragraph\">\"Y eso fue antes de que la pandemia de covid-19 agravara, para muchos, sentimientos de aislamiento, agotamiento y ansiedad econ\u00f3mica y relacionada con la salud p\u00fablica. El aumento de las tasas de depresi\u00f3n ha provocado la preocupaci\u00f3n de que veremos un aumento adicional en las tasas de suicidio\".<\/p>\n\n\n\n<ul class=\"wp-block-list\">\n<li><strong><a href=\"https:\/\/cnnespanol.cnn.com\/2020\/09\/09\/asi-funcionan-las-lineas-de-manejo-de-crisis-y-prevencion-de-suicidio\/\">As\u00ed funcionan las l\u00edneas de manejo de crisis y prevenci\u00f3n de suicidio<\/a><\/strong><\/li>\n<\/ul>\n\n\n\n<p class=\"wp-block-paragraph\">Un estudio publicado en junio de 2021 destaca a\u00fan m\u00e1s esos temores. Los CDC encontraron que las visitas al departamento de emergencias por presuntos intentos de suicidio comenzaron a aumentar en mayo de 2020 entre los adolescentes de 12 a 17 a\u00f1os, especialmente las ni\u00f1as.<\/p>\n\n\n\n<p class=\"wp-block-paragraph\">\"El n\u00famero medio semanal de estas visitas fue un 26,2% m\u00e1s alto durante el verano de 2020 y un 50,6% m\u00e1s alto durante el invierno de 2021 en comparaci\u00f3n con los per\u00edodos correspondientes en 2019&#8243;, escribieron los investigadores de los CDC.<\/p>\n\n\n\n<h2 class=\"wp-block-heading\">Riesgo generalizado<\/h2>\n\n\n\n<p class=\"wp-block-paragraph\">Todas las edades, razas y niveles de ingresos est\u00e1n en riesgo, y el 77% de todos los suicidios ocurren en pa\u00edses de ingresos bajos a medianos, seg\u00fan la&nbsp;<a href=\"https:\/\/www.who.int\/news-room\/fact-sheets\/detail\/suicide\">OMS<\/a>. A nivel mundial, los j\u00f3venes pueden ser los m\u00e1s afectados: el suicidio es la cuarta causa principal de muerte entre los j\u00f3venes de 15 a 19 a\u00f1os en todo el mundo, dijo el organismo.<\/p>\n\n\n\n<p class=\"wp-block-paragraph\">Y eso es solo una parte del panorama sombr\u00edo. Por cada persona que ha muerto por suicidio, muchas m\u00e1s personas piensan o intentan suicidarse, seg\u00fan los&nbsp;<a href=\"https:\/\/www.cdc.gov\/violenceprevention\/suicide\/fastfact.html\">CDC<\/a>. En 2019, 12 millones de adultos estadounidenses pensaron seriamente en el suicidio, 3,5 millones planearon un intento de suicidio y 1,4 millones intentaron suicidarse.<\/p>\n\n\n\n<p class=\"wp-block-paragraph\">Para comunicarse con la L\u00ednea Nacional de Prevenci\u00f3n del Suicidio en crisis de salud mental,&nbsp;<a href=\"https:\/\/cnnespanol.cnn.com\/2022\/07\/16\/988-linea-nacional-de-prevencion-del-suicidio-lanza-nuevo-numero-de-3-digitos\/\" target=\"_blank\" rel=\"noreferrer noopener\">ahora solo se necesitan tres d\u00edgitos: 988<\/a>. El c\u00f3digo de marcaci\u00f3n para comunicarse con la l\u00ednea de vida era 1-800-273-TALK, n\u00famero que permanecer\u00e1 operativo durante la expansi\u00f3n actual a 988. Tambi\u00e9n se pueden enviar mensajes de texto al n\u00famero de tres d\u00edgitos.<\/p>\n\n\n\n<ul class=\"wp-block-list\">\n<li><strong><a href=\"https:\/\/cnnespanol.cnn.com\/2022\/07\/14\/personas-suicidio-signos-trax\/\">Las personas que est\u00e1n contemplando el suicidio podr\u00edan mostrar algunos signos tempranos. Estas son las se\u00f1ales de alerta<\/a><\/strong><\/li>\n<\/ul>\n\n\n\n<p class=\"wp-block-paragraph\">Hay formas en que cada uno de nosotros puede ayudar a prevenir el suicidio. Aqu\u00ed te mostramos c\u00f3mo hacer tu parte.<\/p>\n\n\n\n<h2 class=\"wp-block-heading\">Reconocer las se\u00f1ales de angustia<\/h2>\n\n\n\n<p class=\"wp-block-paragraph\">Hay muchos factores de riesgo que pueden llevar a un aumento en los pensamientos sobre quitarse la vida. Es importante reconocer esto en ti mismo o en un ser querido, dicen los expertos, porque muchas personas no hablan de sus pensamientos suicidas con anticipaci\u00f3n.<\/p>\n\n\n\n<p class=\"wp-block-paragraph\"><strong>\u00bfHay antecedentes?<\/strong>&nbsp;Las personas que tienen un trastorno del estado de \u00e1nimo, ansiedad, consumo de alcohol u otras sustancias, una enfermedad f\u00edsica importante o un historial de trauma, abuso o suicidio en su familia tienen un mayor riesgo, seg\u00fan los&nbsp;<a href=\"https:\/\/www.cdc.gov\/suicide\/factors\/index.html\">CDC<\/a>.<\/p>\n\n\n\n<p class=\"wp-block-paragraph\"><strong>\u00bfHubo una p\u00e9rdida?<\/strong>&nbsp;Una muerte en la familia, la p\u00e9rdida de un trabajo o la p\u00e9rdida de una relaci\u00f3n es un factor de riesgo de comportamiento suicida, especialmente si se sienten aislados o solos sin apoyo social, dice la&nbsp;<a href=\"https:\/\/afsp.org\/risk-factors-protective-factors-and-warning-signs\/\">Fundaci\u00f3n Estadounidense para la Prevenci\u00f3n del Suicidio.<\/a><\/p>\n\n\n\n<p class=\"wp-block-paragraph\">La angustia econ\u00f3mica es una realidad que enfrentan millones de personas que est\u00e1n sin trabajo en este momento debido a la p\u00e9rdida de trabajo, el aislamiento social o la cuarentena relacionados con el covid-19.<\/p>\n\n\n\n<p class=\"wp-block-paragraph\"><strong>\u00bfExiste un sistema de creencias que honre el sacrificio personal?<\/strong>&nbsp;Las personas con actitudes religiosas o culturales que ven el suicidio como una resoluci\u00f3n noble de un dilema personal corren un mayor riesgo, seg\u00fan&nbsp;<a href=\"https:\/\/suicidepreventionlifeline.org\/how-we-can-all-prevent-suicide\/\">Suicide Prevention Lifeline.<\/a><\/p>\n\n\n\n<p class=\"wp-block-paragraph\"><strong>\u00bfPueden conseguir un arma?<\/strong>&nbsp;<a href=\"https:\/\/www.sprc.org\/scope\/means-suicide\">Investigaciones<\/a>&nbsp;han demostrado que el f\u00e1cil acceso a las armas de fuego tambi\u00e9n es un factor de riesgo clave.<\/p>\n\n\n\n<ul class=\"wp-block-list\">\n<li><strong><a href=\"https:\/\/cnnespanol.cnn.com\/2021\/09\/02\/texas-porte-armas-publico-sin-permiso-capacitacion-policia-trax\/\">En Texas ahora se pueden portar armas abiertamente en p\u00fablico sin un permiso o capacitaci\u00f3n. La polic\u00eda dice que la nueva ley les dificulta su trabajo<\/a><\/strong><\/li>\n<\/ul>\n\n\n\n<p class=\"wp-block-paragraph\"><strong>\u00bfSobrevivi\u00f3 la persona a un intento de suicidio?<\/strong>&nbsp;Cualquier intento de suicidio previo es el factor de riesgo m\u00e1s importante, seg\u00fan la OMS. Pero tambi\u00e9n hay un extra\u00f1o fen\u00f3meno de \"imitaci\u00f3n\" en el que los suicidios aumentan despu\u00e9s de una serie de suicidios locales o las muertes de celebridades famosas se informan en los medios de comunicaci\u00f3n. Por ejemplo, las muertes por suicidio aumentaron en&nbsp;<a href=\"https:\/\/journals.plos.org\/plosone\/article?id=10.1371\/journal.pone.0191405\">un 10% en EE.UU.<\/a>&nbsp;despu\u00e9s de que el comediante Robin Williams termin\u00f3 con su vida en 2014.<\/p>\n\n\n\n<h2 class=\"wp-block-heading\">Busca en las acciones<\/h2>\n\n\n\n<p class=\"wp-block-paragraph\">Una vez m\u00e1s, no todos dar\u00e1n a sus amigos y seres queridos pistas verbales sobre sus pensamientos suicidas. Por eso es importante tener en cuenta tanto las acciones como las palabras para reconocer las se\u00f1ales de advertencia.<\/p>\n\n\n\n<p class=\"wp-block-paragraph\">De acuerdo con el&nbsp;<a href=\"https:\/\/www.nimh.nih.gov\/health\/publications\/suicide-faq\">Instituto Nacional de Salud Mental<\/a>, ten cuidado si tu ser querido:<\/p>\n\n\n\n<ul class=\"wp-block-list\">\n<li>Aumenta su uso de alcohol o drogas o comienza a comportarse de manera imprudente, como conducir en estado de ebriedad o sin el cintur\u00f3n de seguridad.<\/li>\n\n\n\n<li>Tiene cambios de \u00e1nimo extremos, desde la euforia hasta depresi\u00f3n profunda o parece agitado, expresa rabia o habla de buscar venganza.<\/li>\n\n\n\n<li>Duerme demasiado o muy poco o se retrae o se a\u00edsla de los dem\u00e1s.<\/li>\n\n\n\n<li>Parece tener un dolor psicol\u00f3gico insoportable o habla de no tener esperanzas o de ser una carga para sus amigos o familiares, o habla de sentirse atrapado o no tener motivos para vivir.<\/li>\n\n\n\n<li>Comienza a buscar en l\u00ednea formas de suicidarse, como comprar un arma o obtener prescripciones m\u00e9dicas.<\/li>\n\n\n\n<li>Comienza a regalar posesiones preciadas o hace visitas o llamadas para despedirse.<\/li>\n<\/ul>\n\n\n\n<p class=\"wp-block-paragraph\">Aseg\u00farate de controlar regularmente a tus seres queridos.<\/p>\n\n\n\n<ul class=\"wp-block-list\">\n<li><strong><a href=\"https:\/\/cnnespanol.cnn.com\/2021\/08\/17\/escuchar-seres-queridos-resiliencia-cognitiva-salud-cerebral-trax\/\">Escuchar mejor a tus seres queridos podr\u00eda proteger su salud cerebral, encuentra un estudio<\/a><\/strong><\/li>\n<\/ul>\n\n\n\n<p class=\"wp-block-paragraph\">Durante la pandemia, las familias y los amigos est\u00e1n m\u00e1s aislados y solos y muchas se\u00f1ales de advertencia pueden ser dif\u00edciles de reconocer.<\/p>\n\n\n\n<p class=\"wp-block-paragraph\">Escucha con atenci\u00f3n cuando les hables sobre tus preocupaciones y observa c\u00f3mo se expresan.<\/p>\n\n\n\n<h2 class=\"wp-block-heading\">Si tienes pensamientos suicidas<\/h2>\n\n\n\n<p class=\"wp-block-paragraph\"><strong><em>Mira aqu\u00ed las&nbsp;<a href=\"https:\/\/cnnespanol.cnn.com\/2021\/01\/13\/depresion-donde-buscar-ayuda-argentina-mexico-colombia-peru-espana-ecuador\/\">l\u00edneas de atenci\u00f3n y prevenci\u00f3n del suicidio en Am\u00e9rica Latina, Estados Unidos y Espa\u00f1a<\/a>.<\/em><\/strong><\/p>\n\n\n\n<p class=\"wp-block-paragraph\">Si vives en EE. UU. y tienes pensamientos suicidas, llama a la&nbsp;<a href=\"https:\/\/suicidepreventionlifeline.org\/\">National Suicide Prevention Lifeline<\/a>. Para aumentar el acceso a la l\u00ednea de vida, cada estado ha implementado 988 como su nuevo n\u00famero de tel\u00e9fono. El n\u00famero anterior, 800-273-8255 (TALK), permanece disponible para personas con angustia emocional o crisis suicida, seg\u00fan la Administraci\u00f3n de Servicios de Salud Mental y Abuso de Sustancias.<\/p>\n\n\n\n<p class=\"wp-block-paragraph\"><a href=\"https:\/\/www.thetrevorproject.org\/get-help-now\/\">TrevorLifeline<\/a>, un servicio de consejer\u00eda para la prevenci\u00f3n del suicidio para la comunidad LGBTQ, puede ser contactado al 866-488-7386.<\/p>\n\n\n\n<p class=\"wp-block-paragraph\"><a href=\"https:\/\/help.befrienders.org\/\">Befrienders Worldwide<\/a>&nbsp;conecta a los usuarios con el centro de apoyo emocional m\u00e1s cercano para la parte del mundo en la que viven.<\/p>\n\n\n\n<p class=\"wp-block-paragraph\"><a href=\"https:\/\/www.crisistextline.org\/text-us\/\">Crisis Text Line<\/a>, que Biden mencion\u00f3, es un servicio internacional que brinda un asesor de crisis capacitado en vivo a trav\u00e9s de un simple mensaje de texto para pedir ayuda. Las primeras respuestas se automatizar\u00e1n hasta que tengan un consejero en la l\u00ednea, lo que generalmente toma menos de cinco minutos.<\/p>\n\n\n\n<p class=\"wp-block-paragraph\">Si te encuentras en EE. UU. o Canad\u00e1, env\u00eda un mensaje de texto al 741741. Si est\u00e1s en el Reino Unido, env\u00eda un mensaje de texto al 85258 y aquellos en Irlanda pueden enviar un mensaje de texto al 50808. El Servicio Nacional de Salud tambi\u00e9n enumera una variedad de recursos en su&nbsp;<a href=\"https:\/\/www.nhs.uk\/mental-health\/feelings-symptoms-behaviours\/behaviours\/help-for-suicidal-thoughts\/\">sitio web.<\/a><\/p>\n\n\n\n<p class=\"wp-block-paragraph\"><em>Mallory Simon y Jacqueline Howard de CNN contribuyeron a este informe.<\/em><\/p>\n\n\n\n<p class=\"wp-block-paragraph\"><em>Nota del editor: este art\u00edculo fue publicado originalmente el 9 de septiembre de 2021, para conmemorar el D\u00eda Mundial de la Prevenci\u00f3n del Suicidio.<\/em><\/p>\n\n\n\n<p class=\"wp-block-paragraph\">Fuente: <a href=\"https:\/\/cnnespanol.cnn.com\/2023\/09\/10\/dia-mundial-prevencion-del-suicidio-como-ayudar-trax\/\" target=\"_blank\" rel=\"noreferrer noopener\">CNN en espa\u00f1ol<\/a> <\/p>\n","protected":false},"excerpt":{"rendered":"<p>El 988 recibe m\u00e1s de 300.000 llamadas al mes pidiendo ayuda y asesor\u00eda&nbsp;1:28 (CNN) &#8212;&nbsp;M\u00e1s de 700.000 personas mueren por suicidio cada a\u00f1o, seg\u00fan la&nbsp;Organizaci\u00f3n Mundial de la Salud. En otras palabras: cada 40 segundos, alguien en el mundo se quita la vida. Esa es una estad\u00edstica aleccionadora para reflexionar hoy, en el D\u00eda Mundial [&hellip;]<\/p>\n","protected":false},"author":1,"featured_media":1195,"comment_status":"open","ping_status":"open","sticky":false,"template":"","format":"standard","meta":{"_crdt_document":"","footnotes":""},"categories":[30],"tags":[],"class_list":["post-1194","post","type-post","status-publish","format-standard","has-post-thumbnail","hentry","category-noticias"],"_links":{"self":[{"href":"https:\/\/fundinah.org\/index.php\/wp-json\/wp\/v2\/posts\/1194","targetHints":{"allow":["GET"]}}],"collection":[{"href":"https:\/\/fundinah.org\/index.php\/wp-json\/wp\/v2\/posts"}],"about":[{"href":"https:\/\/fundinah.org\/index.php\/wp-json\/wp\/v2\/types\/post"}],"author":[{"embeddable":true,"href":"https:\/\/fundinah.org\/index.php\/wp-json\/wp\/v2\/users\/1"}],"replies":[{"embeddable":true,"href":"https:\/\/fundinah.org\/index.php\/wp-json\/wp\/v2\/comments?post=1194"}],"version-history":[{"count":1,"href":"https:\/\/fundinah.org\/index.php\/wp-json\/wp\/v2\/posts\/1194\/revisions"}],"predecessor-version":[{"id":1196,"href":"https:\/\/fundinah.org\/index.php\/wp-json\/wp\/v2\/posts\/1194\/revisions\/1196"}],"wp:featuredmedia":[{"embeddable":true,"href":"https:\/\/fundinah.org\/index.php\/wp-json\/wp\/v2\/media\/1195"}],"wp:attachment":[{"href":"https:\/\/fundinah.org\/index.php\/wp-json\/wp\/v2\/media?parent=1194"}],"wp:term":[{"taxonomy":"category","embeddable":true,"href":"https:\/\/fundinah.org\/index.php\/wp-json\/wp\/v2\/categories?post=1194"},{"taxonomy":"post_tag","embeddable":true,"href":"https:\/\/fundinah.org\/index.php\/wp-json\/wp\/v2\/tags?post=1194"}],"curies":[{"name":"wp","href":"https:\/\/api.w.org\/{rel}","templated":true}]}}