{"id":1183,"date":"2023-09-26T11:07:12","date_gmt":"2023-09-26T15:07:12","guid":{"rendered":"https:\/\/fundinah.org\/?p=1183"},"modified":"2023-09-26T11:07:13","modified_gmt":"2023-09-26T15:07:13","slug":"los-rasgos-caracteristicos-de-la-personalidad-depresiva-debemos-tratarla","status":"publish","type":"post","link":"https:\/\/fundinah.org\/index.php\/2023\/09\/26\/los-rasgos-caracteristicos-de-la-personalidad-depresiva-debemos-tratarla\/","title":{"rendered":"Los rasgos caracter\u00edsticos de la personalidad depresiva: \u00bfdebemos tratarla?"},"content":{"rendered":"\n<h4 class=\"wp-block-heading\">Son personas calificadas de negativas y aguafiestas, incapaces de disfrutar. Es un error creer que se trata de una depresi\u00f3n, y hacerles ver que su forma de ser es enfermiza y perjudicial es el primer paso hacia pautas de conducta sanas.<\/h4>\n\n\n\n<p class=\"wp-block-paragraph\">La&nbsp;<a href=\"https:\/\/www.elconfidencial.com\/tags\/otros\/depresion-6208\/\">personalidad depresiva<\/a>&nbsp;es aquella forma de ser centrada en una<strong>&nbsp;visi\u00f3n pesimista de s\u00ed misma y del entorno<\/strong>, con una tendencia a sentir displacer ante cualquier acontecimiento de la vida y cuyo \u00e1nimo est\u00e1 habitado generalmente por una mezcla de pesimismo, tristeza, aburrimiento y apat\u00eda.<\/p>\n\n\n\n<p class=\"wp-block-paragraph\">Su conducta se solapa a veces con otras manifestaciones, pero en la mayor\u00eda de las ocasiones su estilo es patente, claro, di\u00e1fano; es lo que la gente llama una&nbsp;<strong>persona negativa<\/strong>. Suele&nbsp;<a href=\"https:\/\/www.elconfidencial.com\/television\/programas-tv\/2023-02-05\/pablo-motos-hormiguero-psicologos-psiquiatria-cerebro-criticas_3570272\/\">reducir su vida exterior<\/a>&nbsp;y sus intereses, y en ella van creciendo la preocupaci\u00f3n y las rumiaciones internas. Se centran en s\u00ed mismos, lo que les lleva a tener pocas amistades.<\/p>\n\n\n\n<p class=\"wp-block-paragraph\">En tanto que patr\u00f3n de conducta<a href=\"https:\/\/www.elconfidencial.com\/juridico\/2022-07-03\/pueden-despedirte-baja-depresion-supremo-limites_3454015\/\">\u00a0fuertemente arraigado<\/a>, la personalidad depresiva suele caracterizarse por una forma de percibir, sentir, pensar y comportarse\u00a0<strong>melanc\u00f3lica<\/strong>.<\/p>\n\n\n\n<p class=\"wp-block-paragraph\">La percepci\u00f3n es la captaci\u00f3n de la realidad en su complejidad. Aunque todos los sentidos tienen tambi\u00e9n mucha importancia, la vista adquiere protagonismo, puesto que&nbsp;<strong>el mundo entra por los ojos<\/strong>. Son muy diversas las leyes que regulan este proceso. Mientras que para el conductismo todo depende de la relaci\u00f3n est\u00edmulo-respuesta, para la&nbsp;<strong>psicolog\u00eda cognitiva&nbsp;<\/strong>la cuesti\u00f3n es diferente: nuestra mente recibe del exterior una serie de datos, informaci\u00f3n que a continuaci\u00f3n se procesa y ordena; m\u00e1s tarde se elaboran conceptos e interpretaciones de la realidad.<\/p>\n\n\n\n<p class=\"wp-block-paragraph\">Seg\u00fan este esquema, la&nbsp;<strong>personalidad depresiva es negativista<\/strong>, con tendencia a oponerse a los criterios de los dem\u00e1s (oposicionismo indirecto); atiende m\u00e1s a lo malo que a lo bueno, como si su mirada psicol\u00f3gica estuviera selectivamente inclinada a lo negativo, algo que va fijando en estos sujetos un fondo<strong>&nbsp;c\u00e1ustico, despectivo, distante, fr\u00edo, como sin alma<\/strong>.<\/p>\n\n\n\n<h2 class=\"wp-block-heading\">Lo negativo siempre por delante<\/h2>\n\n\n\n<p class=\"wp-block-paragraph\">Desde un punto de vista sentimental, la personalidad depresiva se muestra<strong>\u00a0melanc\u00f3lica<\/strong>, con falta de ilusiones. La<strong>\u00a0ilusi\u00f3n es el envoltorio de la felicidad<\/strong>, el tir\u00f3n que empuja la vida hacia delante, y aparece quebrado en este tipo de personalidad. El descontento y la desilusi\u00f3n son, pues, una constante; incluso contagian a los dem\u00e1s su desmoralizaci\u00f3n, se trate del tema que se trate. Por eso la gente huye de estos sujetos, a los que tachan de\u00a0<strong>aguafiestas<\/strong>.<\/p>\n\n\n\n<p class=\"wp-block-paragraph\">Respecto a su<strong>&nbsp;forma de pensar<\/strong>, son incapaces de embarcarse en ninguna empresa, ya que a priori piensan que todo saldr\u00e1 mal; prefieren la<strong>&nbsp;pasividad<\/strong>, el no hacer nada. Su&nbsp;<strong>afectividad l\u00e1nguida y derrotista<\/strong>&nbsp;les lleva a adelantarse en negativo, por lo que suelen abstenerse y participar poco. Ejercen un fuerte autocontrol y han aprendido a quedarse al margen: no dicen nada, expresan lo justo y muestran un escaso inter\u00e9s por lo que sucede a su alrededor.<\/p>\n\n\n\n<p class=\"wp-block-paragraph\">\"Son frecuentes los mon\u00f3logos interiores, generalmente autocr\u00edticos, lo que se llama pensamientos intrusivos negativos\"<\/p>\n\n\n\n<p class=\"wp-block-paragraph\">Todo esto se amalgama en su interior dando lugar a una serie de vivencias subjetivas:&nbsp;<strong>bajo nivel de autoestima, cierto complejo de inferioridad, inseguridad<\/strong>, fijarse siempre en lo peor que en lo mejor, etc. Son frecuentes los mon\u00f3logos interiores, generalmente autocr\u00edticos, lo que se llama pensamientos intrusivos negativos.<\/p>\n\n\n\n<h2 class=\"wp-block-heading\">Personalidad o enfermedad<\/h2>\n\n\n\n<p class=\"wp-block-paragraph\">Es posible&nbsp;<strong>confundir este cuadro de la personalidad depresiva con una aut\u00e9ntica depresi\u00f3n<\/strong>. La diferencia debe establecerse en la<strong>&nbsp;temporalidad&nbsp;<\/strong>de los hechos: en el primer caso, los acontecimientos son como son desde que el sujeto tiene un comportamiento elaborado, o sea, desde casi siempre, es una forma de ser; en la depresi\u00f3n, sin embargo, todo sucede a partir de un momento concreto, y si el&nbsp;<a href=\"https:\/\/www.alimente.elconfidencial.com\/bienestar\/2022-11-08\/esketamina-depresion-resistente-tratamiento_3519063\/\">tratamiento es correcto<\/a>, ir\u00e1 desapareciendo en unas semanas para remitir totalmente.<\/p>\n\n\n\n<figure class=\"wp-block-image size-full is-resized\"><img fetchpriority=\"high\" decoding=\"async\" width=\"640\" height=\"360\" src=\"https:\/\/fundinah.org\/wp-content\/uploads\/2023\/09\/f.elconfidencial.com_original_6d9_8f6_08c_6d98f608c5a67ca2e59e018f74662385.jpg\" alt=\"\" class=\"wp-image-1185\" style=\"width:840px;height:auto\" srcset=\"https:\/\/fundinah.org\/wp-content\/uploads\/2023\/09\/f.elconfidencial.com_original_6d9_8f6_08c_6d98f608c5a67ca2e59e018f74662385.jpg 640w, https:\/\/fundinah.org\/wp-content\/uploads\/2023\/09\/f.elconfidencial.com_original_6d9_8f6_08c_6d98f608c5a67ca2e59e018f74662385-300x169.jpg 300w, https:\/\/fundinah.org\/wp-content\/uploads\/2023\/09\/f.elconfidencial.com_original_6d9_8f6_08c_6d98f608c5a67ca2e59e018f74662385-600x338.jpg 600w\" sizes=\"(max-width: 640px) 100vw, 640px\" \/><figcaption class=\"wp-element-caption\">La psicoterapia ayuda a elaborar pautas de conducta m\u00e1s positivas. (iStock)<\/figcaption><\/figure>\n\n\n\n<p class=\"wp-block-paragraph\">Por \u00faltimo, si nos referimos a la vertiente del comportamiento, uno de los s\u00edntomas externos m\u00e1s frecuentes de la conducta de la personalidad depresiva es la<strong>&nbsp;anhedonia: dificultad grave o incapacidad para sentir y para disfrutar<\/strong>; es la consecuencia de la visi\u00f3n esc\u00e9ptica de la vida, el derrotismo y la actitud seria ante la existencia. A ella se suma un<strong>&nbsp;cansancio exagerado<\/strong>, incluso anterior a cualquier esfuerzo.<\/p>\n\n\n\n<p class=\"wp-block-paragraph\">Hace a\u00f1os se inclu\u00eda esta personalidad en este grupo psicol\u00f3gico a los llamados neurast\u00e9nicos, quienes evitan abrirse a otras personas, no buscan recompensas, ya que existe un&nbsp;<strong>d\u00e9ficit intr\u00ednseco por falta de esperanza<\/strong>&nbsp;y valoran muy poco las propias posibilidades. A ello se suma la hipersensibilidad psicol\u00f3gica: sufren por todo en demas\u00eda y es f\u00e1cil que se sientan heridos por los dem\u00e1s; cualquier peque\u00f1o fallo se vive de forma dram\u00e1tica, sobre todo hacia el interior, ya que su capacidad de expresi\u00f3n hacia fuera es muy escasa. Tienen&nbsp;<strong>problemas para relacionarse<\/strong>&nbsp;ya desde peque\u00f1os.<\/p>\n\n\n\n<p class=\"wp-block-paragraph\">El error frecuente es pensar que se trata de una depresi\u00f3n. El primer paso es hacer ver al sujeto lo qu\u00e9 le pasa<\/p>\n\n\n\n<p class=\"wp-block-paragraph\">Hasta aqu\u00ed la sintomatolog\u00eda. En cuanto al<strong>&nbsp;tratamiento<\/strong>, el error frecuente es pensar que se trata de una depresi\u00f3n. El primer paso debe ser hacerle ver al sujeto lo que le pasa, para que tome conciencia de que su forma de ser y funcionar es enfermiza, inadecuada y perjudicial. Si no se logra esto, el resto tendr\u00e1 poco valor.<\/p>\n\n\n\n<p class=\"wp-block-paragraph\">La&nbsp;<strong>psicoterapia<\/strong>&nbsp;permite dise\u00f1ar pautas de conducta sanas para que estos sujetos vayan modificando y corrigiendo su patr\u00f3n extraviado.&nbsp;<strong>Se act\u00faa sobre los sentimientos<\/strong>, la forma de pensar y las manifestaciones de la conducta. El establecimiento de una&nbsp;<strong>relaci\u00f3n positiva entre el m\u00e9dico y el paciente<\/strong>&nbsp;es esencial; una alianza en la que la figura del terapeuta tenga la suficiente fuerza como para dise\u00f1ar nuevos esquemas mentales (<strong>pensar en positivo<\/strong>, no distorsionar la realidad, ser m\u00e1s l\u00f3gicos en la elaboraci\u00f3n de ideas y conceptos tanto personales como del entorno).<\/p>\n\n\n\n<p class=\"wp-block-paragraph\">No obstante, en muchos casos es preciso administrar<strong>\u00a0f\u00e1rmacos antidepresivos<\/strong>, ya que se combinan el trastorno de la personalidad y una depresi\u00f3n cl\u00ednica a\u00f1adida.<br><br><em>Fuente: <a href=\"https:\/\/www.alimente.elconfidencial.com\/bienestar\/2023-07-30\/personalidad-depresiva-caracteristicas-tratamiento_3709636\/\" target=\"_blank\" rel=\"noreferrer noopener\">Alimente el Confidencial<\/a><\/em><\/p>\n","protected":false},"excerpt":{"rendered":"<p>Son personas calificadas de negativas y aguafiestas, incapaces de disfrutar. Es un error creer que se trata de una depresi\u00f3n, y hacerles ver que su forma de ser es enfermiza y perjudicial es el primer paso hacia pautas de conducta sanas. La&nbsp;personalidad depresiva&nbsp;es aquella forma de ser centrada en una&nbsp;visi\u00f3n pesimista de s\u00ed misma y [&hellip;]<\/p>\n","protected":false},"author":1,"featured_media":1184,"comment_status":"open","ping_status":"open","sticky":false,"template":"","format":"standard","meta":{"_crdt_document":"","footnotes":""},"categories":[30],"tags":[],"class_list":["post-1183","post","type-post","status-publish","format-standard","has-post-thumbnail","hentry","category-noticias"],"_links":{"self":[{"href":"https:\/\/fundinah.org\/index.php\/wp-json\/wp\/v2\/posts\/1183","targetHints":{"allow":["GET"]}}],"collection":[{"href":"https:\/\/fundinah.org\/index.php\/wp-json\/wp\/v2\/posts"}],"about":[{"href":"https:\/\/fundinah.org\/index.php\/wp-json\/wp\/v2\/types\/post"}],"author":[{"embeddable":true,"href":"https:\/\/fundinah.org\/index.php\/wp-json\/wp\/v2\/users\/1"}],"replies":[{"embeddable":true,"href":"https:\/\/fundinah.org\/index.php\/wp-json\/wp\/v2\/comments?post=1183"}],"version-history":[{"count":1,"href":"https:\/\/fundinah.org\/index.php\/wp-json\/wp\/v2\/posts\/1183\/revisions"}],"predecessor-version":[{"id":1186,"href":"https:\/\/fundinah.org\/index.php\/wp-json\/wp\/v2\/posts\/1183\/revisions\/1186"}],"wp:featuredmedia":[{"embeddable":true,"href":"https:\/\/fundinah.org\/index.php\/wp-json\/wp\/v2\/media\/1184"}],"wp:attachment":[{"href":"https:\/\/fundinah.org\/index.php\/wp-json\/wp\/v2\/media?parent=1183"}],"wp:term":[{"taxonomy":"category","embeddable":true,"href":"https:\/\/fundinah.org\/index.php\/wp-json\/wp\/v2\/categories?post=1183"},{"taxonomy":"post_tag","embeddable":true,"href":"https:\/\/fundinah.org\/index.php\/wp-json\/wp\/v2\/tags?post=1183"}],"curies":[{"name":"wp","href":"https:\/\/api.w.org\/{rel}","templated":true}]}}