{"id":1167,"date":"2023-09-05T12:11:49","date_gmt":"2023-09-05T16:11:49","guid":{"rendered":"https:\/\/fundinah.org\/?p=1167"},"modified":"2023-09-05T12:13:04","modified_gmt":"2023-09-05T16:13:04","slug":"los-ninos-con-tdah-no-son-problematicos-son-ninos-con-problemas-estigma-y-discriminacion-de-esta-condicion","status":"publish","type":"post","link":"https:\/\/fundinah.org\/index.php\/2023\/09\/05\/los-ninos-con-tdah-no-son-problematicos-son-ninos-con-problemas-estigma-y-discriminacion-de-esta-condicion\/","title":{"rendered":"\u201cLos ni\u00f1os con TDAH no son problem\u00e1ticos, son ni\u00f1os con problemas\u201d: Estigma y discriminaci\u00f3n de esta condici\u00f3n"},"content":{"rendered":"\n<h2 class=\"wp-block-heading\">No se trata de una enfermedad, sino de una serie de signos y s\u00edntomas que presenta una persona. Es prioritario un diagn\u00f3stico precoz para una atenci\u00f3n oportuna. La discriminaci\u00f3n, el estigma y el desconocimiento terminan siendo m\u00e1s da\u00f1inos que la propia condici\u00f3n<\/h2>\n\n\n\n<ul class=\"wp-block-list\">\n<li><a href=\"https:\/\/elcomercio.pe\/lima\/la-ley-exige-que-haya-un-psicologo-por-colegio-pero-solo-hay-2291-para-82-mil-instituciones-publicas-informe-educacion-escolares-minedu-salud-mental-noticia\/\"><strong>La ley exige que haya un psic\u00f3logo por colegio, pero solo hay 2.291 para 82 mil instituciones p\u00fablicas | INFORME<\/strong><\/a><\/li>\n\n\n\n<li><a href=\"https:\/\/elcomercio.pe\/tecnologia\/ciencias\/el-costo-del-trabajo-remoto-en-la-salud-mental-7-de-cada-10-peruanos-sufre-de-estres-burnout-nndc-noticia\/\"><strong>El costo del trabajo remoto en la salud mental: 7 de cada 10 peruanos sufren de estr\u00e9s laboral<\/strong><\/a><\/li>\n<\/ul>\n\n\n\n<p class=\"wp-block-paragraph\"><a href=\"mailto:martin.acosta@comercio.com.pe\"><\/a>Por: <a href=\"https:\/\/elcomercio.pe\/autor\/martin-acosta-gonzalez\/\"><strong>Mart\u00edn Acosta Gonz\u00e1lez<\/strong><\/a><\/p>\n\n\n\n<p class=\"wp-block-paragraph\"><strong>31\/08\/2023 19H57<\/strong><\/p>\n\n\n\n<p class=\"wp-block-paragraph\"><strong>En setiembre de 2019, meses antes de que la pandemia hiciera su incursi\u00f3n, Ra\u00fal hab\u00eda recibido un informe escolar por parte de los profesores de su hijo de 6 a\u00f1os. En el documento, el tutor detallaba una serie de comportamientos que el menor ten\u00eda en clase: \u201c<\/strong><em><strong>No presta atenci\u00f3n en el aula, se distrae con facilidad, es hiperactivo e impulsivo. Conversar con \u00e9l para evitar problemas de conducta<\/strong><\/em><strong>\u201d. Faltaban pocos meses para culminar el primer a\u00f1o escolar de su hijo y en aquella ocasi\u00f3n, Ra\u00fal y Rosa, su esposa -por ese entonces embarazada-, encararon la situaci\u00f3n como un problema conductual.<\/strong><\/p>\n\n\n\n<p class=\"wp-block-paragraph\">El a\u00f1o termin\u00f3 y con la llegada del confinamiento y las clases virtuales, el parvo contacto del menor con otros ni\u00f1os disimularon su condici\u00f3n. Pasaron tres a\u00f1os y el retorno a las aulas dej\u00f3 en evidencia los signos ya advertidos. En la familia, buscaron explicaciones a una situaci\u00f3n que parec\u00eda agravarse cada d\u00eda m\u00e1s. \u201c<em>Pens\u00e1bamos que intentaba llamar la atenci\u00f3n, que eran celos por su hermana, que era flojo o engre\u00eddo<\/em>\u201d, cuenta Rosa a&nbsp;<strong>El Comercio<\/strong>. Hoy su hijo, luego de muchas pruebas, tiene un diagn\u00f3stico: Trastorno por D\u00e9ficit de Atenci\u00f3n e Hiperactividad (<a href=\"https:\/\/elcomercio.pe\/noticias\/tdah\/\" target=\"_blank\" rel=\"noreferrer noopener\">TDAH<\/a>).<\/p>\n\n\n\n<p class=\"wp-block-paragraph\"><strong>TDAH<\/strong><\/p>\n\n\n\n<p class=\"wp-block-paragraph\"><strong>Seg\u00fan una encuesta de Unicef<\/strong><\/p>\n\n\n\n<p class=\"wp-block-paragraph\"><strong>afecta entre el 5 % y el 10 %&nbsp;<\/strong>de la poblaci\u00f3n infantil y adolescente peruana<\/p>\n\n\n\n<p class=\"wp-block-paragraph\">\u201c<em>Antes de tener el diagn\u00f3stico, los profesores y la gente de nuestro entorno nos dijo muchas cosas: \u2018no saben educarlo\u2019, \u2018deben castigarlo\u2019, \u2018no son los suficientemente severos\u2019<\/em>\u201d, cuenta Ra\u00fal. Durante esos a\u00f1os previo a su diagn\u00f3stico, ya lo hab\u00edan castigado de muchas maneras, nada hab\u00eda dado resultado.<\/p>\n\n\n\n<p class=\"wp-block-paragraph\">Luisanet Delgado, psic\u00f3loga del Centro de Salud Mental Comunitaria (CSMC), explic\u00f3 que el TDAH es considerado un trastorno del neurodesarrollo que se caracteriza por la inatenci\u00f3n, la hiperactividad y la impulsividad. Se trata de un conjunto de signos y s\u00edntomas que presenta una persona que est\u00e1 pasando por alg\u00fan problema o dificultad en su desarrollo. En el caso de Ni\u00f1as, Ni\u00f1os y Adolescentes (NNA) es en lo acad\u00e9mico y lo social, incluso en lo familiar.<\/p>\n\n\n\n<p class=\"wp-block-paragraph\"><strong>Ministerio de Salud (Minsa)<\/strong><\/p>\n\n\n\n<p class=\"wp-block-paragraph\"><strong>Entre enero y junio del 2013<\/strong><\/p>\n\n\n\n<p class=\"wp-block-paragraph\"><strong>Atendi\u00f3 18.531&nbsp;<\/strong>casos por trastorno por d\u00e9ficit de atenci\u00f3n e hiperactividad (TDAH), registr\u00e1ndose mayor incidencia en ni\u00f1as y ni\u00f1os de seis a ocho a\u00f1os.<\/p>\n\n\n\n<p class=\"wp-block-paragraph\">Por ello, la especialista se\u00f1al\u00f3 que el TDAH \u201c<em>no es una enfermedad<\/em>\u201d, sino de un conjunto de caracter\u00edsticas que de alguna manera se presentan en ciertos ni\u00f1os, ni\u00f1as y adolescentes, y tambi\u00e9n en adultos, porque se mantiene a lo largo de la vida, pero con un tratamiento adecuado la persona puede realizar sus actividades de manera regular.<\/p>\n\n\n\n<p class=\"wp-block-paragraph\">\u201c<em>El principal problema problema que enfrentan los ni\u00f1os con TDAH es el desconocimiento. No solo por parte de los padres que llegan muchas veces tarde a identificar estos signos de alerta en el comportamiento, sino fundamentalmente en los profesores que deben ser los primeros en advertir este tipo de s\u00edntomas en el entorno educativo junto a otros ni\u00f1os<\/em>\u201d, se\u00f1ala Miguel Vallejos Flores, decano del Colegio de Psic\u00f3logos del Per\u00fa (CPP).<\/p>\n\n\n\n<blockquote class=\"wp-block-quote is-layout-flow wp-block-quote-is-layout-flow\">\n<p class=\"wp-block-paragraph\">\"Tener un psic\u00f3logo en los colegios permite identificar a tiempo estos signos y empezar el tratamiento y la atenci\u00f3n especializada de manera pronta\"<\/p>\n\n\n\n<p class=\"wp-block-paragraph\">Miguel Vallejos Flores.&nbsp;Decano del Colegio de Psic\u00f3logos del Per\u00fa (CPP).<\/p>\n<\/blockquote>\n\n\n\n<p class=\"wp-block-paragraph\">Vallejo resalta por ello, la necesidad de contar con un psic\u00f3logo dentro de las instituciones educativas. \u201c<em>Tener un profesional de este tipo permite identificar a tiempo estos signos y empezar el tratamiento y la atenci\u00f3n especializada de manera pronta<\/em>\u201d, dijo a&nbsp;<strong>El Comercio<\/strong>.&nbsp;<mark><strong>Mientras m\u00e1s joven, mejor.<\/strong><\/mark><\/p>\n\n\n\n<figure class=\"wp-block-image\"><img decoding=\"async\" src=\"https:\/\/elcomercio.pe\/resizer\/6NCt9coJYwz5oHlQJFO9WTamjRo=\/620x0\/smart\/filters:format(jpeg):quality(75)\/cloudfront-us-east-1.images.arcpublishing.com\/elcomercio\/R2BSXFOMNBAQTELXL5VKD2LSRU.jpg\" alt=\"\"\/><\/figure>\n\n\n\n<h2 class=\"wp-block-heading\">Estigma y discriminaci\u00f3n<\/h2>\n\n\n\n<p class=\"wp-block-paragraph\">Como casi todos los problemas de salud mental, el estigma y la discriminaci\u00f3n a las personas que los padecen terminan siendo m\u00e1s da\u00f1inas que la propia condici\u00f3n. \u201c<em>La sociedad es cruel e ignorante<\/em>\u201d, se\u00f1ala Carlos, un joven que con TDAH, que a lo largo de sus 27 a\u00f1os, principalmente en su ni\u00f1ez y adolescencia, ha soportado comentarios que muchas veces lo hicieron sentir rechazado.<\/p>\n\n\n\n<p class=\"wp-block-paragraph\">\u201c<em>Las personas juzgan sin saber. Ignoran que las caracter\u00edsticas propias de esta condici\u00f3n. Los ni\u00f1os con TDAH no son ni\u00f1os problem\u00e1ticos, son ni\u00f1os con problemas. No pueden controlar por s\u00ed solos la hiperactividad, impulsividad o la distracci\u00f3n. Por ello, es indispensable un acompa\u00f1amiento especializado, de profesionales como psicoterapeutas y psic\u00f3logos, como de la familia. Es un todo\u201d, indica.<\/em><\/p>\n\n\n\n<p class=\"wp-block-paragraph\">Carlos se\u00f1ala que sin un entorno que proteja al ni\u00f1o, con profesores que sepan administrar las cargas acad\u00e9micas o compa\u00f1eros que conozcan la condici\u00f3n de un TDAH, es complicado que un ni\u00f1o pueda desarrollarse libre de estigmas.<em>&nbsp;\u201cHay palabras que lastiman, los chicos no saben muchas veces que su compa\u00f1ero tiene caracter\u00edsticas particulares, entonces lo rechazan, se burlan, lo marginan de los juegos\u201d, agrega.&nbsp;<\/em>En definitiva, dice, mellan su autoestima y lo hacen sentir inferior.<\/p>\n\n\n\n<p class=\"wp-block-paragraph\">Carlos fue diagnosticado a los siete a\u00f1os y el acompa\u00f1amiento que recibi\u00f3 a trav\u00e9s de los terapistas, los psic\u00f3logos e incluso medicaci\u00f3n le ha permitido llevar una vida normal, estudiar y trabajar. Su familia, apunta, fue fundamental en este recorrido. Hace tres a\u00f1os culmin\u00f3 la carrera de Marketing y trabaja para una agencia. \u201c<em>Llevo una vida como cualquier persona. Me tomo pausas para relajarme y trato de ordenarme. No llevo medicaci\u00f3n hace muchos a\u00f1os<\/em>\u201d, se\u00f1ala.<\/p>\n\n\n\n<p class=\"wp-block-paragraph\">La empat\u00eda, indica el psic\u00f3logo Ra\u00fal Contreras, es un valor imprescindible para relacionarnos con las personas, m\u00e1s a\u00fan si se trata de individuos con problemas de salud mental. El ni\u00f1o con TDAH es afectado por su entorno si es que no encuentra un ecosistema id\u00f3neo para su desarrollo. \u201c<em>En el imaginario popular est\u00e1 instalado que si un ni\u00f1o es inquieto o tiene bajas notas, es un mal alumno. Se le achaca eso a su poca disposici\u00f3n al estudio, a una mala crianza, a un d\u00e9ficit cognitivo o un problema de comprensi\u00f3n o aprendizaje. Esas construcciones sociales deben rechazarse y no se puede generalizar<\/em>\u201d, se\u00f1ala.<\/p>\n\n\n\n<p class=\"wp-block-paragraph\">Por la hiperactividad, impulsividad o la distracci\u00f3n, los TDAH est\u00e1n vinculados a estereotipos de incapacidad, incompetencia o violencia. Ello da lugar prejuicios, manifestaciones de naturaleza negativa como el rechazo o el miedo, todo muchas veces sin que exista genuinamente una justificaci\u00f3n. \u201c<em>En el extremo de esa escalada aparece la discriminaci\u00f3n. Se estigmatiza a las personas<\/em>\u201d, se\u00f1ala Contreras a este Diario.<\/p>\n\n\n\n<figure class=\"wp-block-image\"><img decoding=\"async\" src=\"https:\/\/elcomercio.pe\/resizer\/Og9Vb0AatWXS6mI-1u8_MRBrwlo=\/620x0\/smart\/filters:format(jpeg):quality(75)\/cloudfront-us-east-1.images.arcpublishing.com\/elcomercio\/6UUETR3XNRGKVF5KSTTH5MUH6U.jpg\" alt=\"\"\/><\/figure>\n\n\n\n<h2 class=\"wp-block-heading\">La importancia de los padres<\/h2>\n\n\n\n<p class=\"wp-block-paragraph\">El rol de los padres es sumamente importante en el acompa\u00f1amiento de un ni\u00f1o con TDAH. El tr\u00e1nsito de los padres desde los primeros s\u00edntomas hasta el diagn\u00f3stico suele ser duro y en algunos casos desesperante. \u201c<em>Mientras m\u00e1s tiempo demore en iniciar el tratamiento, ser\u00e1 m\u00e1s desgastante para un padre<\/em>\u201d, comenta Ra\u00fal.<\/p>\n\n\n\n<p class=\"wp-block-paragraph\">La afecci\u00f3n tambi\u00e9n alcanz\u00f3 a su esposa, Rosa. Ella present\u00f3 un cuadro depresivo. \u201c<em>No sab\u00eda que hacer, sent\u00eda que hab\u00edamos intentado todo. Luego, ya con el diagn\u00f3stico, todo se resume en tener paciencia. Mucha paciencia para el d\u00eda a d\u00eda. Un ni\u00f1o con TDAH necesita m\u00e1s supervisi\u00f3n, m\u00e1s atenci\u00f3n, para las tareas, por ejemplo<\/em>\u201d, cuenta.<\/p>\n\n\n\n<p class=\"wp-block-paragraph\">13 de julio<\/p>\n\n\n\n<p class=\"wp-block-paragraph\"><strong>\u2018D\u00eda Nacional de la Sensibilizaci\u00f3n del TDAH\u2019<\/strong><\/p>\n\n\n\n<p class=\"wp-block-paragraph\">Esta fecha fue establecida en 2019 por el&nbsp;<strong>Gobierno a trav\u00e9s de la Ley N\u00ba 30956,<\/strong>&nbsp;conocida como la \u201cLey de Protecci\u00f3n a las Personas con Trastorno por D\u00e9ficit de Atenci\u00f3n e Hiperactividad\u201d.<\/p>\n\n\n\n<p class=\"wp-block-paragraph\">\u201c<em>En los colegios requiere que la profesora est\u00e9 m\u00e1s pendiente de \u00e9l (su hijo). Al menos que lo tenga a la vista. Ubicarlo junto a ni\u00f1os menos inquietos para que no se distraiga. Darle pausas hasta que encuentre un ritmo<\/em>\u201d, agrega Rosa sobre su experiencia.<\/p>\n\n\n\n<figure class=\"wp-block-image\"><img decoding=\"async\" src=\"https:\/\/elcomercio.pe\/resizer\/vCQgTPaDhBG3rkB0T6ly3FpdCEY=\/620x0\/smart\/filters:format(jpeg):quality(75)\/cloudfront-us-east-1.images.arcpublishing.com\/elcomercio\/GMGKX5DUSJHGXE4ADD5RYPW2BU.jpg\" alt=\"\"\/><\/figure>\n\n\n\n<blockquote class=\"wp-block-quote is-layout-flow wp-block-quote-is-layout-flow\">\n<p class=\"wp-block-paragraph\">\u201cCon un tratamiento integral, el soporte familiar, la evaluaci\u00f3n del pediatra, del psiquiatra, si lo demanda el caso, y de un psic\u00f3logo con formaci\u00f3n psicoterap\u00e9utica en este tipo de casos, la persona podr\u00e1 desarrollarse de manera regular\"<\/p>\n\n\n\n<p class=\"wp-block-paragraph\">Luisanet Delgado.&nbsp;Psic\u00f3loga de la Unidad de ni\u00f1as, ni\u00f1os y adolescentes del Centro de Salud Mental Comunitaria (CSMC) San Borja<\/p>\n<\/blockquote>\n\n\n\n<h2 class=\"wp-block-heading\">Signos y el origen<\/h2>\n\n\n\n<p class=\"wp-block-paragraph\">La doctora July Caballero, directora de Salud Mental del Ministerio de Salud (Minsa) y antes coordinadora de ni\u00f1ez y adolescencia de la Direcci\u00f3n de Salud Mental, se\u00f1al\u00f3 que \u201c<em>los ni\u00f1os con TDAH suelen tener dificultades para prestar atenci\u00f3n a los detalles, les cuesta mantener la atenci\u00f3n en las clases de manera prolongada, tienen problemas para organizar y concluir tareas, pierden cosas necesarias para las actividades de la vida diaria<\/em>\u201d.<\/p>\n\n\n\n<p class=\"wp-block-paragraph\">La especialista coincide en que un diagn\u00f3stico precoz es fundamental en estos casos. \u201c<em>Es importante identificar tempranamente todas estas se\u00f1ales, porque los ni\u00f1os y adolescentes que no reciben tratamiento pueden tener dificultades en su funcionamiento familiar, social y acad\u00e9mico, o tienen m\u00e1s riesgo de deserci\u00f3n escolar o presentar problemas de conducta<\/em>\u201d, dijo.<\/p>\n\n\n\n<p class=\"wp-block-paragraph\">La Organizaci\u00f3n Mundial de la Salud (OMS)<\/p>\n\n\n\n<p class=\"wp-block-paragraph\">estima que entre el 5 % y el 10 % de los ni\u00f1os en edad escolar presentan TDAH<\/p>\n\n\n\n<p class=\"wp-block-paragraph\">Se cree que el&nbsp;<strong>80%<\/strong>&nbsp;de estos casos tienen un origen gen\u00e9tico<\/p>\n\n\n\n<p class=\"wp-block-paragraph\">Caballero advierte que esta condici\u00f3n es multicausal, por lo que no se puede determinar que es por algo espec\u00edfico. Los factores hereditarios, los riesgos en el parto o la prematuridad podr\u00edan originarlo.<\/p>\n\n\n\n<p class=\"wp-block-paragraph\">\u201c<em>Hay algunas investigaciones que determinan que puede ser por el bajo peso al nacer, el consumo de tabaco, de sustancias psicoactivas durante el embarazo, mala alimentaci\u00f3n, exposici\u00f3n a t\u00f3xicos, pero esta condici\u00f3n es multicausal<\/em>\u201d, agrega la psic\u00f3loga Luisanet Delgado. Indic\u00f3 que esta condici\u00f3n se observa generalmente desde los cuatro a\u00f1os en donde los ni\u00f1os interact\u00faan con otros y se desarrollan en otros espacios sociales.<\/p>\n\n\n\n<p class=\"wp-block-paragraph\"><strong>Caracter\u00edsticas<\/strong><\/p>\n\n\n\n<p class=\"wp-block-paragraph\"><strong>Ni\u00f1os con TDAH<\/strong><\/p>\n\n\n\n<p class=\"wp-block-paragraph\"><strong>Les hace dif\u00edcil mantenerse atentos a una actividad<\/strong>, por eso cambian de una a otra acci\u00f3n, se les complica organizarse, seguir indicaciones porque no pueden sostener la atenci\u00f3n.<\/p>\n\n\n\n<p class=\"wp-block-paragraph\"><strong>A nivel de hiperactividad<\/strong>, son ni\u00f1os que paran corriendo, no miden el peligro por ello tienen conductas temerarias, no esperan turnos, interrumpen cuando un compa\u00f1ero interviene en clase, les es dif\u00edcil regular emociones lo cual puede ocasionar problemas con algunos compa\u00f1eros.<\/p>\n\n\n\n<p class=\"wp-block-paragraph\"><strong>Con frecuencia les cuesta permanecer sentados<\/strong>, juguetean con las manos o los pies como si estuviera intranquilos, realizan actividades intr\u00e9pidas, responden inesperadamente o interrumpen antes de que se haya concluido una pregunta.<\/p>\n\n\n\n<h2 class=\"wp-block-heading\">C\u00f3mo acceder a los centros de Salud Mental<\/h2>\n\n\n\n<p class=\"wp-block-paragraph\">&#8211; Para mayor orientaci\u00f3n en temas de salud mental puede llamar a la L\u00ednea gratuita 113, opci\u00f3n 5 o acercarse a cualquiera de los 249 centros de salud mental comunitaria a nivel nacional.<\/p>\n\n\n\n<p class=\"wp-block-paragraph\">&#8211; Estos cuentan con personal especializado en ni\u00f1as, ni\u00f1os y adolescentes. Puede conocer los CSMC m\u00e1s cercanos a su domicilio ingresando\u00a0<a href=\"https:\/\/www.gob.pe\/saludmental\/\"><strong>aqu\u00ed<\/strong><\/a>.<\/p>\n\n\n\n<p class=\"wp-block-paragraph\"><em>Fuente: <a href=\"https:\/\/elcomercio.pe\/lima\/tdah-no-son-ninos-problematicos-son-ninos-con-problemas-signos-estigma-y-discriminacion-de-esta-condicion-trastorno-por-deficit-de-atencion-e-hiperactividad-salud-mental-infantil-educacion-noticia\/\" target=\"_blank\" rel=\"noreferrer noopener\">El Comercio<\/a><\/em><\/p>\n","protected":false},"excerpt":{"rendered":"<p>No se trata de una enfermedad, sino de una serie de signos y s\u00edntomas que presenta una persona. Es prioritario un diagn\u00f3stico precoz para una atenci\u00f3n oportuna. La discriminaci\u00f3n, el estigma y el desconocimiento terminan siendo m\u00e1s da\u00f1inos que la propia condici\u00f3n Por: Mart\u00edn Acosta Gonz\u00e1lez 31\/08\/2023 19H57 En setiembre de 2019, meses antes de [&hellip;]<\/p>\n","protected":false},"author":1,"featured_media":1168,"comment_status":"open","ping_status":"open","sticky":false,"template":"","format":"standard","meta":{"_crdt_document":"","footnotes":""},"categories":[30],"tags":[],"class_list":["post-1167","post","type-post","status-publish","format-standard","has-post-thumbnail","hentry","category-noticias"],"_links":{"self":[{"href":"https:\/\/fundinah.org\/index.php\/wp-json\/wp\/v2\/posts\/1167","targetHints":{"allow":["GET"]}}],"collection":[{"href":"https:\/\/fundinah.org\/index.php\/wp-json\/wp\/v2\/posts"}],"about":[{"href":"https:\/\/fundinah.org\/index.php\/wp-json\/wp\/v2\/types\/post"}],"author":[{"embeddable":true,"href":"https:\/\/fundinah.org\/index.php\/wp-json\/wp\/v2\/users\/1"}],"replies":[{"embeddable":true,"href":"https:\/\/fundinah.org\/index.php\/wp-json\/wp\/v2\/comments?post=1167"}],"version-history":[{"count":1,"href":"https:\/\/fundinah.org\/index.php\/wp-json\/wp\/v2\/posts\/1167\/revisions"}],"predecessor-version":[{"id":1169,"href":"https:\/\/fundinah.org\/index.php\/wp-json\/wp\/v2\/posts\/1167\/revisions\/1169"}],"wp:featuredmedia":[{"embeddable":true,"href":"https:\/\/fundinah.org\/index.php\/wp-json\/wp\/v2\/media\/1168"}],"wp:attachment":[{"href":"https:\/\/fundinah.org\/index.php\/wp-json\/wp\/v2\/media?parent=1167"}],"wp:term":[{"taxonomy":"category","embeddable":true,"href":"https:\/\/fundinah.org\/index.php\/wp-json\/wp\/v2\/categories?post=1167"},{"taxonomy":"post_tag","embeddable":true,"href":"https:\/\/fundinah.org\/index.php\/wp-json\/wp\/v2\/tags?post=1167"}],"curies":[{"name":"wp","href":"https:\/\/api.w.org\/{rel}","templated":true}]}}