{"id":1120,"date":"2023-08-07T10:57:18","date_gmt":"2023-08-07T14:57:18","guid":{"rendered":"https:\/\/fundinah.org\/?p=1120"},"modified":"2023-08-07T10:57:19","modified_gmt":"2023-08-07T14:57:19","slug":"cuando-se-bebe-y-se-esta-depresivo-hay-que-tener-cuidado-con-un-sintoma-llamado-anhedonia","status":"publish","type":"post","link":"https:\/\/fundinah.org\/index.php\/2023\/08\/07\/cuando-se-bebe-y-se-esta-depresivo-hay-que-tener-cuidado-con-un-sintoma-llamado-anhedonia\/","title":{"rendered":"\u201cCuando se bebe y se est\u00e1 depresivo, hay que tener cuidado con un s\u00edntoma llamado anhedonia\u201d"},"content":{"rendered":"\n<h5 class=\"wp-block-heading\" id=\"que-es-la-hiperconcentracion-en-el-tdah\">Adri\u00e1n Neyra es psiquiatra del Programa de Patolog\u00eda Dual y Psicosis en el Hospital de Gran Canaria Doctor Negr\u00edn y profesor asociado en la Universidad de Las Palmas de Gran Canaria<\/h5>\n\n\n\n<p class=\"wp-block-paragraph\">Por<a href=\"https:\/\/www.infobae.com\/autor\/jose-carmona\">Jose Carmona<\/a><\/p>\n\n\n\n<p class=\"wp-block-paragraph\">La salud mental cada vez tiene menos miedo a ser mencionada en conversaciones p\u00fablicas y guarda un espacio importante dentro del autocuidado que las personas llevan a cabo. Las generaciones m\u00e1s j\u00f3venes no tienen reparos en reconocer la necesidad de ser tratados de cuestiones como estr\u00e9s o depresi\u00f3n.<\/p>\n\n\n\n<p class=\"wp-block-paragraph\"><em>Te puede interesar:<\/em><a rel=\"noreferrer noopener\" href=\"https:\/\/www.infobae.com\/espana\/2023\/08\/05\/la-escasez-de-agua-tiene-solucion-pero-no-sale-gratis-la-sequia-en-espana-o-morir-a-pellizcos\/\" target=\"_blank\">&nbsp;La escasez de agua tiene soluci\u00f3n, pero no sale gratis: la sequ\u00eda en Espa\u00f1a o morir a pellizcos<\/a><\/p>\n\n\n\n<p class=\"wp-block-paragraph\">Por su parte, Adri\u00e1n Neyra, psiquiatra del Programa de Patolog\u00eda Dual y Psicosis en el Hospital de Gran Canaria Doctor Negr\u00edn y profesor asociado en la Universidad de Las Palmas de Gran Canaria, es experto en el tratamiento de la depresi\u00f3n y el poder que tienen las adicciones en la salud mental. El alcohol, el tabaco y otras sustancias m\u00e1s duras como la coca\u00edna o el cannabis son potenciadores de ciertos problemas de salud mental. El psiquiatra atiende a&nbsp;<em>Infobae Espa\u00f1a<\/em>&nbsp;despu\u00e9s de su ponencia en el XXI Seminario de Lundbeck titulado<em>&nbsp;La depresi\u00f3n \u00bfnace o se hace?<\/em><\/p>\n\n\n\n<p class=\"wp-block-paragraph\"><strong>Pregunta: Dice que cuanto m\u00e1s se bebe, m\u00e1s s\u00edntomas de depresi\u00f3n aparecen.<\/strong><\/p>\n\n\n\n<p class=\"wp-block-paragraph\">Respuesta: S\u00ed, hay una relaci\u00f3n directamente proporcional. Cuanto m\u00e1s se bebe, m\u00e1s s\u00edntomas se pueden tener. Hay nueve s\u00edntomas de depresi\u00f3n y tienen una media de entre 8 y 9. Hay que tener cuidado porque las categor\u00edas de personas adictas graves van a tener depresiones m\u00e1s graves que les lleven a intentos de suicidio o cuestiones del estilo.<\/p>\n\n\n\n<p class=\"wp-block-paragraph\"><strong>P: \u00bfAlg\u00fan s\u00edntoma en particular?<\/strong><\/p>\n\n\n\n<p class=\"wp-block-paragraph\">R: Hay que tener cuidado, cuando se bebe y se est\u00e1 depresivo, con un s\u00edntoma llamado anhedonia. Es la ausencia de sensaci\u00f3n de placer. La depresi\u00f3n suele durar un tiempo, as\u00ed que eso puede durar algunos meses y puede llevar al suicidio, porque no se ve sentido a la vida, porque no se siente nada. Es un s\u00edntoma nuclear que aparece en muchos pacientes con problemas de alcohol.<\/p>\n\n\n\n<p class=\"wp-block-paragraph\"><strong>P: Apunta que el 50 por ciento de personas con intentos de suicidio estaban medicadas. Se puede ser bien pensado y pensar que como ten\u00edas s\u00edntomas previos, te han recetado algo, pero puede haber otra lectura de que no son efectivos.<\/strong><\/p>\n\n\n\n<p class=\"wp-block-paragraph\">R: Hablamos de que la mitad de personas que se han intentado suicidar en Espa\u00f1a ten\u00edan recetados hipnosedantes, que no son tratamientos para la depresi\u00f3n, sino tratamientos para la ansiedad. Quiz\u00e1 reciban m\u00e1s de lo que necesitan, pero tambi\u00e9n puede ser eso, que sean pacientes m\u00e1s graves que necesitan otro tipo de tratamientos.<\/p>\n\n\n\n<p class=\"wp-block-paragraph\"><img fetchpriority=\"high\" decoding=\"async\" alt=\"Adri\u00e1n Neyra, psiquiatra del Programa de Patolog\u00eda Dual y Psicosis en el Hospital de Gran Canaria Doctor Negr\u00edn.\" height=\"1365\" width=\"2048\" src=\"https:\/\/www.infobae.com\/new-resizer\/ow2tY2zhYoLfa7AjR6OOlvpqSPk=\/arc-anglerfish-arc2-prod-infobae\/public\/FOLC6AFNLBAYDJMIE2MGEVWW4A.jpeg\" srcset=\"https:\/\/www.infobae.com\/new-resizer\/_msmwRCQC1SwwQCi8C4sR-Me9Lg=\/420x280\/filters:format(webp):quality(85)\/cloudfront-us-east-1.images.arcpublishing.com\/infobae\/FOLC6AFNLBAYDJMIE2MGEVWW4A.jpeg 420w,https:\/\/www.infobae.com\/new-resizer\/uC_GjUGIRpiYCjssUA442-UwhD0=\/768x512\/filters:format(webp):quality(85)\/cloudfront-us-east-1.images.arcpublishing.com\/infobae\/FOLC6AFNLBAYDJMIE2MGEVWW4A.jpeg 768w,https:\/\/www.infobae.com\/new-resizer\/CyxbIQFTEm_NOKH8zo7FcNwNrII=\/992x661\/filters:format(webp):quality(85)\/cloudfront-us-east-1.images.arcpublishing.com\/infobae\/FOLC6AFNLBAYDJMIE2MGEVWW4A.jpeg 992w,https:\/\/www.infobae.com\/new-resizer\/Arm6G4b74QnVR8eK4rWIqJZclWo=\/1200x800\/filters:format(webp):quality(85)\/cloudfront-us-east-1.images.arcpublishing.com\/infobae\/FOLC6AFNLBAYDJMIE2MGEVWW4A.jpeg 1200w,https:\/\/www.infobae.com\/new-resizer\/TIfNa7-LiFQqUN6T9tj5xCydSEI=\/1440x960\/filters:format(webp):quality(85)\/cloudfront-us-east-1.images.arcpublishing.com\/infobae\/FOLC6AFNLBAYDJMIE2MGEVWW4A.jpeg 1440w\">Adri\u00e1n Neyra, psiquiatra del Programa de Patolog\u00eda Dual y Psicosis en el Hospital de Gran Canaria Doctor Negr\u00edn.<\/p>\n\n\n\n<p class=\"wp-block-paragraph\"><em>Te puede interesar:<\/em>&nbsp;<a rel=\"noreferrer noopener\" href=\"https:\/\/www.infobae.com\/espana\/2023\/08\/04\/es-basura-estas-son-las-comidas-que-madrid-sirve-en-las-residencias-de-mayores-y-que-ayuso-ha-prorrogado\/\" target=\"_blank\">\u201cEs basura\u201d: estas son las comidas que Madrid sirve en las residencias de mayores y que Ayuso ha prorrogado<\/a><\/p>\n\n\n\n<p class=\"wp-block-paragraph\"><strong>P: Asegura que es err\u00f3neo tratar, por un lado, la depresi\u00f3n y por otro la adicci\u00f3n, hay que hacerlo todo a la vez. Pero no pasa, es una utop\u00eda.<\/strong><\/p>\n\n\n\n<p class=\"wp-block-paragraph\">R: El mundo de la Salud Mental deber\u00edaaceptar las adicciones como un trastorno mental m\u00e1s y no los separe. Que no se pase al paciente a un equipo de adicciones sin tratar el trastorno mental tambi\u00e9n. Hay que aceptar las adicciones, pero se han separado de los trastornos y nos toca a los psiquiatras tratar esas patolog\u00edas.<\/p>\n\n\n\n<p class=\"wp-block-paragraph\"><strong>P: En su opini\u00f3n, \u00bfCu\u00e1l es el mayor bulo o la mayor mentira que circula entre la gente sobre la salud mental?<\/strong><\/p>\n\n\n\n<p class=\"wp-block-paragraph\">R: La frase de&nbsp;<em>soy fuerte y por eso no me deprimo<\/em>. El concepto de fortaleza. Otra cosa es que no somos conscientes del da\u00f1o que hacen sustancias como el cannabis, que se les llama drogas blandas porque no son adictivas, pero que el da\u00f1o que pueden producir en adolescentes es alto.<\/p>\n\n\n\n<p class=\"wp-block-paragraph\"><strong>P: \u00bfEn su experiencia personal, cu\u00e1ntos pacientes que trata con depresi\u00f3n tienen detr\u00e1s alg\u00fan tipo de adicci\u00f3n?<\/strong><\/p>\n\n\n\n<p class=\"wp-block-paragraph\">R: M\u00e1s o menos, la mitad de mis pacientes con depresi\u00f3n sufren trastornos de consumo de alcohol. Tambi\u00e9n pasa con la coca\u00edna, que la usan como autotratamiento, un estimulante para salir de la depresi\u00f3n. Adem\u00e1s, la depresi\u00f3n hay que entenderla como una enfermedad cr\u00f3nica. Tiende a volver, si se ha tenido un episodio hay un 60% de posibilidades de tener otro y si has tenido dos, hay un 80% de posibilidades de un tercero.<\/p>\n\n\n\n<p class=\"wp-block-paragraph\">A la sanidad p\u00fablica te llega gente que est\u00e1 muy mal, en la privada hay m\u00e1s atenci\u00f3n sobre reacciones sobre la vida diaria, pero porque ese paciente se la puede pagar. Pero en la sanidad p\u00fablica, la salud mental no tiene espacios para la prevenci\u00f3n, para evitar llegar a estar peor.<\/p>\n\n\n\n<p class=\"wp-block-paragraph\">Fuente: <a href=\"https:\/\/www.infobae.com\/espana\/2023\/08\/06\/cuando-se-bebe-y-se-esta-depresivo-hay-que-tener-cuidado-con-un-sintoma-llamado-anhedonia\/\">Infobae<\/a><\/p>\n","protected":false},"excerpt":{"rendered":"<p>Adri\u00e1n Neyra es psiquiatra del Programa de Patolog\u00eda Dual y Psicosis en el Hospital de Gran Canaria Doctor Negr\u00edn y profesor asociado en la Universidad de Las Palmas de Gran Canaria PorJose Carmona La salud mental cada vez tiene menos miedo a ser mencionada en conversaciones p\u00fablicas y guarda un espacio importante dentro del autocuidado [&hellip;]<\/p>\n","protected":false},"author":1,"featured_media":1121,"comment_status":"open","ping_status":"open","sticky":false,"template":"","format":"standard","meta":{"_crdt_document":"","footnotes":""},"categories":[30],"tags":[],"class_list":["post-1120","post","type-post","status-publish","format-standard","has-post-thumbnail","hentry","category-noticias"],"_links":{"self":[{"href":"https:\/\/fundinah.org\/index.php\/wp-json\/wp\/v2\/posts\/1120","targetHints":{"allow":["GET"]}}],"collection":[{"href":"https:\/\/fundinah.org\/index.php\/wp-json\/wp\/v2\/posts"}],"about":[{"href":"https:\/\/fundinah.org\/index.php\/wp-json\/wp\/v2\/types\/post"}],"author":[{"embeddable":true,"href":"https:\/\/fundinah.org\/index.php\/wp-json\/wp\/v2\/users\/1"}],"replies":[{"embeddable":true,"href":"https:\/\/fundinah.org\/index.php\/wp-json\/wp\/v2\/comments?post=1120"}],"version-history":[{"count":1,"href":"https:\/\/fundinah.org\/index.php\/wp-json\/wp\/v2\/posts\/1120\/revisions"}],"predecessor-version":[{"id":1122,"href":"https:\/\/fundinah.org\/index.php\/wp-json\/wp\/v2\/posts\/1120\/revisions\/1122"}],"wp:featuredmedia":[{"embeddable":true,"href":"https:\/\/fundinah.org\/index.php\/wp-json\/wp\/v2\/media\/1121"}],"wp:attachment":[{"href":"https:\/\/fundinah.org\/index.php\/wp-json\/wp\/v2\/media?parent=1120"}],"wp:term":[{"taxonomy":"category","embeddable":true,"href":"https:\/\/fundinah.org\/index.php\/wp-json\/wp\/v2\/categories?post=1120"},{"taxonomy":"post_tag","embeddable":true,"href":"https:\/\/fundinah.org\/index.php\/wp-json\/wp\/v2\/tags?post=1120"}],"curies":[{"name":"wp","href":"https:\/\/api.w.org\/{rel}","templated":true}]}}