{"id":1112,"date":"2023-07-31T13:19:06","date_gmt":"2023-07-31T17:19:06","guid":{"rendered":"https:\/\/fundinah.org\/?p=1112"},"modified":"2023-07-31T13:20:22","modified_gmt":"2023-07-31T17:20:22","slug":"al-rescate-del-trastorno-mental-adolescente-que-se-desborda-nos-inquieta-como-se-banaliza-la-tentativa-de-suicidio","status":"publish","type":"post","link":"https:\/\/fundinah.org\/index.php\/2023\/07\/31\/al-rescate-del-trastorno-mental-adolescente-que-se-desborda-nos-inquieta-como-se-banaliza-la-tentativa-de-suicidio\/","title":{"rendered":"Al rescate del trastorno mental adolescente que se desborda: \u201cNos inquieta c\u00f3mo se banaliza la tentativa de suicidio\u201d"},"content":{"rendered":"\n<h5 class=\"wp-block-heading\">En la nueva planta de psiquiatr\u00eda infantojuvenil del Hospital Vall d\u2019Hebron se ha ingresado, desde que abri\u00f3 en abril, a m\u00e1s de 40 chavales. Autolesiones e intentos de suicidio son los cuadros m\u00e1s comunes de hospitalizaci\u00f3n urgente<\/h5>\n\n\n\n<p class=\"wp-block-paragraph\"><a href=\"https:\/\/elpais.com\/salud-y-bienestar\/2023-07-28\/al-rescate-del-trastorno-mental-adolescente-que-se-desborda-nos-inquieta-como-se-banaliza-la-tentativa-de-suicidio.html#?prm=copy_link\"><\/a>Aquel martes de abril, Claudia Esteban, de 17 a\u00f1os, simplemente se derrumb\u00f3. \u201cTuve un baj\u00f3n bastante fuerte\u201d, relata ahora, tres meses despu\u00e9s, al otro lado del tel\u00e9fono. No era la primera vez. Hab\u00edan pasado algo m\u00e1s de tres a\u00f1os desde ese primer d\u00eda que pidi\u00f3 ayuda a su madre porque \u201cllevaba mucho tiempo\u00a0<em>chof<\/em>, bastante mal\u201d y, tras un largo periplo por psic\u00f3logos y otros especialistas, tuvo su diagn\u00f3stico: una compleja amalgama de s\u00edntomas compatibles con anorexia, depresi\u00f3n y ansiedad. Cuando entr\u00f3 en abril por la puerta del Hospital Vall d\u2019Hebron de Barcelona, la situaci\u00f3n era cr\u00edtica: \u201cSent\u00eda tristeza, agobio, soledad y un vac\u00edo enorme\u201d, cuenta. La depresi\u00f3n estaba poniendo en jaque su vida y los m\u00e9dicos recomendaron su ingreso. Esta adolescente fue la primera paciente en cruzar el umbral de la planta de hospitalizaci\u00f3n de<a href=\"https:\/\/elpais.com\/noticias\/salud-mental\/7\/\">\u00a0psiquiatr\u00eda infantojuvenil\u00a0<\/a>del Vall d\u2019Hebron, estrenada el pasado abril. En pleno auge de los trastornos mentales en la adolescencia, esta unidad es uno de esos dispositivos asistenciales que sale al rescate de los casos m\u00e1s graves, desde descompensaciones de patolog\u00edas severas ya diagnosticadas hasta debuts de complejos cuadros psiqui\u00e1tricos silentes o tentativas de suicidio. Claudia estuvo un mes.<\/p>\n\n\n\n<p class=\"wp-block-paragraph\">El sol que aprieta a media ma\u00f1ana sobre el barrio de Vall d\u2019Hebron, a los pies de la monta\u00f1a de Collserola, atraviesa las ventanas de la planta de psiquiatr\u00eda infantojuvenil de punta a punta. Ba\u00f1a las seis habitaciones para pacientes \u2014cuatro individuales y dos dobles\u2014 y tambi\u00e9n el comedor y la sala de actividades. Media decena de chavales apuran el desayuno en torno a una mesa mientras charlan con la enfermera y las auxiliares que los acompa\u00f1an. Pronto empezar\u00e1n las visitas con la psiquiatra y en un rato llegar\u00e1 Natalia, la terapeuta ocupacional, para hacer actividades. \u201cAyer pintamos unas piezas de cer\u00e1mica que hicimos el otro d\u00eda y tambi\u00e9n solemos dar un paseo fuera o hacer relajaci\u00f3n guiada. Depende del d\u00eda, la actividad y el estado de \u00e1nimo, te apetece m\u00e1s una cosa u otra. A m\u00ed, por ejemplo, me gusta hacer cer\u00e1mica. Pero aqu\u00ed se pueden hacer muchas cosas, aunque tambi\u00e9n molar\u00eda tener una televisi\u00f3n para ver pelis juntos\u201d, sugiere una joven. Est\u00e1 pedida y en camino, apostillan los m\u00e9dicos.<\/p>\n\n\n\n<p class=\"wp-block-paragraph\">Cada uno tiene su historia. No hay dos pacientes iguales en el \u00e1rea de psiquiatr\u00eda pedi\u00e1trica y el abordaje terap\u00e9utico es individualizado, explican los facultativos. Todas las habitaciones, eso s\u00ed, est\u00e1n dise\u00f1adas para preservar la seguridad, con estancias neutras videovigiladas, sin cuadros ni espejos, y hasta con pomos especiales en las puertas para evitar autolesiones. Precisamente, las tentativas de suicidio y las conductas de autoinfligirse da\u00f1o f\u00edsico son los principales motivos de ingreso. Seg\u00fan un estudio del propio centro, entre 2015 y 2017, el 20% de las urgencias psiqui\u00e1tricas infantojuveniles que llegaban al hospital eran por intentos de suicidio y autolesiones; entre 2017 y 2021, ya eran el 70% y ahora, seg\u00fan estimaciones del hospital, pueden rondar el 75%.&nbsp;<a href=\"https:\/\/elpais.com\/salud-y-bienestar\/2023-07-20\/las-adolescentes-igualan-a-los-chicos-en-tasa-de-suicidio.html\">Una investigaci\u00f3n espa\u00f1ola<\/a>&nbsp;se\u00f1ala que el suicidio adolescente ha aumentado un 32,35% entre 2019 y 2021, pasando de 34 a 45 fallecidos.<\/p>\n\n\n\n<p class=\"wp-block-paragraph\"><a href=\"https:\/\/elpais.com\/tecnologia\/2023-06-11\/la-epidemia-de-mala-salud-mental-que-crece-entre-las-adolescentes-las-redes-sociales-me-quitaron-calidad-de-vida.html\">Las redes sociales<\/a>&nbsp;explican, en buena medida, este fen\u00f3meno en auge, sostiene Antoni Ramos Quiroga, jefe de Psiquiatr\u00eda del Hospital Vall d\u2019Hebron: \u201cUno de los factores clave es el impacto de las redes sociales. Desde que est\u00e1n de forma masiva, pueden afectar. Es dicot\u00f3mico: unos te pueden decir que les han salvado porque compartir con otros iguales les ayuda, pero tambi\u00e9n puede tener impacto negativo en gente que tiene cierta vulnerabilidad: el&nbsp;<em>bullying<\/em>, por ejemplo, ya no se para, como antes, cuando van a casa, sino que es constante. Y eso juega un papel\u201d. En la planta, con todo, el uso de dispositivos electr\u00f3nicos&nbsp;<a href=\"https:\/\/elpais.com\/tecnologia\/2023-06-22\/zsolt-demetrovics-psicologo-no-es-recomendable-dar-una-pantalla-a-nuestro-hijo-para-que-se-calme-cuando-llora.html\">no est\u00e1 prohibido, sino controlado<\/a>: lo habitual es que no puedan usar su propio m\u00f3vil, pero en aras de evitar, precisamente, el aislamiento de personas especialmente vulnerables a esta situaci\u00f3n, se individualiza cada caso seg\u00fan las circunstancias del paciente.<\/p>\n\n\n\n<p class=\"wp-block-paragraph\">Marc Ferrer, jefe de hospitalizaci\u00f3n del servicio de psiquiatr\u00eda, cree que, adem\u00e1s de las redes, tambi\u00e9n&nbsp;<a href=\"https:\/\/elpais.com\/sociedad\/2023-05-21\/el-suicidio-en-menores-el-efecto-imitativo-en-jovenes-es-devastador.html\">el efecto imitaci\u00f3n<\/a>&nbsp;y los modismos sociales pueden tener un rol en el desarrollo de conductas que abocan a tentativas de suicidio: \u201cEn los adolescentes, las modas son clave. Y nos inquieta bastante c\u00f3mo se juega o se banaliza con las tentativas de suicidio. Cuando exploramos al paciente vemos que no era consciente de lo que hac\u00eda. El concepto de la vida y la muerte es relativo y tienden a jugar con ello\u201d. Ferrer matiza que no siempre hay una patolog\u00eda diagnosticada detr\u00e1s de un intento de suicidio: \u201cHay chavales con una psicopatolog\u00eda real y hay otros que tienen una situaci\u00f3n de desbordamiento emocional, un bloqueo por un momento puntual. El problema es que la impulsividad puede ser muy mala\u201d. En la unidad tambi\u00e9n atienden casos muy agravados por&nbsp;<a href=\"https:\/\/elpais.com\/salud-y-bienestar\/2022-11-26\/vivir-con-un-trastorno-alimentario-me-di-cuenta-cuando-me-mire-al-espejo-y-vi-la-muerte.html\" target=\"_blank\" rel=\"noreferrer noopener\">trastornos de la conducta alimentaria&nbsp;<\/a>o por el debut de una patolog\u00eda mental, como la esquizofrenia.<\/p>\n\n\n\n<figure class=\"wp-block-image is-resized\"><img fetchpriority=\"high\" decoding=\"async\" src=\"https:\/\/imagenes.elpais.com\/resizer\/gEVx8l5QKLjWNJmPgCh0yXsteqo=\/414x0\/cloudfront-eu-central-1.images.arcpublishing.com\/prisa\/DKGUR3EUMJFJNJGHNCW2777NVM.jpg\" alt=\"Una doctora de la planta de hospitalizaci\u00f3n psiqui\u00e1trica infantojuvenil del Vall d'Hebron de Barcelona presta atenci\u00f3n a las im\u00e1genes que proyecta un sistema de realidad virtual inmersiva.\" style=\"width:833px;height:555px\" width=\"833\" height=\"555\"\/><figcaption class=\"wp-element-caption\"><em>Una doctora de la planta de hospitalizaci\u00f3n psiqui\u00e1trica infantojuvenil del Vall d&#8217;Hebron de Barcelona presta atenci\u00f3n a las im\u00e1genes que proyecta un sistema de realidad virtual inmersiva.ALBERT GARCIA<\/em><\/figcaption><\/figure>\n\n\n\n<p class=\"wp-block-paragraph\">Ingresos como el de Claudia, por una depresi\u00f3n agravada, son menos habituales, pero existen. Tambi\u00e9n ella achaca a las redes sociales un papel clave en sus problemas de salud: \u201cCuando empec\u00e9 a mirarme m\u00e1s al espejo fue por las redes sociales. Ver esas fotos perfectas me afect\u00f3 un mont\u00f3n, hasta el punto de no querer tener redes. En el colegio tambi\u00e9n tuve problemas y, al final, lo que pasa all\u00ed acaba pasando en internet\u201d, relata la joven.<\/p>\n\n\n\n<p class=\"wp-block-paragraph\">El fin de curso, de hecho, se nota en los ingresos. \u201cAhora es una \u00e9poca m\u00e1s tranquila porque el factor estresante de la escuela se ha reducido. Cuando m\u00e1s presi\u00f3n suele haber es hacia diciembre y en mayo o junio\u201d, puntualiza Ramos Quiroga. Ahora hay, incluso, camas vac\u00edas, pero en estos tres meses operativos, de las 249 urgencias psiqui\u00e1tricas que llegaron al hospital, 41 pacientes acabaron ingresando en esta planta de psiquiatr\u00eda pedi\u00e1trica. En pleno auge de los problemas de salud mental, especialmente entre los menores, la nueva planta de Vall d\u2019Hebron tiene capacidad para ingresar a ocho chavales, aunque tambi\u00e9n dispone de un pu\u00f1ado de plazas de hospital de d\u00eda, para poder atender y hacer seguimiento a m\u00e1s pacientes durante el d\u00eda.<\/p>\n\n\n\n<p class=\"wp-block-paragraph\">Los problemas de salud mental llevan varios a\u00f1os al alza. Incluso antes de la pandemia, apuntan los psiquiatras de Vall d\u2019Hebron, ya se atisbaba la tendencia creciente. La crisis sanitaria fue un nuevo factor estresor m\u00e1s, quiz\u00e1s de mayor dimensiones, que precipit\u00f3 la velocidad de crecimiento de estos cuadros. En ni\u00f1os y adultos. Seg\u00fan el bar\u00f3metro de la Fundaci\u00f3n FAD, los j\u00f3venes que declaran haber padecido problemas de salud mental con mucha frecuencia rozaba el 16% en 2021 (en 2017 era el 6,2%) y&nbsp;<a href=\"https:\/\/elpais.com\/espana\/catalunya\/2022-12-15\/el-27-de-los-adolescentes-catalanes-se-ha-autolesionado-alguna-vez-empece-porque-no-veia-otra-salida.html\">otro estudio<\/a>&nbsp;de la Generalitat de Catalu\u00f1a cifraba en el 27% del total a los adolescentes catalanes que se han autolesionado alguna vez. Las situaciones se repiten en distintos territorios: un&nbsp;<a href=\"https:\/\/www.cambridge.org\/core\/journals\/the-british-journal-of-psychiatry\/article\/incidence-and-outcomes-of-eating-disorders-during-the-covid19-pandemic\/ACFCF65FF7B1D07CCF1DDC628C50C7CA\">estudio&nbsp;<\/a>en Estados Unidos, por ejemplo, alert\u00f3 de un aumento de casos de trastornos de la conducta alimentaria (TCA) de m\u00e1s del 15% en 2020 respecto a a\u00f1os anteriores; en Espa\u00f1a,&nbsp;<a href=\"https:\/\/onlinelibrary.wiley.com\/doi\/epdf\/10.1002\/eat.23848\">otra investigaci\u00f3n&nbsp;<\/a>del Instituto Universitario de Investigaci\u00f3n en Atenci\u00f3n Primaria Jordi Gol, con datos de Catalu\u00f1a, concluy\u00f3 que los diagn\u00f3sticos de TCA se duplicaron en adolescentes tras la crisis sanitaria.<\/p>\n\n\n\n<p class=\"wp-block-paragraph\">Ante problemas de salud mental, el ingreso es la \u00faltima opci\u00f3n, cuando no hay m\u00e1s remedio. \u201cEl ingreso lo tratamos de evitar. La hospitalizaci\u00f3n no puede ser excesiva, por eso debemos tener un equilibrio entre entender lo que les pasa y el paternalismo, ya que eso les puede generar cierta dependencia del sistema\u201d, explica Ferrer. Trabajar de forma simult\u00e1nea con la familia, el entorno y la escuela mientras el menor est\u00e1 ingresado tambi\u00e9n es capital para evitar reca\u00eddas. \u201cSi no trabajas con la familia y el entorno, todo lo que has hecho en el ingreso, se puede ir al garete en pocas horas\u201d, zanja el responsable de hospitalizaci\u00f3n.<\/p>\n\n\n\n<h3 class=\"wp-block-heading\">El factor socioecon\u00f3mico es clave<\/h3>\n\n\n\n<p class=\"wp-block-paragraph\">Precisamente, Vall d\u2019Hebron tiene una poblaci\u00f3n de referencia con un perfil socioecon\u00f3mico muy complejo. Una docena de los 18 vecindarios de su \u00e1rea asistencial son los m\u00e1s desfavorecidos de Barcelona y eso se nota en el impacto en salud mental, explican los facultativos. \u201cHay muchos casos de familias desestructuradas, padres o tutores muy poco contenedores y situaciones econ\u00f3micas dram\u00e1ticas\u201d, conviene Ferrer. El entorno socioecon\u00f3mico es uno de los grandes determinantes de la salud, tambi\u00e9n en patolog\u00eda mental.<\/p>\n\n\n\n<p class=\"wp-block-paragraph\">En esa b\u00fasqueda de espacios de distensi\u00f3n emocional, la unidad de hospitalizaci\u00f3n dispone de un sistema Broomx, que permite hacer proyecciones audiovisuales con realidad virtual inmersiva: las paredes y los techos se llenan de una composici\u00f3n de luz, color e imagen para \u201cromper din\u00e1micas\u201d, explican los m\u00e9dicos y hacer ejercicios de relajaci\u00f3n y mindfulness acompa\u00f1ados del personal sanitario que los gu\u00eda.<\/p>\n\n\n\n<figure class=\"wp-block-image is-resized\"><img decoding=\"async\" src=\"https:\/\/imagenes.elpais.com\/resizer\/rX9SeEISV3xMJMQOVqiOKqgjyCo=\/414x0\/cloudfront-eu-central-1.images.arcpublishing.com\/prisa\/UDLJ77XJT5GVJGOW5R3CVW6ZUM.jpg\" alt=\"Antoni Ramos Quiroga, jefe de Psiquiatr\u00eda de Vall d'Hebron, cambia la luz en el Espai Blau, una sala de autocontenci\u00f3n en la planta de hospitalizaci\u00f3n psiqui\u00e1trica infantojuvenil.\" style=\"width:829px;height:553px\" width=\"829\" height=\"553\"\/><figcaption class=\"wp-element-caption\"><em>Antoni Ramos Quiroga, jefe de Psiquiatr\u00eda de Vall d&#8217;Hebron, cambia la luz en el Espai Blau, una sala de autocontenci\u00f3n en la planta de hospitalizaci\u00f3n psiqui\u00e1trica infantojuvenil.ALBERT GARCIA<\/em><\/figcaption><\/figure>\n\n\n\n<p class=\"wp-block-paragraph\">Toda la unidad se ha conjurado, adem\u00e1s, para avanzar hacia la contenci\u00f3n cero. Esto es, evitar, en la medida de lo posible, tener que utilizar medidas farmacol\u00f3gicas o mec\u00e1nicas \u2014como atar al paciente\u2014 para impedir que se haga da\u00f1o a s\u00ed mismo o a terceros. En esta l\u00ednea, la planta dispone del llamado Espai Blau (espacio azul), una estancia de contenci\u00f3n cero para ayudar a desactivar emocionalmente a los pacientes que se sienten angustiados. Se trata de una sala acolchada con un techo azulado y luces led seg\u00fan el estado de \u00e1nimo donde el paciente puede acudir siempre que lo desee para intentar rebajar el nivel de irritaci\u00f3n o para estar solo un rato. \u201cLa idea es que vengan aqu\u00ed y aprender a relajarse. Y si quieren dar un golpe a la pared, que no se hagan da\u00f1o\u201d, apunta Ramos Quiroga. \u201cEs como un saco de boxeo para ellos y para evitar la contenci\u00f3n. Y siempre hay alguien dentro con ellos porque si no, parece que es como una c\u00e1rcel y eso es lo que queremos evitar\u201d, agrega Ferrer.<\/p>\n\n\n\n<p class=\"wp-block-paragraph\">Claudia tuvo que usar el Espai Blau m\u00e1s de una vez. M\u00e1s que por irritaci\u00f3n, dice, para poder tener espacios consigo misma: \u201cLo us\u00e9 m\u00e1s veces que la realidad virtual. Me dijeron que fuese all\u00ed cuando necesitase estar sola y lo usaba mucho porque yo no quer\u00eda compa\u00f1\u00eda\u201d. En ese mes ingresada, cuenta, aprendi\u00f3 a abrirse a los dem\u00e1s, a verbalizar lo que sent\u00eda, \u201ca ganar confianza para hablar las cosas\u201d. \u201cLo m\u00e1s dif\u00edcil fue ver c\u00f3mo detr\u00e1s de m\u00ed entr\u00f3 gente y sal\u00eda antes que yo. Cuando me dieron el alta sent\u00ed miedo porque llevaba mucho tiempo dentro, pero ahora estoy mucho mejor, muy bien y muchos de esos sentimientos con los que entr\u00e9 han desaparecido\u201d, celebra la joven.<\/p>\n\n\n\n<h3 class=\"wp-block-heading\">SOBRE LA FIRMA<\/h3>\n\n\n\n<figure class=\"wp-block-image\"><img decoding=\"async\" src=\"https:\/\/imagenes.elpais.com\/resizer\/NM7VjkMfn37xHnVXordmDSqCmg8=\/100x100\/s3.amazonaws.com\/arc-authors\/prisa\/024ebe0f-2038-4927-b03f-be63b998c6a9.jpg\" alt=\"Jessica Mouzo\"\/><\/figure>\n\n\n\n<p class=\"wp-block-paragraph\"><a href=\"https:\/\/elpais.com\/autor\/jessica-mouzo-quintans\/\">Jessica Mouzo<\/a><\/p>\n\n\n\n<p class=\"wp-block-paragraph\">Jessica Mouzo es redactora de sanidad en EL PA\u00cdS. Es licenciada en Periodismo por la Universidade de Santiago de Compostela y M\u00e1ster de Periodismo BCN-NY de la Universitat de Barcelona.<\/p>\n\n\n\n<p class=\"wp-block-paragraph\">Fuente: <a href=\"https:\/\/elpais.com\/salud-y-bienestar\/2023-07-28\/al-rescate-del-trastorno-mental-adolescente-que-se-desborda-nos-inquieta-como-se-banaliza-la-tentativa-de-suicidio.html\" data-type=\"link\" data-id=\"https:\/\/elpais.com\/salud-y-bienestar\/2023-07-28\/al-rescate-del-trastorno-mental-adolescente-que-se-desborda-nos-inquieta-como-se-banaliza-la-tentativa-de-suicidio.html\">El PAIS<\/a><\/p>\n","protected":false},"excerpt":{"rendered":"<p>En la nueva planta de psiquiatr\u00eda infantojuvenil del Hospital Vall d\u2019Hebron se ha ingresado, desde que abri\u00f3 en abril, a m\u00e1s de 40 chavales. Autolesiones e intentos de suicidio son los cuadros m\u00e1s comunes de hospitalizaci\u00f3n urgente Aquel martes de abril, Claudia Esteban, de 17 a\u00f1os, simplemente se derrumb\u00f3. \u201cTuve un baj\u00f3n bastante fuerte\u201d, relata [&hellip;]<\/p>\n","protected":false},"author":1,"featured_media":1113,"comment_status":"open","ping_status":"open","sticky":false,"template":"","format":"standard","meta":{"_crdt_document":"","footnotes":""},"categories":[30],"tags":[],"class_list":["post-1112","post","type-post","status-publish","format-standard","has-post-thumbnail","hentry","category-noticias"],"_links":{"self":[{"href":"https:\/\/fundinah.org\/index.php\/wp-json\/wp\/v2\/posts\/1112","targetHints":{"allow":["GET"]}}],"collection":[{"href":"https:\/\/fundinah.org\/index.php\/wp-json\/wp\/v2\/posts"}],"about":[{"href":"https:\/\/fundinah.org\/index.php\/wp-json\/wp\/v2\/types\/post"}],"author":[{"embeddable":true,"href":"https:\/\/fundinah.org\/index.php\/wp-json\/wp\/v2\/users\/1"}],"replies":[{"embeddable":true,"href":"https:\/\/fundinah.org\/index.php\/wp-json\/wp\/v2\/comments?post=1112"}],"version-history":[{"count":3,"href":"https:\/\/fundinah.org\/index.php\/wp-json\/wp\/v2\/posts\/1112\/revisions"}],"predecessor-version":[{"id":1116,"href":"https:\/\/fundinah.org\/index.php\/wp-json\/wp\/v2\/posts\/1112\/revisions\/1116"}],"wp:featuredmedia":[{"embeddable":true,"href":"https:\/\/fundinah.org\/index.php\/wp-json\/wp\/v2\/media\/1113"}],"wp:attachment":[{"href":"https:\/\/fundinah.org\/index.php\/wp-json\/wp\/v2\/media?parent=1112"}],"wp:term":[{"taxonomy":"category","embeddable":true,"href":"https:\/\/fundinah.org\/index.php\/wp-json\/wp\/v2\/categories?post=1112"},{"taxonomy":"post_tag","embeddable":true,"href":"https:\/\/fundinah.org\/index.php\/wp-json\/wp\/v2\/tags?post=1112"}],"curies":[{"name":"wp","href":"https:\/\/api.w.org\/{rel}","templated":true}]}}