{"id":1103,"date":"2023-07-24T09:49:00","date_gmt":"2023-07-24T13:49:00","guid":{"rendered":"https:\/\/fundinah.org\/?p=1103"},"modified":"2023-07-24T10:05:35","modified_gmt":"2023-07-24T14:05:35","slug":"se-puede-oler-la-enfermedad-de-parkinson","status":"publish","type":"post","link":"https:\/\/fundinah.org\/index.php\/2023\/07\/24\/se-puede-oler-la-enfermedad-de-parkinson\/","title":{"rendered":"\u00bfSe puede oler la enfermedad de\u00a0Parkinson?"},"content":{"rendered":"\n<p class=\"wp-block-paragraph\">Por&nbsp;<strong>Maider Zubelzu Irazusta \/ The Conversation<\/strong><a rel=\"noreferrer noopener\" href=\"https:\/\/www.linkedin.com\/sharing\/share-offsite\/?url=https%3A%2F%2Fwww.eleconomista.com.mx%2Farteseideas%2FSe-puede-oler-la-enfermedad-deParkinson-20230722-0021.html\" target=\"_blank\"><\/a><\/p>\n\n\n\n<p class=\"wp-block-paragraph\">Por curioso que parezca,&nbsp;<a href=\"https:\/\/salud.nih.gov\/recursos-de-salud\/nih-noticias-de-salud\/enfermedad-que-huele\">ciertas enfermedades se pueden relacionar con distintos olores caracter\u00edsticos<\/a>. Por ejemplo, la diabetes puede hacer que el aliento huela a manzanas podridas; la insuficiencia renal, que lo haga a amoniaco u orina; mientras que la enfermedad hep\u00e1tica grave se ha relacionado con el olor del aliento a moho, ajo y huevos podridos. Las personas con esquizofrenia pueden tener un aroma corporal caracter\u00edstico que recuerda al del moho.<\/p>\n\n\n\n<p class=\"wp-block-paragraph\">Quiz\u00e1s se pregunte: \u00bfpor qu\u00e9 cambia el olor de una persona cuando est\u00e1 enferma? Resulta que nuestros cuerpos expulsan constantemente sustancias vol\u00e1tiles al aire que respiramos, mediante el aliento, sudoraci\u00f3n, excreciones, etc. El aroma de estas sustancias puede variar dependiendo de la edad, el estilo de vida y la dieta,&nbsp;<a href=\"https:\/\/pubmed.ncbi.nlm.nih.gov\/\">pero tambi\u00e9n si una enfermedad produce alteraciones en nuestro organismo<\/a>.<\/p>\n\n\n\n<h2 class=\"wp-block-heading\">La mujer que puede oler el p\u00e1rkinson<\/h2>\n\n\n\n<p class=\"wp-block-paragraph\">La escocesa Joy Milne acudi\u00f3 con su marido Les, diagnosticado con&nbsp;<a href=\"https:\/\/theconversation.com\/es\/topics\/parkinson-55428\">p\u00e1rkinson<\/a>, a una conferencia sobre esta patolog\u00eda. Unos a\u00f1os antes de que Les fuese diagnosticado, Joy not\u00f3 que el olor de su esposo hab\u00eda cambiado: se hab\u00eda vuelto m\u00e1s almizclado, parecido al de la madera. Pero la sorpresa lleg\u00f3 cuando Joy reconoci\u00f3 ese mismo olor en la conferencia, donde la sala estaba llena de personas afectadas por p\u00e1rkinson.<\/p>\n\n\n\n<p class=\"wp-block-paragraph\">En una posterior conferencia, realizada en Escocia en 2012, Joy, nerviosa ante la mirada de los espectadores, se lo coment\u00f3 al ponente de la conferencia, el investigador de la Universidad de Edimburgo Tilo Kunath. Este contact\u00f3 con la qu\u00edmica anal\u00edtica de la Universidad de M\u00e1nchester, Perdita Barran, para conocer su opini\u00f3n al respecto.<\/p>\n\n\n\n<p class=\"wp-block-paragraph\">Aunque Kunath estaba esperanzado, Barran se encontraba algo esc\u00e9ptica. Finalmente&nbsp;<a href=\"https:\/\/www.youtube.com\/watch?v=Xjo2M-XMYfs\">hicieron una prueba a ciegas<\/a>, donde le dieron a oler seis camisetas usadas por personas con p\u00e1rkinson y otras seis de controles sanos. Joy consigui\u00f3 identificar las prendas de las personas enfermas y, adem\u00e1s, marc\u00f3 la prenda de uno de los controles sanos como si tuviese la dolencia. Un buen porcentaje de acierto que intrig\u00f3 a\u00fan m\u00e1s a los investigadores cuando la persona supuestamente sana fue diagnosticada con p\u00e1rkinson nueve meses despu\u00e9s.<\/p>\n\n\n\n<h2 class=\"wp-block-heading\">\u00bfSirve el olfato para hacer diagn\u00f3sticos precoces?<\/h2>\n\n\n\n<p class=\"wp-block-paragraph\">Tras este trabajo piloto, se sigui\u00f3 investigando, y en 2019 se public\u00f3&nbsp;<a href=\"https:\/\/pubs.acs.org\/doi\/10.1021\/acscentsci.8b00879\">un estudio<\/a>, dirigido por Barran y financiado por Parkinson\u2019s UK y la Michael J. Fox Foundation, donde participaron 64 personas, 21 controles y 43 pacientes. En \u00e9l pasaban una gasa por la parte trasera del cuello y la parte superior de la espalda para analizar los componentes presentes en el sebo, un biofluido ceroso que contiene compuestos vol\u00e1tiles olorosos y es rico en l\u00edpidos.<\/p>\n\n\n\n<p class=\"wp-block-paragraph\">El sebo es excretado por las gl\u00e1ndulas seb\u00e1ceas de la piel y su sobreproducci\u00f3n, conocida como seborrea, es un s\u00edntoma de la enfermedad de Parkinson. Un momento, pero \u00bfpor qu\u00e9 obten\u00edan la muestra de sebo de esas zonas y no de alguna otra parte corporal? Pues porque Joy dec\u00eda que ah\u00ed era donde m\u00e1s olor a p\u00e1rkinson encontraba en las camisetas.<\/p>\n\n\n\n<p class=\"wp-block-paragraph\">Sigamos con el estudio. Se llevaron a cabo dos pruebas con sendas t\u00e9cnicas: la espectrometr\u00eda de masas, un m\u00e9todo anal\u00edtico para identificar compuestos en una muestra, y el agudo sentido del olfato de Joy (conocido como hiperosmia). En este trabajo observaron diferencias entre los compuestos vol\u00e1tiles presentes en el sebo de los controles y de los pacientes, encontrando el aldeh\u00eddo per\u00edlico disminuido y el icosano aumentado en personas con p\u00e1rkinson.<\/p>\n\n\n\n<p class=\"wp-block-paragraph\">Siguieron investigando y se centraron en estudiar los l\u00edpidos presentes en el sebo. Ya&nbsp;<a href=\"https:\/\/www.nature.com\/articles\/s41467-021-21669-4\">en un estudio publicado en 2021<\/a>&nbsp;encontraron diferencias entre las personas afectadas por la enfermedad neurodegenerativa y los controles.&nbsp;<a href=\"https:\/\/pubs.acs.org\/doi\/10.1021\/jacsau.2c00300\">En otro trabajo publicado posteriormente<\/a>, en 2022, desarrollaron una nueva t\u00e9cnica no invasiva para analizar muestras de sebo de forma mucho m\u00e1s r\u00e1pida (2-3 minutos) y accesible.<\/p>\n\n\n\n<h2 class=\"wp-block-heading\">David Krestin y las observaciones olvidadas<\/h2>\n\n\n\n<p class=\"wp-block-paragraph\">No obstante, estos estudios sobre el sebo no son nuevos. En 1927, el cardi\u00f3logo David Krestin&nbsp;<a href=\"https:\/\/academic.oup.com\/qjmed\/article-abstract\/os-21\/81\/177\/1524732?login=false\">se percat\u00f3<\/a>&nbsp;de que las personas con p\u00e1rkinson presentaban seborrea en la cara y que esto se podr\u00eda utilizar para diagnosticar la enfermedad. Sin embargo, al ser Krestin cardi\u00f3logo, la comunidad cient\u00edfica no tuvo en cuenta sus observaciones y el sebo se qued\u00f3 en el olvido hasta que Joy hizo prender la mecha.<\/p>\n\n\n\n<p class=\"wp-block-paragraph\">Estas antiguas observaciones y los recientes estudios liderados por Barran confirman el potencial del sebo en el diagn\u00f3stico precoz de la enfermedad de Parkinson. Se puede obtener mediante t\u00e9cnicas no invasivas y puede ser adecuado para la b\u00fasqueda de biomarcadores de las enfermedades.<\/p>\n\n\n\n<h2 class=\"wp-block-heading\">La importancia de encontrar nuevos biomarcadores<\/h2>\n\n\n\n<p class=\"wp-block-paragraph\">Un biomarcador es una sustancia cuya alteraci\u00f3n podr\u00eda indicar la presencia de alguna enfermedad.&nbsp;<a href=\"https:\/\/theconversation.com\/por-que-es-tan-importante-el-descubrimiento-de-nuevos-biomarcadores-167284\">La b\u00fasqueda de biomarcadores<\/a>&nbsp;cobra mayor importancia en patolog\u00edas dif\u00edciles de diagnosticar como el p\u00e1rkinson.<\/p>\n\n\n\n<p class=\"wp-block-paragraph\">Esta enfermedad neurodegenerativa es diagnosticada cuando aparecen los s\u00edntomas motores caracter\u00edsticos que todos relacionamos con el p\u00e1rkinson: temblores, movimientos lentos, rigidez muscular, etc. El problema es que para cuando llega el diagn\u00f3stico, ya se han perdido el 60 % de las neuronas que producen dopamina en la sustancia negra, \u00e1rea afectada en esta enfermedad.<\/p>\n\n\n\n<p class=\"wp-block-paragraph\">Encontrar biomarcadores podr\u00eda abrir las puertas al diagn\u00f3stico temprano de la dolencia. Al igual que un test de embarazo dice si una mujer est\u00e1 embarazada o no, o con un alcohol\u00edmetro podemos saber si alguien ha bebido, el an\u00e1lisis de biomarcadores en distintas muestras como el sebo podr\u00eda convertirse en un gran indicador de presencia de p\u00e1rkinson.<\/p>\n\n\n\n<p class=\"wp-block-paragraph\">Por lo tanto, es de suma importancia que se siga financiando este tipo de estudios para hallar se\u00f1ales tempranas de esta enfermedad, de la que&nbsp;<a href=\"https:\/\/www.esparkinson.es\/parkinson-pandemia-2040\/#:%7E:text=Sin%20embargo%2C%20es%20importante%20resaltar,los%2012%20millones%20de%20personas.\">se espera que afecte a m\u00e1s de 12 millones de personas para el 2040<\/a>.<\/p>\n\n\n\n<p class=\"wp-block-paragraph\"><em>Este art\u00edculo result\u00f3 ganador de la III edici\u00f3n del certamen de divulgaci\u00f3n joven organizado por la Fundaci\u00f3n Lilly y The Conversation Espa\u00f1a.<\/em><\/p>\n\n\n\n<p class=\"wp-block-paragraph\"><a href=\"https:\/\/theconversation.com\/profiles\/maider-zubelzu-irazusta-1418242\">Maider Zubelzu Irazusta<\/a>, Estudiante de doctorado en Farmacolog\u00eda,&nbsp;<em><a href=\"https:\/\/theconversation.com\/institutions\/universidad-del-pais-vasco-euskal-herriko-unibertsitatea-3422\">Universidad del Pa\u00eds Vasco \/ Euskal Herriko Unibertsitatea<\/a><\/em><\/p>\n\n\n\n<p class=\"wp-block-paragraph\">Este art\u00edculo fue publicado originalmente en&nbsp;<a href=\"https:\/\/theconversation.com\/\">The Conversation<\/a>. Lea el&nbsp;<a href=\"https:\/\/theconversation.com\/se-puede-oler-la-enfermedad-de-parkinson-208402\">original<\/a>.<\/p>\n","protected":false},"excerpt":{"rendered":"<p>Por&nbsp;Maider Zubelzu Irazusta \/ The Conversation Por curioso que parezca,&nbsp;ciertas enfermedades se pueden relacionar con distintos olores caracter\u00edsticos. Por ejemplo, la diabetes puede hacer que el aliento huela a manzanas podridas; la insuficiencia renal, que lo haga a amoniaco u orina; mientras que la enfermedad hep\u00e1tica grave se ha relacionado con el olor del aliento [&hellip;]<\/p>\n","protected":false},"author":1,"featured_media":1104,"comment_status":"open","ping_status":"open","sticky":false,"template":"","format":"standard","meta":{"_crdt_document":"","footnotes":""},"categories":[30],"tags":[],"class_list":["post-1103","post","type-post","status-publish","format-standard","has-post-thumbnail","hentry","category-noticias"],"_links":{"self":[{"href":"https:\/\/fundinah.org\/index.php\/wp-json\/wp\/v2\/posts\/1103","targetHints":{"allow":["GET"]}}],"collection":[{"href":"https:\/\/fundinah.org\/index.php\/wp-json\/wp\/v2\/posts"}],"about":[{"href":"https:\/\/fundinah.org\/index.php\/wp-json\/wp\/v2\/types\/post"}],"author":[{"embeddable":true,"href":"https:\/\/fundinah.org\/index.php\/wp-json\/wp\/v2\/users\/1"}],"replies":[{"embeddable":true,"href":"https:\/\/fundinah.org\/index.php\/wp-json\/wp\/v2\/comments?post=1103"}],"version-history":[{"count":2,"href":"https:\/\/fundinah.org\/index.php\/wp-json\/wp\/v2\/posts\/1103\/revisions"}],"predecessor-version":[{"id":1109,"href":"https:\/\/fundinah.org\/index.php\/wp-json\/wp\/v2\/posts\/1103\/revisions\/1109"}],"wp:featuredmedia":[{"embeddable":true,"href":"https:\/\/fundinah.org\/index.php\/wp-json\/wp\/v2\/media\/1104"}],"wp:attachment":[{"href":"https:\/\/fundinah.org\/index.php\/wp-json\/wp\/v2\/media?parent=1103"}],"wp:term":[{"taxonomy":"category","embeddable":true,"href":"https:\/\/fundinah.org\/index.php\/wp-json\/wp\/v2\/categories?post=1103"},{"taxonomy":"post_tag","embeddable":true,"href":"https:\/\/fundinah.org\/index.php\/wp-json\/wp\/v2\/tags?post=1103"}],"curies":[{"name":"wp","href":"https:\/\/api.w.org\/{rel}","templated":true}]}}