{"id":1100,"date":"2023-07-17T18:32:00","date_gmt":"2023-07-17T22:32:00","guid":{"rendered":"https:\/\/fundinah.org\/?p=1100"},"modified":"2023-07-17T18:32:01","modified_gmt":"2023-07-17T22:32:01","slug":"los-duelos-de-la-adolescencia","status":"publish","type":"post","link":"https:\/\/fundinah.org\/index.php\/2023\/07\/17\/los-duelos-de-la-adolescencia\/","title":{"rendered":"Los duelos de la adolescencia"},"content":{"rendered":"\n<p class=\"wp-block-paragraph\">Aunque parece lo contrario, los adolescentes necesitan apoyo y contenci\u00f3n durante su crecimiento. Debemos buscar un equilibrio entre acercarnos a ellos y darles su espacio.<\/p>\n\n\n\n<p class=\"wp-block-paragraph\">Crecer implica un proceso en el cual nos encontramos con cambios, con aceptar que hay cosas que hay que reconvertir y otras que abandonar. As\u00ed, se debe abrir paso a nuevas experiencias y condiciones de vida. Es decir, hay algo del duelo, la p\u00e9rdida y la aceptaci\u00f3n en cada etapa. En la adolescencia, hay tres duelos que son significativos y necesarios. Veamos de qu\u00e9 se trata.<\/p>\n\n\n\n<h2 class=\"wp-block-heading\" id=\"cuales-son-los-duelos-de-la-adolescencia\">\u00bfCu\u00e1les son los duelos de la adolescencia?<\/h2>\n\n\n\n<p class=\"wp-block-paragraph\">La adolescencia es un per\u00edodo de la vida con sus propios&nbsp;<a href=\"https:\/\/eresmama.com\/retos-enfrentan-adolescentes\/\">desaf\u00edos<\/a>. Esto significa que hay m\u00faltiples cambios a distintos niveles: psicol\u00f3gico, social y f\u00edsico, entre otros. No se trata de una \u00e9poca mejor o peor de la vida, simplemente es una etapa que plantea sus propios desaf\u00edos. Y como tal,&nbsp;<strong>implica el aprendizaje, las emociones y m\u00faltiples vivencias<\/strong>. A continuaci\u00f3n, te contamos cu\u00e1les son los duelos esperables y m\u00e1s frecuentes de la adolescencia.<\/p>\n\n\n\n<h3 class=\"wp-block-heading\" id=\"1-por-el-cuerpo\"><strong>1. Por el cuerpo<\/strong><\/h3>\n\n\n\n<p class=\"wp-block-paragraph\"><strong>Los cambios hormonales y f\u00edsicos son el denominador com\u00fan<\/strong>\u00a0de esta etapa. Por ejemplo, la aparici\u00f3n del vello y los cambios en la voz, entre otros. En muchos casos, los j\u00f3venes no se sienten c\u00f3modos con esas modificaciones tan evidentes.<\/p>\n\n\n\n<p class=\"wp-block-paragraph\">Cuando esto sucede, conviven con la contradicci\u00f3n:&nbsp;<strong>pueden sentirse y comportarse como ni\u00f1os, pero su cuerpo parece de alguien ya mayor<\/strong>. Esto a veces provoca inseguridad e incomodidad con un cuerpo que a\u00fan no se siente como propio. Incluso, en esta etapa pueden aparecer algunos trastornos del comportamiento alimentario (TCA).<\/p>\n\n\n\n<p class=\"wp-block-paragraph\">Por supuesto, tambi\u00e9n hay cambios a nivel psicol\u00f3gico que pueden ir de la mano de una baja autoestima y ansiedad. En casos as\u00ed, si observamos que esos cambios son permanentes e implican gran malestar,&nbsp;<strong>es conveniente solicitar una consulta con un profesional<\/strong>.<\/p>\n\n\n\n<figure class=\"wp-block-image\"><img decoding=\"async\" src=\"https:\/\/eresmama.com\/wp-content\/uploads\/2023\/03\/adolescente.cuerpo.jpg?auto=webp&amp;quality=45&amp;width=1920&amp;crop=16:9,smart,safe\" alt=\"\" title=\"\"\/><figcaption class=\"wp-element-caption\">El crecimiento de cada persona tiene su ritmo propio, por lo cual algunos j\u00f3venes se desarrollan de manera m\u00e1s temprana que otros.<\/figcaption><\/figure>\n\n\n\n<h3 class=\"wp-block-heading\" id=\"2-por-la-identidad\"><strong>2. Por la identidad<\/strong><\/h3>\n\n\n\n<p class=\"wp-block-paragraph\">En ese paso de ser ni\u00f1os a ser adolescentes, los j\u00f3venes comienzan a ganar libertades. En esta etapa&nbsp;<strong>se les conceden ciertos permisos y empiezan a explorar el mundo de otra manera<\/strong>. Este nuevo punto de partida los confronta con preguntas como las siguientes: \u00bfqui\u00e9n soy?, \u00bfqu\u00e9 quiero?, \u00bfqu\u00e9 me gusta? Entonces, se dan cuenta de que, cada vez m\u00e1s, deben tomar sus propias decisiones. Ahora, los adultos pueden servir de apoyo, pero los protagonistas son ellos.<\/p>\n\n\n\n<p class=\"wp-block-paragraph\">Por eso, en la b\u00fasqueda y construcci\u00f3n de esa\u00a0<a rel=\"noreferrer noopener\" href=\"https:\/\/www.aacademica.org\/000-012\/432\" target=\"_blank\">identidad<\/a>\u00a0se \u00abdesarman\u00bb y se vuelven a \u00abarmar\u00bb. En algunos casos, incluso<strong>\u00a0<a href=\"https:\/\/eresmama.com\/adolescente-se-burla-de-mi\/\">discuten<\/a>\u00a0y se enfrentan con sus progenitores<\/strong>. Esto se debe a que tambi\u00e9n necesitan diferenciarse de ellos y reconocerse a s\u00ed mismos.<\/p>\n\n\n\n<h3 class=\"wp-block-heading\" id=\"3-por-el-rol-familiar-y-la-figura-de-los-padres\"><strong>3. Por el rol familiar y la figura de los padres<\/strong><\/h3>\n\n\n\n<p class=\"wp-block-paragraph\">De repente, dejan de ser ni\u00f1os y pasan a ser adolescentes. Sin embargo, a\u00fan no son adultos. Es decir, es una etapa de transici\u00f3n en donde los j\u00f3venes<strong>&nbsp;empiezan a conocer el sabor de cierta libertad y autonom\u00eda, pero a\u00fan no del todo o no como les gustar\u00eda<\/strong>. Por ejemplo, pueden empezar con sus primeras salidas, pero deben volver a determinada hora; o pueden moverse solos, pero deben reportar si est\u00e1n bien cada cierto tiempo.<\/p>\n\n\n\n<p class=\"wp-block-paragraph\">Ese espacio intermedio, tambi\u00e9n implica un duelo por el rol infantil. Porque&nbsp;<strong>as\u00ed como tienen derechos y libertades, tambi\u00e9n ganan en&nbsp;<a href=\"http:\/\/publicaciones.apuruguay.org\/index.php\/rup\/article\/view\/589\" target=\"_blank\" rel=\"noreferrer noopener\">responsabilidad<\/a><\/strong>.<\/p>\n\n\n\n<p class=\"wp-block-paragraph\">Por otro lado, esto se superpone con<strong>\u00a0la ca\u00edda de la imagen de los \u00absuperpadres\u00bb<\/strong>: esos h\u00e9roes que todo lo resuelven y todo lo pueden. De repente, el adolescente descubre que son personas de carne y hueso, que tambi\u00e9n se equivocan y que no son perfectos. Incluso, pueden resultar\u00a0<em>\u00abanticuados, sin onda y pesados\u00bb.\u00a0<\/em><\/p>\n\n\n\n<figure class=\"wp-block-image\"><img decoding=\"async\" src=\"https:\/\/eresmama.com\/wp-content\/uploads\/2023\/03\/adolescente-padres-pelea.jpg?auto=webp&amp;quality=45&amp;width=1920&amp;crop=16:9,smart,safe\" alt=\"\" title=\"\"\/><figcaption class=\"wp-element-caption\">Desidealizar a los adultos referentes es un cambio que puede ser m\u00e1s complejo de lo deseado, pero que es necesario para que los j\u00f3venes empiecen a andar su propio camino.<\/figcaption><\/figure>\n\n\n\n<h2 class=\"wp-block-heading\" id=\"como-acompanar-a-los-adolescentes\">C\u00f3mo acompa\u00f1ar a los adolescentes<\/h2>\n\n\n\n<p class=\"wp-block-paragraph\">Muchas veces, confundimos crecimiento con abandono. Parece que, como ya no son ni\u00f1os y como los adolescentes hacen de cuenta que no nos necesitan, entonces asumimos que pueden solos. En ocasiones, como ya son m\u00e1s independientes, tambi\u00e9n se espera que tengan otros comportamientos. Incluso,&nbsp;<strong>a veces se les exige demasiado y se depositan expectativas desmedidas sobre ellos<\/strong>. Sin embargo, estos conceptos est\u00e1n equivocados.<\/p>\n\n\n\n<p class=\"wp-block-paragraph\"><strong>Los j\u00f3venes necesitan contenci\u00f3n<\/strong>, afecto y una red que les permita saber que, si bien pueden cometer errores, tambi\u00e9n pueden encontrar un refugio. Algunas recomendaciones para apoyar a los adolescentes son las siguientes:<\/p>\n\n\n\n<ul class=\"wp-block-list\">\n<li><strong>En lugar de hacer comentarios sobre su cuerpo, preguntar c\u00f3mo se sienten<\/strong>. Tambi\u00e9n, podemos empatizar con ellos y&nbsp;<a href=\"https:\/\/eresmama.com\/claves-conectar-hijo-adolescente-mejorar-relacion\/\">contarles c\u00f3mo fue nuestra experiencia<\/a>&nbsp;en esa etapa.<\/li>\n\n\n\n<li><strong>Ense\u00f1ar buenos&nbsp;<a href=\"https:\/\/mejorconsalud.as.com\/estrategias-fomentar-habitos-saludables-adolescentes\/\" target=\"_blank\" rel=\"noreferrer noopener\">h\u00e1bitos de autocuidado<\/a>&nbsp;y respeto por su cuerpo<\/strong>. Puede ser desde cosas sencillas, como mantener la higiene, hasta el descanso, una buena alimentaci\u00f3n, el ejercicio o la participaci\u00f3n en actividades de su agrado.<\/li>\n\n\n\n<li><strong>Animarlos a que hablen y escuchar<\/strong>. No debemos&nbsp;<a href=\"https:\/\/eresmama.com\/actitudes-evitar-hijo-adolescente\/\">juzgar<\/a>&nbsp;lo que les pasa como algo sin importancia o pasajero. No son tonter\u00edas, sino situaciones que viven con emoci\u00f3n y que son importantes para ellos. Si los invalidamos, creer\u00e1n que nos los tomamos en serio y dejar\u00e1n de compartirnos su mundo.<\/li>\n\n\n\n<li><strong>Evitar criticarlos<\/strong>. Es clave no ponernos en una posici\u00f3n de superioridad. Lo mejor es aprender a gestionar nuestras emociones antes de reaccionar ante lo que hacen. No debemos tomarnos como algo personal aquellas cr\u00edticas que hacen.<\/li>\n<\/ul>\n\n\n\n<p class=\"wp-block-paragraph\"><\/p>\n\n\n\n<p class=\"wp-block-paragraph\"><span style=\"text-decoration: underline;\">Fuente: <\/span><a href=\"https:\/\/eresmama.com\/duelos-adolescencia\/\" data-type=\"URL\" data-id=\"https:\/\/www.nationalgeographicla.com\/ciencia\/2023\/06\/como-puede-ayudar-el-arte-a-mejorar-la-salud-mental\" target=\"_blank\" rel=\"noreferrer noopener\">ERES MAM\u00c1 <\/a><\/p>\n","protected":false},"excerpt":{"rendered":"<p>Aunque parece lo contrario, los adolescentes necesitan apoyo y contenci\u00f3n durante su crecimiento. Debemos buscar un equilibrio entre acercarnos a ellos y darles su espacio. Crecer implica un proceso en el cual nos encontramos con cambios, con aceptar que hay cosas que hay que reconvertir y otras que abandonar. As\u00ed, se debe abrir paso a [&hellip;]<\/p>\n","protected":false},"author":1,"featured_media":1101,"comment_status":"open","ping_status":"open","sticky":false,"template":"","format":"standard","meta":{"_crdt_document":"","footnotes":""},"categories":[30],"tags":[],"class_list":["post-1100","post","type-post","status-publish","format-standard","has-post-thumbnail","hentry","category-noticias"],"_links":{"self":[{"href":"https:\/\/fundinah.org\/index.php\/wp-json\/wp\/v2\/posts\/1100","targetHints":{"allow":["GET"]}}],"collection":[{"href":"https:\/\/fundinah.org\/index.php\/wp-json\/wp\/v2\/posts"}],"about":[{"href":"https:\/\/fundinah.org\/index.php\/wp-json\/wp\/v2\/types\/post"}],"author":[{"embeddable":true,"href":"https:\/\/fundinah.org\/index.php\/wp-json\/wp\/v2\/users\/1"}],"replies":[{"embeddable":true,"href":"https:\/\/fundinah.org\/index.php\/wp-json\/wp\/v2\/comments?post=1100"}],"version-history":[{"count":1,"href":"https:\/\/fundinah.org\/index.php\/wp-json\/wp\/v2\/posts\/1100\/revisions"}],"predecessor-version":[{"id":1102,"href":"https:\/\/fundinah.org\/index.php\/wp-json\/wp\/v2\/posts\/1100\/revisions\/1102"}],"wp:featuredmedia":[{"embeddable":true,"href":"https:\/\/fundinah.org\/index.php\/wp-json\/wp\/v2\/media\/1101"}],"wp:attachment":[{"href":"https:\/\/fundinah.org\/index.php\/wp-json\/wp\/v2\/media?parent=1100"}],"wp:term":[{"taxonomy":"category","embeddable":true,"href":"https:\/\/fundinah.org\/index.php\/wp-json\/wp\/v2\/categories?post=1100"},{"taxonomy":"post_tag","embeddable":true,"href":"https:\/\/fundinah.org\/index.php\/wp-json\/wp\/v2\/tags?post=1100"}],"curies":[{"name":"wp","href":"https:\/\/api.w.org\/{rel}","templated":true}]}}