{"id":1097,"date":"2023-07-17T18:26:49","date_gmt":"2023-07-17T22:26:49","guid":{"rendered":"https:\/\/fundinah.org\/?p=1097"},"modified":"2023-07-17T18:26:50","modified_gmt":"2023-07-17T22:26:50","slug":"5-caracteristicas-de-alguien-que-supero-su-baja-autoestima","status":"publish","type":"post","link":"https:\/\/fundinah.org\/index.php\/2023\/07\/17\/5-caracteristicas-de-alguien-que-supero-su-baja-autoestima\/","title":{"rendered":"5 caracter\u00edsticas de alguien que super\u00f3 su baja autoestima"},"content":{"rendered":"\n<p class=\"wp-block-paragraph\">Cuando se trata de mejorar tu persona no pienses que los procesos son lineales, esta gu\u00eda lo demuestra<\/p>\n\n\n\n<p class=\"wp-block-paragraph\">El amor propio no es un camino lineal, como tampoco lo es la vida misma. No te agobies cuando lleves a cabo tus procesos para sanar y evolucionar, habr\u00e1 tiempo para todo. Eso s\u00ed, la&nbsp;<strong>baja autoestima<\/strong>&nbsp;es una de las primeras cosas en las cuales debes poner atenci\u00f3n si quieres crecer como personas.&nbsp;Estas son las&nbsp;<a href=\"https:\/\/www.serzen.mx\/vida-en-familia\/2023\/7\/3\/caracteristicas-de-que-tu-pareja-tu-estan-destinadas-estar-juntos-toda-la-vida-33547.html\" target=\"_blank\" rel=\"noreferrer noopener\"><strong>caracter\u00edsticas&nbsp;<\/strong><\/a>de alguien que tuvo una&nbsp;<strong>superaci\u00f3n&nbsp;<\/strong>plena, puedes usarlas como gu\u00eda.&nbsp;<\/p>\n\n\n\n<p class=\"wp-block-paragraph\">Bien lo dicen las personas sabias: ser mejores no se trata de avanzar en l\u00ednea recta y cumplir con expectativas sociales, mas bien es un proceso en el que constantemente te escuchas, te nutres a ti y a tus relaciones, y te convences de tu valor en la vida. Si un d\u00eda dudas de ello, es pertinente que trabajes esa\u00a0<a rel=\"noreferrer noopener\" href=\"https:\/\/www.serzen.mx\/vida-en-familia\/2023\/6\/28\/como-saber-si-tengo-baja-autoestima-con-este-test-de-personalidad-33535.html\" target=\"_blank\"><strong>baja autoestima<\/strong><\/a>. No te sientas culpable por eso, no hay nadie que haya nacido sin elementos a trabajar.<\/p>\n\n\n\n<p class=\"wp-block-paragraph\">Con estas\u00a0<strong>caracter\u00edsticas\u00a0<\/strong>puedes tener un proceso de\u00a0<strong>superaci\u00f3n\u00a0<\/strong>m\u00e1s orientado; ver\u00e1s que si las sigues tu\u00a0<strong>baja autoestima<\/strong>\u00a0ir\u00e1 desapareciendo.\u00a0Y recuerda, evolucionar no tiene prisas, toma tu ritmo.\u00a0<\/p>\n\n\n\n<h2 class=\"wp-block-heading\">\u00bfC\u00f3mo saber si ya no tengo baja autoestima?<\/h2>\n\n\n\n<p class=\"wp-block-paragraph\">Antes de comenzar con las\u00a0<strong>caracter\u00edsticas\u00a0<\/strong>es importante dejar claro qu\u00e9 es la autoestima. B\u00e1sicamente este concepto se refiere a las ideas y opiniones que tenemos sobre nosotros mismos en diversos \u00e1mbitos. Cuando hay\u00a0<strong>autoestima baja\u00a0<\/strong>es porque no validamos, y s\u00ed juzgamos, eso que somos. Estas son las se\u00f1ales de alguien que pudo romper con ello.<\/p>\n\n\n\n<h3 class=\"wp-block-heading\">No necesitas aprobaci\u00f3n de los dem\u00e1s<\/h3>\n\n\n\n<p class=\"wp-block-paragraph\">Una persona que est\u00e1 bien segura de lo que vale no necesita que alguien m\u00e1s se lo confirme. Conf\u00eda en su criterio y en las cosas que tiene por ofrecer. Su&nbsp;<strong>superaci\u00f3n&nbsp;<\/strong>ha sido tal que dej\u00f3 de buscar que otras personas acepten su ser. Esto genera una fortaleza inquebrantable, ninguna cr\u00edtica o ataque ser\u00e1 suficiente para derrumbarte.<\/p>\n\n\n\n<figure class=\"wp-block-image\"><img decoding=\"async\" src=\"https:\/\/www.serzen.mx\/u\/fotografias\/m\/2023\/7\/4\/f768x1-58021_58148_5050.jpg\" alt=\"mujer que rompi\u00f3 con la baja autoestima\"\/><figcaption class=\"wp-element-caption\">Cr\u00e9ditos: Pexels<\/figcaption><\/figure>\n\n\n\n<h3 class=\"wp-block-heading\">Reconoces tus defectos, pero eso no hace que te olvides de tus virtudes<\/h3>\n\n\n\n<p class=\"wp-block-paragraph\">Nadie es perfecto. Mejorar la&nbsp;<strong>baja autoestima<\/strong>&nbsp;no implica&nbsp;olvidarnos de todos nuestros errores; siempre habr\u00e1 defectos para mejorar, esa es la idea del crecimiento constate.&nbsp;<\/p>\n\n\n\n<p class=\"wp-block-paragraph\">Pero es preciso hacer una aclaraci\u00f3n, reconocer los errores no nos tiene que llevar a olvidarnos de nuestras virtudes. Quien ha logrado superarse,&nbsp;y ha encontrado&nbsp;su valor, sabe que tiene cosas por mejorar, pero no deja de lado todo aquello bueno con lo que cuenta.&nbsp;Es un equilibrio bastante saludable, mantienes al ego en niveles correctos, y tambi\u00e9n te das el trato que te mereces.<\/p>\n\n\n\n<h3 class=\"wp-block-heading\">Sabes que mereces lo bueno de la vida<\/h3>\n\n\n\n<p class=\"wp-block-paragraph\">Cuando alguien tiene&nbsp;<strong>baja autoestima<\/strong>&nbsp;cree que no merece lo bueno; es tan poco el valor que se otorga a s\u00ed mismo que piensa que no est\u00e1 dispuesto a abrazar todas esas fortunas de la vida, lo cual le har\u00e1 rechazarlas y sumergirse en un circulo vicioso y contaminado.<\/p>\n\n\n\n<p class=\"wp-block-paragraph\">Por otro lado, quien ha aceptado su vida, su persona y su ser, sabe que las circunstancias positivas no son obras del destino solamente, tambi\u00e9n&nbsp;son reflejos de su trabajo, de sus esfuerzos, y de la buena idea que tiene de s\u00ed.&nbsp;<\/p>\n\n\n\n<figure class=\"wp-block-image\"><img decoding=\"async\" src=\"https:\/\/www.serzen.mx\/u\/fotografias\/m\/2023\/7\/4\/f768x1-58020_58147_5050.jpg\" alt=\"persona que tiene un proceso de superaci\u00f3n caracter\u00edsticas\"\/><figcaption class=\"wp-element-caption\">Cr\u00e9ditos: Pexels<\/figcaption><\/figure>\n\n\n\n<h3 class=\"wp-block-heading\">Expresas lo que piensas y sientes<\/h3>\n\n\n\n<p class=\"wp-block-paragraph\">La&nbsp;<strong>caracter\u00edstica&nbsp;<\/strong>con la que es m\u00e1s sencillo identificar si has tenido un proceso de&nbsp;<strong>superaci\u00f3n&nbsp;<\/strong>es esta. Validas constantemente tus ideas, sentimientos y opiniones; no dejas que nadie te diga c\u00f3mo pensar o sentir; y cuando hay la oportunidad ofreces tu ayuda porque sabes que todo lo que aportas tiene un valor real.&nbsp;<\/p>\n\n\n\n<figure class=\"wp-block-image\"><img decoding=\"async\" src=\"https:\/\/www.serzen.mx\/u\/fotografias\/m\/2023\/7\/4\/f768x1-58017_58144_5050.jpg\" alt=\"como s\u00e9 si ya no tengo baja autoestima\"\/><figcaption class=\"wp-element-caption\">Cr\u00e9ditos: Pexels<\/figcaption><\/figure>\n\n\n\n<h3 class=\"wp-block-heading\">Te exiges de forma moderada, valoras tu esfuerzo<\/h3>\n\n\n\n<p class=\"wp-block-paragraph\">Si quieres incrementar tu<strong>&nbsp;baja autoestima<\/strong>&nbsp;debes dejar de ser tan exigente con tu persona. S\u00ed, solo t\u00fa sabes qu\u00e9 tanto te esfuerzas para alcanzar tus objetivos, pero no debes tener tanta rudeza a la hora de hacer ese an\u00e1lisis propio.&nbsp;<\/p>\n\n\n\n<p class=\"wp-block-paragraph\">El primer paso para reconocer tu valor tiene que ver con la aceptaci\u00f3n de tus esfuerzos. Cuando se trata de cambiar para bien no hay intentos peque\u00f1os o grandes, solo intentos. Mientras haya disposici\u00f3n de mejora avanzar\u00e1s, a tu ritmo, no al que los dem\u00e1s digan.&nbsp;<\/p>\n\n\n\n<p class=\"wp-block-paragraph\">Esperamos que estas&nbsp;<strong>caracter\u00edsticas&nbsp;<\/strong>puedan ser una gu\u00eda \u00fatil para ti, que quieres borrar tu&nbsp;<strong>baja autoestima.&nbsp;<\/strong>Toma tu tiempo, la&nbsp;<strong>superaci\u00f3n&nbsp;<\/strong>no es un proceso lineal. Si quieres m\u00e1s contenido relacionado al amor propio puedes encontrarlo en tu p\u00e1gina de&nbsp;<a href=\"https:\/\/www.instagram.com\/serzenmx\/\" target=\"_blank\" rel=\"noreferrer noopener\">Instagram<\/a>.<\/p>\n\n\n\n<p class=\"wp-block-paragraph\"><span style=\"text-decoration: underline;\">Fuente: <\/span><a href=\"https:\/\/www.serzen.mx\/vida-en-familia\/2023\/7\/4\/caracteristicas-de-alguien-que-supero-su-baja-autoestima-33633.html\" data-type=\"URL\" data-id=\"https:\/\/www.nationalgeographicla.com\/ciencia\/2023\/06\/como-puede-ayudar-el-arte-a-mejorar-la-salud-mental\" target=\"_blank\" rel=\"noreferrer noopener\">SERZEN<\/a><\/p>\n","protected":false},"excerpt":{"rendered":"<p>Cuando se trata de mejorar tu persona no pienses que los procesos son lineales, esta gu\u00eda lo demuestra El amor propio no es un camino lineal, como tampoco lo es la vida misma. No te agobies cuando lleves a cabo tus procesos para sanar y evolucionar, habr\u00e1 tiempo para todo. Eso s\u00ed, la&nbsp;baja autoestima&nbsp;es una [&hellip;]<\/p>\n","protected":false},"author":1,"featured_media":1098,"comment_status":"open","ping_status":"open","sticky":false,"template":"","format":"standard","meta":{"_crdt_document":"","footnotes":""},"categories":[30],"tags":[],"class_list":["post-1097","post","type-post","status-publish","format-standard","has-post-thumbnail","hentry","category-noticias"],"_links":{"self":[{"href":"https:\/\/fundinah.org\/index.php\/wp-json\/wp\/v2\/posts\/1097","targetHints":{"allow":["GET"]}}],"collection":[{"href":"https:\/\/fundinah.org\/index.php\/wp-json\/wp\/v2\/posts"}],"about":[{"href":"https:\/\/fundinah.org\/index.php\/wp-json\/wp\/v2\/types\/post"}],"author":[{"embeddable":true,"href":"https:\/\/fundinah.org\/index.php\/wp-json\/wp\/v2\/users\/1"}],"replies":[{"embeddable":true,"href":"https:\/\/fundinah.org\/index.php\/wp-json\/wp\/v2\/comments?post=1097"}],"version-history":[{"count":1,"href":"https:\/\/fundinah.org\/index.php\/wp-json\/wp\/v2\/posts\/1097\/revisions"}],"predecessor-version":[{"id":1099,"href":"https:\/\/fundinah.org\/index.php\/wp-json\/wp\/v2\/posts\/1097\/revisions\/1099"}],"wp:featuredmedia":[{"embeddable":true,"href":"https:\/\/fundinah.org\/index.php\/wp-json\/wp\/v2\/media\/1098"}],"wp:attachment":[{"href":"https:\/\/fundinah.org\/index.php\/wp-json\/wp\/v2\/media?parent=1097"}],"wp:term":[{"taxonomy":"category","embeddable":true,"href":"https:\/\/fundinah.org\/index.php\/wp-json\/wp\/v2\/categories?post=1097"},{"taxonomy":"post_tag","embeddable":true,"href":"https:\/\/fundinah.org\/index.php\/wp-json\/wp\/v2\/tags?post=1097"}],"curies":[{"name":"wp","href":"https:\/\/api.w.org\/{rel}","templated":true}]}}