{"id":1088,"date":"2023-07-10T11:23:02","date_gmt":"2023-07-10T15:23:02","guid":{"rendered":"https:\/\/fundinah.org\/?p=1088"},"modified":"2023-07-10T11:24:33","modified_gmt":"2023-07-10T15:24:33","slug":"que-es-la-distimia-y-como-afecta-a-tu-estado-de-animo","status":"publish","type":"post","link":"https:\/\/fundinah.org\/index.php\/2023\/07\/10\/que-es-la-distimia-y-como-afecta-a-tu-estado-de-animo\/","title":{"rendered":"\u00bfQu\u00e9 es la distimia y c\u00f3mo afecta a tu estado de \u00e1nimo?"},"content":{"rendered":"\n<p class=\"wp-block-paragraph\">Por Laura G. Vara<\/p>\n\n\n\n<p class=\"wp-block-paragraph\">Es un trastorno que suele pasar desapercibido por lo que hay que prestar mucha atenci\u00f3n a sus s\u00edntomas. Descubre c\u00f3mo afecta esta depresi\u00f3n leve, pero constante, a las personas.<\/p>\n\n\n\n<p class=\"wp-block-paragraph\">El tema de la salud mental est\u00e1 en el foco de los medios de comunicaci\u00f3n. Por fin se ha logrado hablar de la depresi\u00f3n sin miedo, como ha hecho Alejandro Sanz, y dejar de invisibilizar un problema que&nbsp;<strong>afecta a m\u00e1s del 5% de la poblaci\u00f3n espa\u00f1ola<\/strong>. Parece una cifra muy baja, pero si lo piensas con detenimiento, seguro que&nbsp;<strong>en tu c\u00edrculo m\u00e1s cercano<\/strong>&nbsp;al menos una persona sufre esta enfermedad.<\/p>\n\n\n\n<p class=\"wp-block-paragraph\">Sin embargo, hay un&nbsp;<a href=\"https:\/\/www.vanitatis.elconfidencial.com\/estilo\/ocio\/2021-05-14\/que-es-depresion-clinica-enfermedad-famosos_3078527\/\">tipo de depresi\u00f3n<\/a>&nbsp;que es&nbsp;<strong>m\u00e1s silenciosa&nbsp;<\/strong>y que tanto al enfermo como a su familia le cuestan reconocer, no por querer ocultarlo sino porque no son conscientes del problema con el que conviven. Se trata de&nbsp;<strong>la distimia, una patolog\u00eda m\u00e1s leve<\/strong>&nbsp;pero de larga duraci\u00f3n. \u00bfLa conoc\u00edas? Te contamos todo sobre ella.<\/p>\n\n\n\n<figure class=\"wp-block-image size-full\"><img fetchpriority=\"high\" decoding=\"async\" width=\"560\" height=\"747\" src=\"https:\/\/fundinah.org\/wp-content\/uploads\/2023\/07\/f.elconfidencial.com_original_9ff_386_a2b_9ff386a2b4691c849f7e33d2b35bd320.jpg\" alt=\"\" class=\"wp-image-1090\" srcset=\"https:\/\/fundinah.org\/wp-content\/uploads\/2023\/07\/f.elconfidencial.com_original_9ff_386_a2b_9ff386a2b4691c849f7e33d2b35bd320.jpg 560w, https:\/\/fundinah.org\/wp-content\/uploads\/2023\/07\/f.elconfidencial.com_original_9ff_386_a2b_9ff386a2b4691c849f7e33d2b35bd320-225x300.jpg 225w\" sizes=\"(max-width: 560px) 100vw, 560px\" \/><figcaption class=\"wp-element-caption\">\u00bfQu\u00e9 es la distimia? (Pexels\/ Dmitriy Zub)<\/figcaption><\/figure>\n\n\n\n<p class=\"wp-block-paragraph\">Se trata de un trastorno depresivo que\u00a0<strong>no encaja en el diagn\u00f3stico de una depresi\u00f3n<\/strong>\u00a0severa. Es una enfermedad que puede ser hereditaria y que afecta a las mujeres dos veces m\u00e1s que a los hombres. En algunos casos, las personas tambi\u00e9n pueden tener ansiedad o trastorno bipolar y\u00a0<strong>no es una patolog\u00eda solo de adultos<\/strong>, sino que los ni\u00f1os y\u00a0<a href=\"https:\/\/www.vanitatis.elconfidencial.com\/vida-saludable\/2023-05-20\/ansiedad-infantil-depresion-hijos-padres-adolescentes-salud-mental_3631140\/\">adolescentes tambi\u00e9n pueden padecerla<\/a>.<\/p>\n\n\n\n<p class=\"wp-block-paragraph\">* Si no ves correctamente este formulario,&nbsp;<a href=\"https:\/\/www.elconfidencial.com\/newsletter\/\">haz click aqu\u00ed<\/a><\/p>\n\n\n\n<p class=\"wp-block-paragraph\">La distimia es una forma de depresi\u00f3n cr\u00f3nica leve, continua y persistente. No se conocen sus causas, pero s\u00ed&nbsp;<strong>se han estudiado sus s\u00edntomas<\/strong>. El cansancio extremo, la contin\u00faa tristeza, el aislamiento, la baja productividad y falta de concentraci\u00f3n, el sentimiento constante de culpa o la irritabilidad son algunos de ellos. Adem\u00e1s,&nbsp;<strong>se asocia con un cambio en la alimentaci\u00f3n<\/strong>, con perdidas de apetito o necesidad extrema de comer y con una alteraci\u00f3n en los<a href=\"https:\/\/www.vanitatis.elconfidencial.com\/vida-saludable\/2023-05-08\/hora-perfecta-dormir-ciclos-sueno_3622856\/\">&nbsp;patrones del sue\u00f1o<\/a>, como insomnio, despertar de madrugada o dormir demasiado.<\/p>\n\n\n\n<figure class=\"wp-block-image size-full\"><img decoding=\"async\" width=\"560\" height=\"747\" src=\"https:\/\/fundinah.org\/wp-content\/uploads\/2023\/07\/f.elconfidencial.com_original_9ca_0c0_557_9ca0c0557a87ac7f3391afe9be4aaf2d.jpg\" alt=\"\" class=\"wp-image-1089\" srcset=\"https:\/\/fundinah.org\/wp-content\/uploads\/2023\/07\/f.elconfidencial.com_original_9ca_0c0_557_9ca0c0557a87ac7f3391afe9be4aaf2d.jpg 560w, https:\/\/fundinah.org\/wp-content\/uploads\/2023\/07\/f.elconfidencial.com_original_9ca_0c0_557_9ca0c0557a87ac7f3391afe9be4aaf2d-225x300.jpg 225w\" sizes=\"(max-width: 560px) 100vw, 560px\" \/><figcaption class=\"wp-element-caption\">S\u00edntomas de la distimia. (Pexels\/ Elina Sazonova)<\/figcaption><\/figure>\n\n\n\n<p class=\"wp-block-paragraph\">Esto nos afecta al estado de \u00e1nimo y a<strong>&nbsp;la calidad de vida en general<\/strong>. Algunas consecuencias de la distimia son el mal desempe\u00f1o del trabajo diario, ampliando as\u00ed la ansiedad, adem\u00e1s est\u00e1 relacionado con adicci\u00f3n a sustancias para sentirnos mejor.&nbsp;<strong>Puede generar conflictos&nbsp;<\/strong>con compa\u00f1eros y familiares, e incluso dolores y enfermedades cr\u00f3nicas asociadas como la fibromialgia.<\/p>\n\n\n\n<p class=\"wp-block-paragraph\">Si tienes estos s\u00edntomas&nbsp;<strong>acude a un especialista<\/strong>, ya que esta enfermedad tiene remedio. Mediante<strong>&nbsp;tratamiento y terapia<\/strong>&nbsp;puedes lograr volver a tu vida normal. Es un proceso largo, pero puedes conseguirlo, no tires la toalla. Es una enfermedad que no&nbsp;<a href=\"https:\/\/www.vanitatis.elconfidencial.com\/estilo\/moda\/2015-11-21\/siete-cosas-que-nuestra-ropa-hara-por-nosotros-en-el-futuro_1099591\/\">se puede prevenir<\/a>, pero s\u00ed se puede curar.<\/p>\n\n\n\n<p class=\"wp-block-paragraph\"><span style=\"text-decoration: underline;\">Fuente: <\/span><a href=\"https:\/\/www.vanitatis.elconfidencial.com\/vida-saludable\/2023-06-05\/distimia-afecta-al-estado-de-animo-depresion_3656571\/\" data-type=\"URL\" data-id=\"https:\/\/www.nationalgeographicla.com\/ciencia\/2023\/06\/como-puede-ayudar-el-arte-a-mejorar-la-salud-mental\" target=\"_blank\" rel=\"noreferrer noopener\">Vanitatis El Confidencial<\/a><\/p>\n","protected":false},"excerpt":{"rendered":"<p>Por Laura G. Vara Es un trastorno que suele pasar desapercibido por lo que hay que prestar mucha atenci\u00f3n a sus s\u00edntomas. Descubre c\u00f3mo afecta esta depresi\u00f3n leve, pero constante, a las personas. El tema de la salud mental est\u00e1 en el foco de los medios de comunicaci\u00f3n. Por fin se ha logrado hablar de [&hellip;]<\/p>\n","protected":false},"author":1,"featured_media":1091,"comment_status":"open","ping_status":"open","sticky":false,"template":"","format":"standard","meta":{"_crdt_document":"","footnotes":""},"categories":[30],"tags":[],"class_list":["post-1088","post","type-post","status-publish","format-standard","has-post-thumbnail","hentry","category-noticias"],"_links":{"self":[{"href":"https:\/\/fundinah.org\/index.php\/wp-json\/wp\/v2\/posts\/1088","targetHints":{"allow":["GET"]}}],"collection":[{"href":"https:\/\/fundinah.org\/index.php\/wp-json\/wp\/v2\/posts"}],"about":[{"href":"https:\/\/fundinah.org\/index.php\/wp-json\/wp\/v2\/types\/post"}],"author":[{"embeddable":true,"href":"https:\/\/fundinah.org\/index.php\/wp-json\/wp\/v2\/users\/1"}],"replies":[{"embeddable":true,"href":"https:\/\/fundinah.org\/index.php\/wp-json\/wp\/v2\/comments?post=1088"}],"version-history":[{"count":2,"href":"https:\/\/fundinah.org\/index.php\/wp-json\/wp\/v2\/posts\/1088\/revisions"}],"predecessor-version":[{"id":1093,"href":"https:\/\/fundinah.org\/index.php\/wp-json\/wp\/v2\/posts\/1088\/revisions\/1093"}],"wp:featuredmedia":[{"embeddable":true,"href":"https:\/\/fundinah.org\/index.php\/wp-json\/wp\/v2\/media\/1091"}],"wp:attachment":[{"href":"https:\/\/fundinah.org\/index.php\/wp-json\/wp\/v2\/media?parent=1088"}],"wp:term":[{"taxonomy":"category","embeddable":true,"href":"https:\/\/fundinah.org\/index.php\/wp-json\/wp\/v2\/categories?post=1088"},{"taxonomy":"post_tag","embeddable":true,"href":"https:\/\/fundinah.org\/index.php\/wp-json\/wp\/v2\/tags?post=1088"}],"curies":[{"name":"wp","href":"https:\/\/api.w.org\/{rel}","templated":true}]}}