{"id":1079,"date":"2023-07-03T10:55:25","date_gmt":"2023-07-03T14:55:25","guid":{"rendered":"https:\/\/fundinah.org\/?p=1079"},"modified":"2023-07-03T11:02:23","modified_gmt":"2023-07-03T15:02:23","slug":"trastorno-esquizoafectivo-que-es-y-como-se-debe-tratar","status":"publish","type":"post","link":"https:\/\/fundinah.org\/index.php\/2023\/07\/03\/trastorno-esquizoafectivo-que-es-y-como-se-debe-tratar\/","title":{"rendered":"Trastorno esquizoafectivo: Qu\u00e9 es y como se debe tratar"},"content":{"rendered":"\n<h3 class=\"wp-block-heading\">\u00bfQu\u00e9 otra pregunta le gustar\u00eda hacerle a un psic\u00f3logo? Com\u00e9ntenos y especialistas del departamento de psicolog\u00eda de la Universidad Rafael Land\u00edvar responder\u00e1n sus dudas.<\/h3>\n\n\n\n<p class=\"wp-block-paragraph\">Por&nbsp;Jos\u00e9 Salvador Acevedo Aparicio, Psic\u00f3logo Cl\u00ednico*Publicado el&nbsp;<a href=\"https:\/\/www.prensalibre.com\/vida\/salud-y-familia\/trastorno-esquizoafectivo-que-es-y-como-se-debe-tratar\/\"><time datetime=\"2023-06-30T07:00:20-06:00\">30 de junio de 2023 a las 7:06h<\/time><\/a><\/p>\n\n\n\n<p class=\"wp-block-paragraph\">Es importante que ante un trastorno esquizoafectivo se act\u00fae de forma inmediata procurando apoyo psiqui\u00e1trico para quien lo padece. (Foto Prensa Libre: Ma\u0142gorzata Tomczak en Pixabay)<\/p>\n\n\n\n<p class=\"wp-block-paragraph\">Uno de los trastornos con elevado \u00edndice de prevalencia en la poblaci\u00f3n es el trastorno&nbsp;<strong>esquizoafectivo el cual est\u00e1 conformado por s\u00edntomas de dos cuadros cl\u00ednicos.<\/strong><\/p>\n\n\n\n<p class=\"wp-block-paragraph\">Por un lado, tenemos un grupo de s\u00edntomas relacionados con un estado depresivo<strong>&nbsp;(desanimo, tristeza profunda, aislamiento, p\u00e9rdida del sentido de la vida) o con un estado de man\u00eda (energ\u00eda inusual, comportamientos impulsivos, acciones que conllevan riesgos).<\/strong><\/p>\n\n\n\n<p class=\"wp-block-paragraph\">Por otro, s\u00edntomas de psicosis t<strong>ales como delirios (pensamientos intrusivos), alucinaciones (alteraciones de los sentidos),<\/strong>&nbsp;lenguaje desorganizado, comportamiento incoherente.<\/p>\n\n\n\n<p class=\"wp-block-paragraph\">Para comprender de forma adecuada, perm\u00edtaseme un ejemplo.&nbsp;<strong>Hace algunos a\u00f1os una consultante que atend\u00ed presentaba un cuadro depresivo: no socializaba, abandon\u00f3 sus actividades cotidianas y hab\u00eda perdido el sentido de la vida. Sin embargo, al poco tiempo, inici\u00f3 a experimentar, adicionalmente, s\u00edntomas de tipo psic\u00f3tico<\/strong>: empez\u00f3 a ver figuras humanas inexistentes, a escuchar voces y tuvo pensamientos intrusivos (pensar que la vigilaban o que alguien le le\u00eda el pensamiento). Incluso, escuch\u00f3 una voz que la invitaba a quitarse la vida.<\/p>\n\n\n\n<p class=\"wp-block-paragraph\">Indudablemente, la consultante experimentaba un trastorno esquizoafectivo, en el que concurr\u00edan s\u00edntomas de dos cuadros cl\u00ednicos. La consultante estaba muy desanimada y no deseaba vivir (depresi\u00f3n), pero al mismo tiempo experimentaba alteraciones visuales, alteraciones auditivas y pensamientos intrusivos de suicidio (s\u00edntomas psic\u00f3ticos).<\/p>\n\n\n\n<p class=\"wp-block-paragraph\">As\u00ed mismo, puede presentarse un trastorno esquizoafectivo en el que, en lugar de s\u00edntomas de tipo depresivo, sean s\u00edntomas de man\u00eda los que se combinan con s\u00edntomas psic\u00f3ticos.&nbsp;<strong>Los s\u00edntomas de man\u00eda se manifiestan por: energ\u00eda desbordante, inhabitual, acciones que ponen en riesgo a la propia persona o a otros (actividades sexuales sin protecci\u00f3n, peleas), comportamientos impulsivos (compras sin control).<\/strong><\/p>\n\n\n\n<p class=\"wp-block-paragraph\"><strong>Es importante que ante un trastorno esquizoafectivo se act\u00fae de forma inmediata<\/strong>&nbsp;procurando apoyo psiqui\u00e1trico para quien lo padece.<\/p>\n\n\n\n<p class=\"wp-block-paragraph\">*Docente del Departamento de Psicolog\u00eda de la Facultad de Humanidades, Universidad Rafael Land\u00edvar.<\/p>\n\n\n\n<p class=\"wp-block-paragraph\"><span style=\"text-decoration: underline;\">Fuente: <\/span><a href=\"https:\/\/www.prensalibre.com\/vida\/salud-y-familia\/trastorno-esquizoafectivo-que-es-y-como-se-debe-tratar\/\" data-type=\"URL\" data-id=\"https:\/\/www.nationalgeographicla.com\/ciencia\/2023\/06\/como-puede-ayudar-el-arte-a-mejorar-la-salud-mental\" target=\"_blank\" rel=\"noreferrer noopener\">Prensa Libre<\/a><\/p>\n","protected":false},"excerpt":{"rendered":"<p>\u00bfQu\u00e9 otra pregunta le gustar\u00eda hacerle a un psic\u00f3logo? Com\u00e9ntenos y especialistas del departamento de psicolog\u00eda de la Universidad Rafael Land\u00edvar responder\u00e1n sus dudas. Por&nbsp;Jos\u00e9 Salvador Acevedo Aparicio, Psic\u00f3logo Cl\u00ednico*Publicado el&nbsp;30 de junio de 2023 a las 7:06h Es importante que ante un trastorno esquizoafectivo se act\u00fae de forma inmediata procurando apoyo psiqui\u00e1trico para quien [&hellip;]<\/p>\n","protected":false},"author":1,"featured_media":1080,"comment_status":"open","ping_status":"open","sticky":false,"template":"","format":"standard","meta":{"_crdt_document":"","footnotes":""},"categories":[30],"tags":[],"class_list":["post-1079","post","type-post","status-publish","format-standard","has-post-thumbnail","hentry","category-noticias"],"_links":{"self":[{"href":"https:\/\/fundinah.org\/index.php\/wp-json\/wp\/v2\/posts\/1079","targetHints":{"allow":["GET"]}}],"collection":[{"href":"https:\/\/fundinah.org\/index.php\/wp-json\/wp\/v2\/posts"}],"about":[{"href":"https:\/\/fundinah.org\/index.php\/wp-json\/wp\/v2\/types\/post"}],"author":[{"embeddable":true,"href":"https:\/\/fundinah.org\/index.php\/wp-json\/wp\/v2\/users\/1"}],"replies":[{"embeddable":true,"href":"https:\/\/fundinah.org\/index.php\/wp-json\/wp\/v2\/comments?post=1079"}],"version-history":[{"count":3,"href":"https:\/\/fundinah.org\/index.php\/wp-json\/wp\/v2\/posts\/1079\/revisions"}],"predecessor-version":[{"id":1084,"href":"https:\/\/fundinah.org\/index.php\/wp-json\/wp\/v2\/posts\/1079\/revisions\/1084"}],"wp:featuredmedia":[{"embeddable":true,"href":"https:\/\/fundinah.org\/index.php\/wp-json\/wp\/v2\/media\/1080"}],"wp:attachment":[{"href":"https:\/\/fundinah.org\/index.php\/wp-json\/wp\/v2\/media?parent=1079"}],"wp:term":[{"taxonomy":"category","embeddable":true,"href":"https:\/\/fundinah.org\/index.php\/wp-json\/wp\/v2\/categories?post=1079"},{"taxonomy":"post_tag","embeddable":true,"href":"https:\/\/fundinah.org\/index.php\/wp-json\/wp\/v2\/tags?post=1079"}],"curies":[{"name":"wp","href":"https:\/\/api.w.org\/{rel}","templated":true}]}}