{"id":1065,"date":"2023-06-19T12:17:22","date_gmt":"2023-06-19T16:17:22","guid":{"rendered":"https:\/\/fundinah.org\/?p=1065"},"modified":"2023-06-19T12:18:27","modified_gmt":"2023-06-19T16:18:27","slug":"todo-sobre-el-sindrome-del-hijo-del-medio","status":"publish","type":"post","link":"https:\/\/fundinah.org\/index.php\/2023\/06\/19\/todo-sobre-el-sindrome-del-hijo-del-medio\/","title":{"rendered":"Todo sobre el s\u00edndrome del hijo del medio"},"content":{"rendered":"\n<h4 class=\"wp-block-heading\">Aunque a menudo se diga que el s\u00edndrome del hermano mediano es poco m\u00e1s que un mito, muchas personas se identifican con esos efectos asociados al orden del nacimiento. En el siguiente art\u00edculo, te explicamos m\u00e1s sobre este tema.<\/h4>\n\n\n\n<p class=\"wp-block-paragraph\"><strong>El s\u00edndrome del hijo medio es para algunos poco m\u00e1s que una leyenda urbana; para otros, una realidad evidente<\/strong>. Lo cierto es que crecer en una familia donde se asume esa posici\u00f3n intermedia no siempre es f\u00e1cil. Con frecuencia, el hermano mayor simboliza esa figura sobre quien sit\u00faan todos los refuerzos positivos, mientras que el peque\u00f1o se lleva los mimos y los cuidados.<\/p>\n\n\n\n<p class=\"wp-block-paragraph\"><strong>Fue el psicoterapeuta&nbsp;<a href=\"https:\/\/lamenteesmaravillosa.com\/biografia-alfred-adler-creador-la-psicologia-individual\/\">Alfred Adler<\/a>&nbsp;quien introdujo la teor\u00eda del hermano mediano,&nbsp;<\/strong>destacando c\u00f3mo estos ni\u00f1os perciben su posici\u00f3n en la constelaci\u00f3n familiar de forma m\u00e1s compleja. Seg\u00fan el Adler, se suelen sentir algo descuidados, m\u00e1s solos y desarrollan una personalidad particular. \u00bfQu\u00e9 hay de cierto y qu\u00e9 hay de falso en esta perspectiva? Lo analizamos a continuaci\u00f3n.<\/p>\n\n\n\n<blockquote class=\"wp-block-quote is-layout-flow wp-block-quote-is-layout-flow\">\n<p class=\"wp-block-paragraph\">Que cada vez nazcan menos ni\u00f1os hace que el fen\u00f3meno del hermano mediano aparezca con menor frecuencia. Sin embargo, quienes crecieron en una familia con varios hermanos, suelen acotar que sufrieron esta caracter\u00edstica.<\/p>\n<\/blockquote>\n\n\n\n<h2 class=\"wp-block-heading\">S\u00edndrome del hijo del medio: definici\u00f3n y caracter\u00edsticas<\/h2>\n\n\n\n<p class=\"wp-block-paragraph\"><strong>El s\u00edndrome del hijo medio referencia la experiencia de desatenci\u00f3n que sienten algunos ni\u00f1os a causa de su orden de&nbsp;<a href=\"https:\/\/lamenteesmaravillosa.com\/habilidades-se-asientan-antes-nacimiento\/\">nacimiento<\/a><\/strong>. Algunos -supuestamente- ven con molestia c\u00f3mo sus hermanos mayores y peque\u00f1os se llevan todos los refuerzos y cuidados.<\/p>\n\n\n\n<p class=\"wp-block-paragraph\">Desde que Alfred Adler introdujo este concepto en su libro&nbsp;<em>Problems of Neurosis<\/em>&nbsp;(1964), el tema no dej\u00f3 de atraer innumerable inter\u00e9s.&nbsp;Tambi\u00e9n es importante se\u00f1alar que no estamos ante ninguna condici\u00f3n psicol\u00f3gica ni trastorno registrado en el DSM-V. Por otro lado, aunque la ciencia lleva a\u00f1os indagando este tema, no siempre encuentra apoyo contundente a la teor\u00eda.<\/p>\n\n\n\n<p class=\"wp-block-paragraph\">Una muestra de ello es un trabajo reciente publicado en&nbsp;<a href=\"https:\/\/www.cell.com\/heliyon\/fulltext\/S2405-8440(20)30670-8?_returnURL=https%3A%2F%2Flinkinghub.elsevier.com%2Fretrieve%2Fpii%2FS2405844020306708%3Fshowall%3Dtrue\" target=\"_blank\" rel=\"noreferrer noopener\"><em>Heliyon<\/em><\/a>, donde se concluy\u00f3 que el orden de nacimiento no tiene un impacto en el modo de relacionarse dentro de la din\u00e1mica familiar. Sin embargo, m\u00e1s all\u00e1 de la literatura cient\u00edfica,&nbsp;<strong>en la realidad cotidiana algunas personas s\u00ed se identifican con esta perspectiva<\/strong>. Revisemos los factores y la evidencia al respecto.<\/p>\n\n\n\n<h3 class=\"wp-block-heading\">Hijos medianos muestran \u00abcierta distancia\u00bb de sus padres<\/h3>\n\n\n\n<p class=\"wp-block-paragraph\">Una de las primeras indagaciones sobre el s\u00edndrome del hijo medio fue la que apareci\u00f3 en 1998 en el&nbsp;<em><a rel=\"noreferrer noopener\" href=\"https:\/\/www.sciencedirect.com\/science\/article\/abs\/pii\/S1090513898000221\" target=\"_blank\">Official Journal of the Human Behavior and Evolution Society<\/a>.&nbsp;<\/em>En este trabajo se resaltaba que ser el hermano mediano podr\u00eda afectar al v\u00ednculo parental. Algo que se vio es c\u00f3mo<strong>&nbsp;a la hora de buscar apoyo, algunos prefieren a los propios hermanos que a los padres<\/strong>.<\/p>\n\n\n\n<p class=\"wp-block-paragraph\">Asimismo, tambi\u00e9n se evidenci\u00f3 que, por t\u00e9rmino medio, la cercan\u00eda afectiva que sent\u00edan por sus madres no estaba al mismo nivel que sus hermanos mayores y peque\u00f1os; la de estos \u00faltimos era m\u00e1s significativa. Todo ello podr\u00eda resumirse en el hecho de que el orden de nacimiento incidir\u00eda en el&nbsp;<a href=\"https:\/\/lamenteesmaravillosa.com\/como-saber-cual-es-mi-estilo-de-apego\/\">apego<\/a>&nbsp;e interacci\u00f3n con los propios progenitores.<\/p>\n\n\n\n<p class=\"wp-block-paragraph\">No obstante, cabe se\u00f1alar que ese estudio no se ha vuelto a revisar y no disponemos de datos actualizados.<\/p>\n\n\n\n<h3 class=\"wp-block-heading\">El s\u00edndrome del hijo mediano perfila una personalidad diferente<\/h3>\n\n\n\n<p class=\"wp-block-paragraph\">La psicolog\u00eda cl\u00ednica confiere una gran relevancia a las din\u00e1micas de crianza y al concepto del apego.&nbsp;<strong>En el s\u00edndrome del hijo mediano se acota la idea de que estas figuras no reciben tanta atenci\u00f3n emocional como los dem\u00e1s hermanos<\/strong>. Por tanto, si las experiencias psicoafectivas son desiguales, cabe la posibilidad de que esto afecte a la conducta y personalidad del ni\u00f1o.<\/p>\n\n\n\n<p class=\"wp-block-paragraph\">\u00bfQu\u00e9 rasgos y caracter\u00edsticas definir\u00edan a alguien criado en un contexto con dichas din\u00e1micas? Mira las siguientes:<\/p>\n\n\n\n<ul class=\"wp-block-list\">\n<li><strong>Personalidad competitiva y rebelde<\/strong>. El hijo mediano crece con la necesidad de competir con sus hermanos por la atenci\u00f3n parental. Esto, en ocasiones, traza un car\u00e1cter m\u00e1s rebelde y h\u00e1bil en cuanto a&nbsp;<a href=\"https:\/\/lamenteesmaravillosa.com\/crianza-tigres-competitivo-modelo-educativo-china\/\">conducta competitiva<\/a>.<\/li>\n\n\n\n<li><strong>Buenas habilidades sociales<\/strong>. A menudo, el intento del hijo medio para acercarse a los adultos en busca de atenci\u00f3n, le facilita un desarrollo temprano de la&nbsp;<a href=\"https:\/\/lamenteesmaravillosa.com\/ensenar-asertividad-ninos\/\">asertividad<\/a>, la buena comunicaci\u00f3n y las habilidades de negociaci\u00f3n.<\/li>\n\n\n\n<li><strong>El peso de los celos y el estr\u00e9s.<\/strong>&nbsp;Este s\u00edndrome defiende la idea de que, por lo general, son el&nbsp;<a href=\"https:\/\/lamenteesmaravillosa.com\/7-cosas-suceden-cuando-hermano-mayor\/\">hermano mayor<\/a>&nbsp;y el peque\u00f1o quienes se alzan como los \u00abpreferidos\u00bb de los padres, incentivando las experiencias de celos y de sufrimiento emocional.<\/li>\n\n\n\n<li><strong>Suelen asumir riesgos.<\/strong>&nbsp;El hecho de que los progenitores presten mayor atenci\u00f3n al resto de los hermanos, hace que el hijo mediano se vea m\u00e1s libre para involucrarse en conductas de riesgo. Esa falta de supervisi\u00f3n refuerza en ellos un esp\u00edritu m\u00e1s explorador y arriesgado.<\/li>\n\n\n\n<li><strong>Independientes y resolutivos.<\/strong>&nbsp;La periodista Katrin Schumann dispone de un libro titulado&nbsp;<em>The Secret Power of Middle Children<\/em>&nbsp;(2011). En su trabajo se rese\u00f1a que crecer en un escenario donde ser el mediano supone recibir menos refuerzos, quiz\u00e1s es una ventaja. Estos ni\u00f1os tal vez se vuelvan m\u00e1s&nbsp;<a href=\"https:\/\/lamenteesmaravillosa.com\/claves-criar-ninos-independientes\/\">independientes<\/a>, resolutivos y creativos.<\/li>\n\n\n\n<li><strong>Percepci\u00f3n de abandono y soledad<\/strong>. Crecer siendo testigo de que los otros hermanos se llevan casi toda la atenci\u00f3n de los padres, dejar\u00eda la impronta de estas heridas. Un ejemplo lo tenemos en el&nbsp;<em><a href=\"https:\/\/www.ncbi.nlm.nih.gov\/pmc\/articles\/PMC5052955\/\" target=\"_blank\" rel=\"noreferrer noopener\">Indian Journal of Psychological Medicine<\/a><\/em>; su art\u00edculo argument\u00f3 que los hermanos mayores demuestran rasgos m\u00e1s perfeccionistas debido a la presi\u00f3n paterna.<\/li>\n<\/ul>\n\n\n\n<blockquote class=\"wp-block-quote is-layout-flow wp-block-quote-is-layout-flow\">\n<p class=\"wp-block-paragraph\">Hay adultos que crecieron siendo el hermano mediano y que desarrollan, en ocasiones, problemas para establecer relaciones seguras.<\/p>\n<\/blockquote>\n\n\n\n<h3 class=\"wp-block-heading\">Sensibilidad al rechazo en la edad adulta y relaciones inseguras<\/h3>\n\n\n\n<p class=\"wp-block-paragraph\">A veces, el hijo mediano crece en un territorio algo complejo, donde le faltan los reconocimientos y los apoyos parentales. As\u00ed, se desarrolla siendo testigo de que sus otros hermanos reciben mayores cuotas de afecto, de seguridad y de atenciones. En caso de que estas din\u00e1micas se cumplan, tendr\u00e1n su impacto en la edad adulta.<\/p>\n\n\n\n<p class=\"wp-block-paragraph\">Una investigaci\u00f3n publicada por&nbsp;<a href=\"https:\/\/iojes.net\/?mod=makale_tr_ozet&amp;makale_id=42558\" target=\"_blank\" rel=\"noreferrer noopener\"><em>International Online Journal of Educational Sciences<\/em><\/a>&nbsp;subraya que&nbsp;<strong>esa educaci\u00f3n desigual en la que uno no se siente amado con plenitud deja secuelas<\/strong>. La caracter\u00edstica m\u00e1s evidente es el miedo constante a ser rechazados; temen experimentar las mismas vivencias afectivas que en la infancia y esa angustia perjudicar\u00e1, sin duda, la calidad de sus relaciones interpersonales.<\/p>\n\n\n\n<p class=\"wp-block-paragraph\">De esta manera, desde la psicolog\u00eda cl\u00ednica, vinculamos esta \u00faltima realidad a las teor\u00edas del apego. La&nbsp;<a href=\"https:\/\/www.ncbi.nlm.nih.gov\/pmc\/articles\/PMC4845754\/\" target=\"_blank\" rel=\"noreferrer noopener\">Universidad de Minnesota<\/a>, por ejemplo, destaca c\u00f3mo esa crianza m\u00e1s vulnerable y carente de una vinculaci\u00f3n emocional segura,<strong>&nbsp;eleva el riesgo de que en la adultez las relaciones rom\u00e1nticas partan de un apego ansioso o inseguro<\/strong>.<\/p>\n\n\n\n<h2 class=\"wp-block-heading\">\u00bfC\u00f3mo prevenir el s\u00edndrome del hijo mediano?<\/h2>\n\n\n\n<p class=\"wp-block-paragraph\">Llegados a este punto, quiz\u00e1s m\u00e1s de uno se siga preguntando si el s\u00edndrome del hijo mediano es real.&nbsp;<strong>Insistimos en que la literatura cient\u00edfica no encuentra datos concluyentes<\/strong>. De hecho, el&nbsp;<a rel=\"noreferrer noopener\" href=\"https:\/\/dictionary.apa.org\/middle-child-syndrome\" target=\"_blank\">Diccionario de la Asociaci\u00f3n Americana de Psicolog\u00eda (APA)<\/a>&nbsp;la describe como una condici\u00f3n hipot\u00e9tica.<\/p>\n\n\n\n<p class=\"wp-block-paragraph\">A pesar de ello, es un hecho que una crianza y educaci\u00f3n discriminatoria en cuanto a los cuidados y afectos s\u00ed deriva, a veces, en la aparici\u00f3n de ciertos efectos como los ya descritos. Asimismo, tambi\u00e9n&nbsp;<strong>se ha comprobado que el orden de nacimiento media en dimensiones como la inteligencia.<\/strong><\/p>\n\n\n\n<p class=\"wp-block-paragraph\">Al respecto, la revista&nbsp;<a href=\"https:\/\/www.pnas.org\/doi\/10.1073\/pnas.1506451112\" target=\"_blank\" rel=\"noreferrer noopener\"><em>PNAS<\/em><\/a>&nbsp;comparti\u00f3 un art\u00edculo precisando que los hermanos mayores presentan puntuaciones m\u00e1s elevadas en este factor. Esto podr\u00eda asociarse con un mayor n\u00famero de refuerzos y atenciones por parte de los padres a dicho hermano.<\/p>\n\n\n\n<p class=\"wp-block-paragraph\">Por tanto, si deseamos que nuestros hijos crezcan en felicidad, con el mismo potencial y tengan las mejores oportunidades, es importante no descuidar a ninguno de ellos y darles las mismas atenciones por igual. Veamos, a continuaci\u00f3n, algunas estrategias b\u00e1sicas.<\/p>\n\n\n\n<h3 class=\"wp-block-heading\">Atenci\u00f3n y refuerzos emocionales igualitarios<\/h3>\n\n\n\n<p class=\"wp-block-paragraph\">Los padres de familias numerosas no siempre son conscientes de esas peque\u00f1as desigualdades en materia de atenci\u00f3n a los hijos. Es cierto que los peque\u00f1os demandan m\u00e1s cuidados y que en los primog\u00e9nitos se albergan grandes esperanzas. Ahora bien, es importante tener cuidado, porque los hijos medianos son los que m\u00e1s desatendidos llegan a sentirse.<\/p>\n\n\n\n<ul class=\"wp-block-list\">\n<li>Cobijemos en todos ellos las mismas ilusiones.<\/li>\n\n\n\n<li>Ofrezcamos las mismas oportunidades de aprendizaje.<\/li>\n\n\n\n<li><strong>Aportemos refuerzos y&nbsp;<a href=\"https:\/\/lamenteesmaravillosa.com\/la-validacion-emocional-aceptar-para-sanar\/\">validaciones emocionales<\/a>&nbsp;a todos los hijos igual<\/strong>.<\/li>\n\n\n\n<li>Es esencial que nos interesemos por saber c\u00f3mo son cada uno de ellos, qu\u00e9 les gusta, cu\u00e1les son sus sue\u00f1os.<\/li>\n\n\n\n<li><strong>Entendamos que cada ni\u00f1o es \u00fanico y que cada hermano tendr\u00e1 unas necesidades particulares<\/strong>.<\/li>\n<\/ul>\n\n\n\n<h3 class=\"wp-block-heading\">Evitemos comparaciones<\/h3>\n\n\n\n<p class=\"wp-block-paragraph\">Procuremos no&nbsp;<a href=\"https:\/\/lamenteesmaravillosa.com\/como-dejar-de-compararte-con-los-demas\/\">comparar<\/a>&nbsp;a los hermanos entre s\u00ed. Esta pr\u00e1ctica tiende a dejar secuelas y ser objeto de rencores posteriores.&nbsp;<strong>Si alguno de los ni\u00f1os demuestra ventaja en un \u00e1mbito, no menospreciemos a los dem\u00e1s&nbsp;<\/strong>por no evidenciar esa particularidad. Cada hermano tendr\u00e1 sus virtudes.<\/p>\n\n\n\n<h3 class=\"wp-block-heading\">Tiempo de calidad con todos por igual<\/h3>\n\n\n\n<p class=\"wp-block-paragraph\">Lo que se sucede en la infancia edifica la persona que uno ser\u00e1 el d\u00eda de ma\u00f1ana. As\u00ed, el tiempo compartido con los hijos act\u00faa como esos cimientos que quedan impregnados en la memoria emocional.&nbsp;<strong>Intentemos pasar tiempo de calidad con los ni\u00f1os, de forma conjunta y tambi\u00e9n por separado.<\/strong><\/p>\n\n\n\n<blockquote class=\"wp-block-quote is-layout-flow wp-block-quote-is-layout-flow\">\n<p class=\"wp-block-paragraph\">Una escapada divertida solo con los hijos medianos, de vez en cuando, refuerza el v\u00ednculo y son instantes que siempre se recordar\u00e1n.<\/p>\n<\/blockquote>\n\n\n\n<h3 class=\"wp-block-heading\">Tengamos presente el s\u00edndrome del hijo medio<\/h3>\n\n\n\n<p class=\"wp-block-paragraph\">No importa que para algunos sea un mito. Es evidente que, a veces, los hermanos medianos se perciben como esos hijos invisibles en el radar afectivo de sus padres. Teng\u00e1moslo en cuenta cada d\u00eda y procuremos emborronar esa percepci\u00f3n, sofocarla e impedir que el ni\u00f1o desarrolle tal sensaci\u00f3n.<\/p>\n\n\n\n<h2 class=\"wp-block-heading\">El amor ayuda a que no germine el s\u00edndrome del hijo mediano<\/h2>\n\n\n\n<p class=\"wp-block-paragraph\"><strong>La atenci\u00f3n, la presencia y los refuerzos emocionales desactivar\u00e1n el s\u00edndrome del hijo medio<\/strong>. Si bien nadie puede negar que el viaje de la crianza y educaci\u00f3n es un desaf\u00edo, recordemos que m\u00e1s all\u00e1 de la alimentaci\u00f3n, la ropa y los regalos, lo que m\u00e1s necesitan es nuestro amor.<\/p>\n\n\n\n<p class=\"wp-block-paragraph\">Sin duda alguna, amarlos es el mejor nutriente para que esta dimensi\u00f3n descrita no germine en ning\u00fan peque\u00f1o y arrastre coletazos en el futuro.<\/p>\n\n\n\n<p class=\"wp-block-paragraph\"><span style=\"text-decoration: underline;\">Fuente: <\/span><a href=\"https:\/\/lamenteesmaravillosa.com\/todo-sobre-el-sindrome-del-hijo-del-medio\/\" data-type=\"URL\" data-id=\"https:\/\/lamenteesmaravillosa.com\/5-razones-por-las-que-tienes-ataques-de-panico\/\" target=\"_blank\" rel=\"noreferrer noopener\">La Mente Maravillosa<\/a><\/p>\n","protected":false},"excerpt":{"rendered":"<p>Aunque a menudo se diga que el s\u00edndrome del hermano mediano es poco m\u00e1s que un mito, muchas personas se identifican con esos efectos asociados al orden del nacimiento. En el siguiente art\u00edculo, te explicamos m\u00e1s sobre este tema. El s\u00edndrome del hijo medio es para algunos poco m\u00e1s que una leyenda urbana; para otros, [&hellip;]<\/p>\n","protected":false},"author":1,"featured_media":1066,"comment_status":"open","ping_status":"open","sticky":false,"template":"","format":"standard","meta":{"_crdt_document":"","footnotes":""},"categories":[30],"tags":[],"class_list":["post-1065","post","type-post","status-publish","format-standard","has-post-thumbnail","hentry","category-noticias"],"_links":{"self":[{"href":"https:\/\/fundinah.org\/index.php\/wp-json\/wp\/v2\/posts\/1065","targetHints":{"allow":["GET"]}}],"collection":[{"href":"https:\/\/fundinah.org\/index.php\/wp-json\/wp\/v2\/posts"}],"about":[{"href":"https:\/\/fundinah.org\/index.php\/wp-json\/wp\/v2\/types\/post"}],"author":[{"embeddable":true,"href":"https:\/\/fundinah.org\/index.php\/wp-json\/wp\/v2\/users\/1"}],"replies":[{"embeddable":true,"href":"https:\/\/fundinah.org\/index.php\/wp-json\/wp\/v2\/comments?post=1065"}],"version-history":[{"count":2,"href":"https:\/\/fundinah.org\/index.php\/wp-json\/wp\/v2\/posts\/1065\/revisions"}],"predecessor-version":[{"id":1068,"href":"https:\/\/fundinah.org\/index.php\/wp-json\/wp\/v2\/posts\/1065\/revisions\/1068"}],"wp:featuredmedia":[{"embeddable":true,"href":"https:\/\/fundinah.org\/index.php\/wp-json\/wp\/v2\/media\/1066"}],"wp:attachment":[{"href":"https:\/\/fundinah.org\/index.php\/wp-json\/wp\/v2\/media?parent=1065"}],"wp:term":[{"taxonomy":"category","embeddable":true,"href":"https:\/\/fundinah.org\/index.php\/wp-json\/wp\/v2\/categories?post=1065"},{"taxonomy":"post_tag","embeddable":true,"href":"https:\/\/fundinah.org\/index.php\/wp-json\/wp\/v2\/tags?post=1065"}],"curies":[{"name":"wp","href":"https:\/\/api.w.org\/{rel}","templated":true}]}}