{"id":1062,"date":"2023-06-12T16:58:20","date_gmt":"2023-06-12T20:58:20","guid":{"rendered":"https:\/\/fundinah.org\/?p=1062"},"modified":"2023-06-12T16:59:35","modified_gmt":"2023-06-12T20:59:35","slug":"5-razones-por-las-que-tienes-ataques-de-panico","status":"publish","type":"post","link":"https:\/\/fundinah.org\/index.php\/2023\/06\/12\/5-razones-por-las-que-tienes-ataques-de-panico\/","title":{"rendered":"5 razones por las que tienes ataques de p\u00e1nico"},"content":{"rendered":"\n<h4 class=\"wp-block-heading\">Los ataques de p\u00e1nico pueden aparecer en los instantes m\u00e1s insospechados: mientras trabajas o cuando est\u00e1s en casa sentado en el sof\u00e1. \u00bfA qu\u00e9 se deben estas experiencias tan desagradables? Lo detallamos en el siguiente art\u00edculo.<\/h4>\n\n\n\n<figure class=\"wp-block-image\"><img decoding=\"async\" src=\"https:\/\/lamenteesmaravillosa.com\/wp-content\/uploads\/2023\/05\/chico-que-sufre-ataque-de-panico-470x313.jpg?auto=webp&amp;quality=45&amp;width=1920&amp;crop=16:9,smart,safe\" alt=\"5 razones por las que tienes ataques de p\u00e1nico\" title=\"\"\/><\/figure>\n\n\n\n<p class=\"wp-block-paragraph\">Inesperados, abrumadores y hasta terror\u00edficos.&nbsp;<strong>Quiz\u00e1s en alg\u00fan momento te has preguntado por qu\u00e9 tienes ataques de p\u00e1nico<\/strong>. Esa sensaci\u00f3n s\u00fabita de que te falta el aire, de que el coraz\u00f3n te va a mil revoluciones y el miedo atenaza cada fibra de tu mente y cuerpo, es algo muy desagradable. Todo escapa a tu control. Y si hay un aspecto que genera a\u00fan m\u00e1s pavor, es la repetici\u00f3n de estas sensaciones.<\/p>\n\n\n\n<p class=\"wp-block-paragraph\">Lo esencial a saber es que estas experiencias son m\u00e1s comunes de lo que crees. Por ejemplo, el&nbsp;<em><a href=\"https:\/\/www.sciencedirect.com\/science\/article\/abs\/pii\/S0165032717321754\" target=\"_blank\" rel=\"noreferrer noopener\">Journal of Affective Disorders<\/a>&nbsp;<\/em>se\u00f1ala que, en Espa\u00f1a, el 9,5 % de la poblaci\u00f3n de entre 30 y 49 a\u00f1os las sufre. No es, por tanto, algo inusual; por ello, conocer las causas es de ayuda. Indaguemos m\u00e1s.<\/p>\n\n\n\n<blockquote class=\"wp-block-quote is-layout-flow wp-block-quote-is-layout-flow\">\n<p class=\"wp-block-paragraph\">Los s\u00edntomas de un ataque de p\u00e1nico pueden confundirse a menudo con los signos previos a un ataque de miocardio. Tambi\u00e9n con un problema respiratorio.<\/p>\n<\/blockquote>\n\n\n\n<h2 class=\"wp-block-heading\">\u00bfQu\u00e9 es un ataque de p\u00e1nico y c\u00f3mo se manifiesta?<\/h2>\n\n\n\n<p class=\"wp-block-paragraph\"><strong>Un ataque de p\u00e1nico es como un\u00a0<em>tsunami<\/em>: una experiencia de miedo desmedido, profundo y desesperante, sin que exista un desencadenante real<\/strong>. Son vivencias, adem\u00e1s, que se acompa\u00f1an de una intensa sintomatolog\u00eda fisiol\u00f3gica. Tal es as\u00ed que muchas personas acuden a urgencias pensando que est\u00e1n a punto de sufrir un infarto card\u00edaco. El dolor f\u00edsico es real; tanto como la propia turbaci\u00f3n emocional.<\/p>\n\n\n\n<p class=\"wp-block-paragraph\">Por otro lado, a la hora de diagnosticar estas condiciones, solemos recurrir al&nbsp;<em>Manual diagn\u00f3stico y estad\u00edstico de los trastornos mentales,<\/em>&nbsp;(DSM-5). Lo primero que se nos dice es que&nbsp;<strong>son oleadas de&nbsp;<a href=\"https:\/\/lamenteesmaravillosa.com\/7-diferencias-entre-el-miedo-funcional-y-el-patologico\/\">miedo<\/a>&nbsp;y malestar intenso que duran solo unos minutos<\/strong>. Nunca m\u00e1s de 10. Resultan, por tanto, episodios breves, pero no por ello menos desconcertantes. \u00bfC\u00f3mo se manifiestan? Veamos, a continuaci\u00f3n.<\/p>\n\n\n\n<h3 class=\"wp-block-heading\">S\u00edntomas de un ataque de p\u00e1nico<\/h3>\n\n\n\n<p class=\"wp-block-paragraph\">El primer ataque de p\u00e1nico nunca se olvida. Podr\u00edamos decir que, dentro de las experiencias en el campo de la psiquiatr\u00eda, es una de las m\u00e1s&nbsp;<a href=\"https:\/\/lamenteesmaravillosa.com\/tecnica-pendulacion-manejar-angustia\/\">angustiosas<\/a>&nbsp;que alguien puede sufrir.&nbsp;<strong>La percepci\u00f3n de que se est\u00e1 a punto de morir es muy frecuente.&nbsp;<\/strong>Destaquemos, no obstante, en qu\u00e9 consiste la sintomatolog\u00eda.<\/p>\n\n\n\n<h3 class=\"wp-block-heading\">S\u00edntomas f\u00edsicos<\/h3>\n\n\n\n<ul class=\"wp-block-list\">\n<li>Mareos.<\/li>\n\n\n\n<li>Temblores.<\/li>\n\n\n\n<li>Taquicardias.<\/li>\n\n\n\n<li>Dolor tor\u00e1cico.<\/li>\n\n\n\n<li><strong>Sensaci\u00f3n de asfixia.<\/strong><\/li>\n\n\n\n<li>N\u00e1useas, malestar estomacal.<\/li>\n\n\n\n<li>Parestesias (hormigueo corporal).<\/li>\n\n\n\n<li>Escalofr\u00edos y sudoraci\u00f3n al mismo tiempo.<\/li>\n\n\n\n<li><\/li>\n<\/ul>\n\n\n\n<h3 class=\"wp-block-heading\">S\u00edntomas emocionales y cognitivos<\/h3>\n\n\n\n<ul class=\"wp-block-list\">\n<li><strong>Miedo desmesurado e irracional.<\/strong><\/li>\n\n\n\n<li>Sensaci\u00f3n de que se est\u00e1 a punto de morir.<\/li>\n\n\n\n<li>Despersonalizaci\u00f3n (desapego de uno mismo).<\/li>\n\n\n\n<li><strong>Percepci\u00f3n de que uno se est\u00e1 \u00ab<a href=\"https:\/\/lamenteesmaravillosa.com\/miedo-a-volverse-loco-una-realidad-muy-comun\/\">volviendo loco<\/a>\u00bb.<\/strong><\/li>\n\n\n\n<li>Desrealizaci\u00f3n (sensaci\u00f3n de que todo lo que nos envuelve no es real).<\/li>\n<\/ul>\n\n\n\n<p class=\"wp-block-paragraph\">Cabe se\u00f1alar que, de momento, no se encuentra un v\u00ednculo directo entre los ataques de p\u00e1nico y las enfermedades card\u00edacas. Metaan\u00e1lisis como los publicados en&nbsp;<em><a href=\"https:\/\/www.ncbi.nlm.nih.gov\/pmc\/articles\/PMC4376084\/\" target=\"_blank\" rel=\"noreferrer noopener\">Systematic Reviews<\/a>&nbsp;<\/em>rese\u00f1an que dicho v\u00ednculo es muy tenue. Aunque lo creamos, esto rara vez sucede.<\/p>\n\n\n\n<p class=\"wp-block-paragraph\">No obstante,\u00a0<strong>quien ha sufrido un primer ataque de p\u00e1nico retroalimenta a\u00fan m\u00e1s su miedo ante la posibilidad de que dicha experiencia se repita<\/strong>. Es as\u00ed como se inicia y refuerza el ciclo de estas vivencias.<\/p>\n\n\n\n<blockquote class=\"wp-block-quote is-layout-flow wp-block-quote-is-layout-flow\">\n<p class=\"wp-block-paragraph\">Detr\u00e1s de los ataques de miedo desmedido tal vez exista cierta predisposici\u00f3n biol\u00f3gica y gen\u00e9tica; es m\u00e1s, sabemos que las mujeres suelen experimentarlos con mayor frecuencia.<\/p>\n<\/blockquote>\n\n\n\n<h2 class=\"wp-block-heading\">Razones por las que tienes ataques de p\u00e1nico<\/h2>\n\n\n\n<p class=\"wp-block-paragraph\">Si te has preguntado en alg\u00fan momento por qu\u00e9 tienes ataque de p\u00e1nico, debes entender que la raz\u00f3n no est\u00e1 en factores como la debilidad o la incompetencia emocional. No te sanciones o te autocastigues por ello: todos podemos experimentarlos. Hay variables que elevan el riesgo de que los padezcas y, saberlo, es conveniente. Profundicemos en los motivos, enseguida.<\/p>\n\n\n\n<h3 class=\"wp-block-heading\">1. Causas biol\u00f3gicas y gen\u00e9ticas<\/h3>\n\n\n\n<p class=\"wp-block-paragraph\">Si bien es posible que cada uno de nosotros viva un ataque de p\u00e1nico en alg\u00fan momento, hay quien lidia con ellos de forma frecuente. La causa de esta realidad cl\u00ednica tan limitante estar\u00eda en factores gen\u00e9ticos. Trabajos como los compartidos por&nbsp;<em><a href=\"https:\/\/academic.oup.com\/hmg\/article\/8\/4\/621\/2896777\" target=\"_blank\" rel=\"noreferrer noopener\">Human Molecular Genetics<\/a>&nbsp;<\/em>destacan que<strong>&nbsp;es visible un exceso de alelos en el gen de la monoaminooxidasa A en mujeres.<\/strong><\/p>\n\n\n\n<p class=\"wp-block-paragraph\">Los ataques de p\u00e1nico son, por t\u00e9rmino medio, m\u00e1s frecuentes en el g\u00e9nero femenino, y esta particularidad gen\u00e9tica incrementa el riesgo de su aparici\u00f3n.<\/p>\n\n\n\n<h3 class=\"wp-block-heading\">2. Alteraciones funcionales en la am\u00edgdala cerebral<\/h3>\n\n\n\n<p class=\"wp-block-paragraph\">Si te preguntas por qu\u00e9 tienes estos ataques, el motivo estar\u00eda en tu&nbsp;<a href=\"https:\/\/lamenteesmaravillosa.com\/estrategias-regular-actividad-amigdala-vivir-mejor\/\">am\u00edgdala<\/a>&nbsp;cerebral. Este centro neur\u00e1lgico para el procesamiento emocional podr\u00eda presentar ciertas particularidades que incrementan el riesgo de que padezcas, en mayor grado, estas experiencias.<\/p>\n\n\n\n<p class=\"wp-block-paragraph\">An\u00e1lisis como los desarrollados en la&nbsp;<a href=\"https:\/\/www.ncbi.nlm.nih.gov\/pmc\/articles\/PMC3598964\/\" target=\"_blank\" rel=\"noreferrer noopener\">Universidad Ewha Womans<\/a>, en Corea del Sur, resaltan que<strong>&nbsp;la am\u00edgdala, el centro de las redes de procesamiento del miedo, tendr\u00eda v\u00ednculos tanto con los ataques de p\u00e1nico como con su versi\u00f3n cr\u00f3nica<\/strong>: el trastorno de p\u00e1nico.<\/p>\n\n\n\n<p class=\"wp-block-paragraph\"><strong>Lo que ocasiona esta regi\u00f3n cerebral es situarnos siempre en un estado constante de \u00abalarma\u00bb.<\/strong>\u00a0Esa hiperactivaci\u00f3n nos encapsula en una percepci\u00f3n de temor persistente y de que algo muy malo suceder\u00e1.<\/p>\n\n\n\n<blockquote class=\"wp-block-quote is-layout-flow wp-block-quote-is-layout-flow\">\n<p class=\"wp-block-paragraph\">Durante los episodios de p\u00e1nico, el c\u00f3rtex prefrontal, asociado a la l\u00f3gica y el razonamiento se desconecta y ofrece mayor poder al cuerpo amigdalino, ligado al procesamiento emocional como el miedo.<\/p>\n<\/blockquote>\n\n\n\n<h3 class=\"wp-block-heading\">3. Estr\u00e9s cr\u00f3nico o presi\u00f3n continuada<\/h3>\n\n\n\n<p class=\"wp-block-paragraph\">Aunque el estr\u00e9s es un mecanismo natural que nos permite afrontar desaf\u00edos y amenazas puntuales, en ocasiones, escapa a nuestro control.&nbsp;<strong>Cuando las situaciones estresantes y la presi\u00f3n se alargan en el tiempo y las demandas superan a nuestros recursos psicol\u00f3gicos, aparecen los ataques.<\/strong><\/p>\n\n\n\n<p class=\"wp-block-paragraph\">El organismo y el cerebro evidencian en esas situaciones un nivel muy elevado de&nbsp;<a href=\"https:\/\/lamenteesmaravillosa.com\/como-bajar-niveles-cortisol-formas\/\">cortisol<\/a>, norepinefrina y adrenalina. Toda esa tensi\u00f3n acumulada \u00abestalla\u00bb en cualquier momento. Asimismo, sabemos que hay personas con una menor resistencia al estr\u00e9s; bien por factores neurobiol\u00f3gicos o por unas estrategias de afrontamiento inadecuadas. Esto potencia la aparici\u00f3n de los ataques.<\/p>\n\n\n\n<h3 class=\"wp-block-heading\">4. Cuando el miedo agobia: los desaf\u00edos de la vida<\/h3>\n\n\n\n<p class=\"wp-block-paragraph\">Los ataques en cuesti\u00f3n surgen solos o son com\u00f3rbidos con otros trastornos como la ansiedad o los traumas.\u00a0<strong>La vida nos sit\u00faa en circunstancias dif\u00edciles que no siempre sabemos manejar y que se acompa\u00f1an de una sensaci\u00f3n persistente de miedo.\u00a0<\/strong>Veamos algunos ejemplos:<\/p>\n\n\n\n<ul class=\"wp-block-list\">\n<li>Afrontar una p\u00e9rdida.<\/li>\n\n\n\n<li>Tener a un ser querido enfermo.<\/li>\n\n\n\n<li><strong>Lidiar con un&nbsp;<a href=\"https:\/\/lamenteesmaravillosa.com\/las-mejores-terapias-para-tratar-los-traumas\/\">trauma psicol\u00f3gico<\/a>.<\/strong><\/li>\n\n\n\n<li>Perder el empleo y enfrentar problemas econ\u00f3micos.<\/li>\n\n\n\n<li>Padecer&nbsp;<a href=\"https:\/\/lamenteesmaravillosa.com\/fobias-comunes-existen\/\">fobias<\/a>, como, por ejemplo, hablar en p\u00fablico.<\/li>\n\n\n\n<li>Confrontar a cambios vitales muy intensos, como una ruptura de pareja.<\/li>\n<\/ul>\n\n\n\n<h3 class=\"wp-block-heading\">5. Otras causas por las que tienes ataques de p\u00e1nico<\/h3>\n\n\n\n<p class=\"wp-block-paragraph\">Este dato puede llamarnos la atenci\u00f3n, sin embargo, la ciencia lleva d\u00e9cadas advirtiendo sobre tal factor:<strong>&nbsp;el tabaco eleva el riesgo de padecer ataques de p\u00e1nico<\/strong>.<\/p>\n\n\n\n<p class=\"wp-block-paragraph\">Un estudio publicado en\u00a0<em><a rel=\"noreferrer noopener\" href=\"https:\/\/jamanetwork.com\/journals\/jamapsychiatry\/fullarticle\/207565\" target=\"_blank\">Archives of General Psychiatry<\/a>\u00a0<\/em>enfatiza este punto. De alg\u00fan modo, se pone una vez m\u00e1s en relevancia c\u00f3mo el tabaquismo incide en la aparici\u00f3n de ciertos trastornos psicol\u00f3gicos, como es el caso tambi\u00e9n de la ansiedad. Por otro lado, no se puede omitir que el consumo de ciertas drogas psicoactivas deriva con frecuencia en estas experiencias.<\/p>\n\n\n\n<blockquote class=\"wp-block-quote is-layout-flow wp-block-quote-is-layout-flow\">\n<p class=\"wp-block-paragraph\">Todos podemos tener estos ataques. Sufrir uno es solo un toque de atenci\u00f3n ante un hecho que debemos atender. En caso de experimentar estos eventos m\u00e1s veces y ver c\u00f3mo se altera nuestra calidad de vida, ya es necesario solicitar ayuda especializada.<\/p>\n<\/blockquote>\n\n\n\n<h2 class=\"wp-block-heading\">\u00bfQu\u00e9 hacer cuando tengo ataques de p\u00e1nico?<\/h2>\n\n\n\n<p class=\"wp-block-paragraph\">Un ataque de p\u00e1nico es un s\u00edntoma subyacente de una realidad emocional que debemos atender; es un toque de atenci\u00f3n. Si lo experimentamos una vez y tenemos clara la causa, es necesario abordarla.<\/p>\n\n\n\n<p class=\"wp-block-paragraph\">Ahora bien,<strong>&nbsp;en caso de no comprender qu\u00e9 nos sucede y vivir m\u00e1s de un ataque de p\u00e1nico en un mes, es necesario buscar ayuda especializada.&nbsp;<\/strong>Las siguientes son algunas pautas que contribuyen.<\/p>\n\n\n\n<h3 class=\"wp-block-heading\">Consejos para manejar un ataque de p\u00e1nico<\/h3>\n\n\n\n<p class=\"wp-block-paragraph\"><strong>Cuando se desencadene el ataque de p\u00e1nico en tu cuerpo y en tu mente, no luches y ten presente que no ocurrir\u00e1 nada malo.<\/strong>\u00a0No vas a morir; tu coraz\u00f3n est\u00e1 bien. Comprende que es una reacci\u00f3n psicofisiol\u00f3gica ante una experiencia de estr\u00e9s o angustia mantenida en el tiempo. Es como una explosi\u00f3n de s\u00edntomas ante el miedo no regulado. \u00bfQu\u00e9 hacer? Toma nota:<\/p>\n\n\n\n<ul class=\"wp-block-list\">\n<li>Repite para ti mismo que est\u00e1s a salvo.<\/li>\n\n\n\n<li>Visualiza im\u00e1genes relajantes y positivas.<\/li>\n\n\n\n<li>Qu\u00e9date donde est\u00e1s y toma&nbsp;<a href=\"https:\/\/lamenteesmaravillosa.com\/los-efectos-de-la-respiracion-en-nuestro-cerebro\/\">respiraciones<\/a>&nbsp;lentas y profundas.<\/li>\n\n\n\n<li>Debes decirte a ti mismo que esa experiencia terminar\u00e1 pronto.<\/li>\n<\/ul>\n\n\n\n<h2 class=\"wp-block-heading\">Consejos para prevenir los ataques de p\u00e1nico<\/h2>\n\n\n\n<p class=\"wp-block-paragraph\">Para prevenir los ataques de p\u00e1nico debes conocer la ra\u00edz de su aparici\u00f3n. Si est\u00e1s lidiando con un momento complejo, pide apoyo o resp\u00e1ldate en tu c\u00edrculo cercano. Asimismo, te ser\u00e1n de ayuda estrategias como las que ahora listamos:<\/p>\n\n\n\n<ul class=\"wp-block-list\">\n<li>Practica el yoga o el&nbsp;<em>mindfulness<\/em>.<\/li>\n\n\n\n<li>Ap\u00f3yate en las personas que te quieren.<\/li>\n\n\n\n<li>Aprende recursos para solucionar problemas.<\/li>\n\n\n\n<li><strong>In\u00edciate en la&nbsp;<a href=\"https:\/\/lamenteesmaravillosa.com\/relajacion-muscular-progresiva-de-jacobson\/\">relajaci\u00f3n muscular progresiva<\/a>.<\/strong><\/li>\n\n\n\n<li>Aprende t\u00e9cnicas de relajaci\u00f3n y respiraci\u00f3n profunda.<\/li>\n\n\n\n<li>Introduce t\u00e9cnicas para regular el estr\u00e9s y las emociones.<\/li>\n\n\n\n<li>Mejora tus h\u00e1bitos de vida: evita el alcohol, haz ejercicio, duerme bien.<\/li>\n\n\n\n<li><\/li>\n<\/ul>\n\n\n\n<p class=\"wp-block-paragraph\">Por \u00faltimo,&nbsp;<strong>ten presente que enfoques como la&nbsp;<a href=\"https:\/\/lamenteesmaravillosa.com\/terapia-breve-estrategica-para-los-ataques-de-panico\/\">terapia breve estrat\u00e9gica<\/a>&nbsp;resultan efectivos para abordar los ataques o los trastornos de p\u00e1nico.<\/strong>&nbsp;No dudes en dar el paso para recuperar el control de tu vida y alcanzar el bienestar que mereces.<\/p>\n\n\n\n<p class=\"wp-block-paragraph\"><span style=\"text-decoration: underline;\">Fuente: <\/span><a href=\"https:\/\/lamenteesmaravillosa.com\/5-razones-por-las-que-tienes-ataques-de-panico\/\" target=\"_blank\" rel=\"noreferrer noopener\">La Mente Maravillosa<\/a><\/p>\n","protected":false},"excerpt":{"rendered":"<p>Los ataques de p\u00e1nico pueden aparecer en los instantes m\u00e1s insospechados: mientras trabajas o cuando est\u00e1s en casa sentado en el sof\u00e1. \u00bfA qu\u00e9 se deben estas experiencias tan desagradables? Lo detallamos en el siguiente art\u00edculo. Inesperados, abrumadores y hasta terror\u00edficos.&nbsp;Quiz\u00e1s en alg\u00fan momento te has preguntado por qu\u00e9 tienes ataques de p\u00e1nico. Esa sensaci\u00f3n [&hellip;]<\/p>\n","protected":false},"author":1,"featured_media":1063,"comment_status":"open","ping_status":"open","sticky":false,"template":"","format":"standard","meta":{"_crdt_document":"","footnotes":""},"categories":[30],"tags":[],"class_list":["post-1062","post","type-post","status-publish","format-standard","has-post-thumbnail","hentry","category-noticias"],"_links":{"self":[{"href":"https:\/\/fundinah.org\/index.php\/wp-json\/wp\/v2\/posts\/1062","targetHints":{"allow":["GET"]}}],"collection":[{"href":"https:\/\/fundinah.org\/index.php\/wp-json\/wp\/v2\/posts"}],"about":[{"href":"https:\/\/fundinah.org\/index.php\/wp-json\/wp\/v2\/types\/post"}],"author":[{"embeddable":true,"href":"https:\/\/fundinah.org\/index.php\/wp-json\/wp\/v2\/users\/1"}],"replies":[{"embeddable":true,"href":"https:\/\/fundinah.org\/index.php\/wp-json\/wp\/v2\/comments?post=1062"}],"version-history":[{"count":1,"href":"https:\/\/fundinah.org\/index.php\/wp-json\/wp\/v2\/posts\/1062\/revisions"}],"predecessor-version":[{"id":1064,"href":"https:\/\/fundinah.org\/index.php\/wp-json\/wp\/v2\/posts\/1062\/revisions\/1064"}],"wp:featuredmedia":[{"embeddable":true,"href":"https:\/\/fundinah.org\/index.php\/wp-json\/wp\/v2\/media\/1063"}],"wp:attachment":[{"href":"https:\/\/fundinah.org\/index.php\/wp-json\/wp\/v2\/media?parent=1062"}],"wp:term":[{"taxonomy":"category","embeddable":true,"href":"https:\/\/fundinah.org\/index.php\/wp-json\/wp\/v2\/categories?post=1062"},{"taxonomy":"post_tag","embeddable":true,"href":"https:\/\/fundinah.org\/index.php\/wp-json\/wp\/v2\/tags?post=1062"}],"curies":[{"name":"wp","href":"https:\/\/api.w.org\/{rel}","templated":true}]}}